{"id":265858,"date":"2025-12-18T01:43:18","date_gmt":"2025-12-18T01:43:18","guid":{"rendered":"https:\/\/www.europesays.com\/it\/265858\/"},"modified":"2025-12-18T01:43:18","modified_gmt":"2025-12-18T01:43:18","slug":"mekies-non-aver-fermato-lo-sviluppo-forse-avra-un-costo-nel-2026","status":"publish","type":"post","link":"https:\/\/www.europesays.com\/it\/265858\/","title":{"rendered":"Mekies: &#8220;Non aver fermato lo sviluppo, forse avr\u00e0 un costo nel 2026&#8221;"},"content":{"rendered":"<p>Laurent\u00a0Mekies\u00a0sul palco dei Caschi d\u2019Oro\u00a0\u00e8 stato indicato da Andrea Stella come il personaggio che ha reso difficile il finale di stagione\u00a0della McLaren. Se il titolo Costruttori era in banca, non si poteva dire altrettanto per quello piloti, con Max Verstappen che ha contrastato l\u2019alloro iridato a Lando Norris fino all\u2019ultimo GP.\u00a0<br \/>Il team\u00a0principal\u00a0di Red Bull Racing, infatti, non ha rimpianti e, anzi, ci tiene a mettere in evidenza la strepitosa rimonta che ha portato l\u2019olandese a sfiorare il quinto titolo iridato&#8230;\u00a0<\/p>\n<p>&#8220;Dopo la delusione della sera\u00a0di Abu Dhabi per aver perso\u00a0di due punti,\u00a0per noi\u00a0sarebbe sbagliato non guardare al lavoro incredibile che\u00a0Max\u00a0ha fatto con la squadra\u00a0nella seconda parte dell&#8217;anno\u201d.\u00a0<\/p>\n<p>\u201cCredo che\u00a0a dispetto dei\u00a0due punti che ci\u00a0sono\u00a0mancati,\u00a0sia\u00a0storico il modo con\u00a0il\u00a0quale la squadra non ha voluto mollare\u00a0la sfida iridata in\u00a0questa\u00a0combattutissima\u00a0stagione 2025: non arrendersi mai\u00a0\u00e8\u00a0una caratteristica\u00a0Red Bull\u201d.\u00a0\u00a0<\/p>\n<p>\u201cAbbiamo cercato di\u00a0capire\u00a0fino in fondo la macchina, non abbiamo voluto fermare\u00a0gli\u00a0sviluppi,\u00a0e tutto questo,\u00a0forse,\u00a0avr\u00e0 un costo l&#8217;anno prossimo, ma per noi\u00a0era importante\u00a0andare\u00a0alla ricerca del\u00a0limite della vettura\u201d.\u00a0<\/p>\n<p>\u201cFaccio i complimenti\u00a0alle 2.000 persone\u00a0di\u00a0Milton Keynes che non hanno voluto mollare, poi\u00a0riconosco che\u00a0Andrea\u00a0(Stella)\u00a0e la sua squadra sono stati\u00a0pi\u00f9\u00a0bravi e ci hanno coinvolto in\u00a0una bellissima battaglia fino alla fine\u201d.\u00a0\u00a0<\/p>\n<p>   <img decoding=\"async\" draggable=\"false\" src=\"https:\/\/www.europesays.com\/it\/wp-content\/uploads\/2025\/12\/laurent-mekies-team-principal-.jpg\" alt=\"Laurent Mekies, Team Principal Red Bull Racing  con il Casco d'Oro d'Autosprint\" width=\"1200\" height=\"800\" loading=\"lazy\"\/> <\/p>\n<p class=\"title\">Laurent Mekies, Team Principal Red Bull Racing con il Casco d&#8217;Oro d&#8217;Autosprint<\/p>\n<p class=\"photographer\">Foto di: Mimmo Fuggiano\/Autosprint<\/p>\n<p><strong>Cosa ti ha colpito arrivando in Red Bull Racing, dopo aver vissuto altre esperienze importanti come quella in Ferrari?\u00a0<\/strong><br \/>&#8220;\u00c8\u00a0stato\u00a0un privilegio incredibile passare da una famiglia straordinaria come \u00e8 stata\u00a0per me\u00a0la\u00a0Ferrari, a un&#8217;altra famiglia\u00a0incredibile\u00a0come\u00a0la\u00a0Red Bull. Forse la cosa pi\u00f9\u00a0sensazionale di\u00a0questo team\u00a0\u00e8 la\u00a0capacit\u00e0 di prendere dei\u00a0rischi\u00a0per\u00a0spingere tutto al limite\u201d.\u00a0<\/p>\n<p>\u201cE si tratta di scelte che\u00a0non\u00a0sono\u00a0mai gratuite:\u00a0\u00e8\u00a0facile\u00a0dire prendo dei rischi,\u00a0ma\u00a0poi\u00a0succede che ti fai del\u00a0male. E posso dire che\u00a0ci siamo fatti male tante volte quest&#8217;anno\u00a0anche nella seconda\u00a0parte del campionato che \u00e8 stato in rimonta. Posson ricordare\u00a0Budapest,\u00a0Zandvoort\u00a0o\u00a0il sabato\u00a0del\u00a0Brasile. Ma tutto questo fa parte del modo in cui ci piace\u00a0andare a\u00a0disputare le gare. \u00c8\u00a0una cosa\u00a0che ci spinge a essere\u00a0appassionati di\u00a0quel bellissimo sport, che ci fa svegliare\u00a0al\u00a0mattino per lanciare una nuova sfida\u201d.\u00a0<\/p>\n<p>   <img decoding=\"async\" draggable=\"false\" src=\"https:\/\/www.europesays.com\/it\/wp-content\/uploads\/2025\/12\/1766022198_462_max-verstappen-red-bull-racing.jpg\" alt=\"Max Verstappen, Red Bull Racing\" width=\"1200\" height=\"800\" loading=\"lazy\"\/> <\/p>\n<p class=\"title\">Max Verstappen, Red Bull Racing<\/p>\n<p class=\"photographer\">Foto di: Erik Junius<\/p>\n<p><strong>In tutto questo non si pu\u00f2 dimenticare il valore di Super Max. Che effetto fa lavorare al suo fianco?\u00a0<\/strong><br \/>\u201cMax \u00e8 pi\u00f9 straordinario fuori dalla macchina che dentro. Ormai lo conosciamo tutti quando \u00e8 nell\u2019abitacolo, sappiamo quanto sia competitivo sempre,\u00a0ma\u00a0devo dire che\u00a0fuori dalla\u00a0vettura\u00a0\u00e8 ancora pi\u00f9 incredibile. Verstappen\u00a0\u00e8 uno che non smette mai di vivere per questo\u00a0sport:\u00a0lo chiami\u00a0al\u00a0luned\u00ec mattina dopo\u00a0il GP\u00a0per chiedergli se \u00e8 tornato\u00a0bene\u00a0a casa, se \u00e8 tutto a posto in\u00a0famiglia\u00a0e\u00a0lui\u00a0risponde:\u00a0sto finendo una gara al simulatore,\u00a0ti richiamo dopo\u201d.\u00a0\u00a0<\/p>\n<p><strong>Oppure \u00e8 a guidare un\u2019altra macchina&#8230;\u00a0\u00a0<\/strong><br \/>&#8220;Se\u00a0gli lasci un\u00a0weekend\u00a0libero, lo ritrovi a girare da qualcuna parte con qualsiasi tipo di macchina. Max\u00a0\u00e8 profondamente appassionato del nostro sport, forse pi\u00f9 di tanti di noi\u00a0e rappresenta\u00a0un esempio bellissimo di quello che ci\u00a0fa\u00a0amare questo\u00a0sport. Nonostante la\u00a0sua\u00a0fama rimane attaccato all\u2019aspetto\u00a0pi\u00f9\u00a0puro dello sport\u201d.\u00a0<\/p>\n<p>            Vogliamo la vostra opinione!<\/p>\n<p class=\"mt-auto\">Cosa vorresti vedere su Motorsport.com?<\/p>\n<p>            <a href=\"#\" class=\"ms-link text-link font-bold\">Partecipate al nostro sondaggio di 5 minuti.<\/a><\/p>\n<p class=\"mt-1 text-body\">&#8211; Il team di Motorsport.com<\/p>\n","protected":false},"excerpt":{"rendered":"Laurent\u00a0Mekies\u00a0sul palco dei Caschi d\u2019Oro\u00a0\u00e8 stato indicato da Andrea Stella come il personaggio che ha reso difficile il&hellip;\n","protected":false},"author":3,"featured_media":265859,"comment_status":"","ping_status":"","sticky":false,"template":"","format":"standard","meta":{"footnotes":""},"categories":[176],"tags":[143014,156238,683,156239,1537,90,89,2363,3006,245,244,148648],"class_list":{"0":"post-265858","1":"post","2":"type-post","3":"status-publish","4":"format-standard","5":"has-post-thumbnail","7":"category-sport","8":"tag-abu-dhabi-yas-marina-circuit","9":"tag-f1-mekies-non-aver-fermato-lo-sviluppo","10":"tag-formula-1","11":"tag-forse-avru00e0-un-costo-nel-2026","12":"tag-it","13":"tag-italia","14":"tag-italy","15":"tag-max-verstappen","16":"tag-red-bull-racing","17":"tag-sport","18":"tag-sports","19":"tag-test-abu-dhabi"},"share_on_mastodon":{"url":"https:\/\/pubeurope.com\/@it\/115738038272664642","error":""},"_links":{"self":[{"href":"https:\/\/www.europesays.com\/it\/wp-json\/wp\/v2\/posts\/265858","targetHints":{"allow":["GET"]}}],"collection":[{"href":"https:\/\/www.europesays.com\/it\/wp-json\/wp\/v2\/posts"}],"about":[{"href":"https:\/\/www.europesays.com\/it\/wp-json\/wp\/v2\/types\/post"}],"author":[{"embeddable":true,"href":"https:\/\/www.europesays.com\/it\/wp-json\/wp\/v2\/users\/3"}],"replies":[{"embeddable":true,"href":"https:\/\/www.europesays.com\/it\/wp-json\/wp\/v2\/comments?post=265858"}],"version-history":[{"count":0,"href":"https:\/\/www.europesays.com\/it\/wp-json\/wp\/v2\/posts\/265858\/revisions"}],"wp:featuredmedia":[{"embeddable":true,"href":"https:\/\/www.europesays.com\/it\/wp-json\/wp\/v2\/media\/265859"}],"wp:attachment":[{"href":"https:\/\/www.europesays.com\/it\/wp-json\/wp\/v2\/media?parent=265858"}],"wp:term":[{"taxonomy":"category","embeddable":true,"href":"https:\/\/www.europesays.com\/it\/wp-json\/wp\/v2\/categories?post=265858"},{"taxonomy":"post_tag","embeddable":true,"href":"https:\/\/www.europesays.com\/it\/wp-json\/wp\/v2\/tags?post=265858"}],"curies":[{"name":"wp","href":"https:\/\/api.w.org\/{rel}","templated":true}]}}