{"id":265860,"date":"2025-12-18T01:45:23","date_gmt":"2025-12-18T01:45:23","guid":{"rendered":"https:\/\/www.europesays.com\/it\/265860\/"},"modified":"2025-12-18T01:45:23","modified_gmt":"2025-12-18T01:45:23","slug":"miriam-dalmazio-regina-10-luca-argentero-e-raoul-bova-casual-7-giulio-scarpati-irriconoscibile-45","status":"publish","type":"post","link":"https:\/\/www.europesays.com\/it\/265860\/","title":{"rendered":"Miriam Dalmazio regina (10), Luca Argentero e Raoul Bova casual (7) Giulio Scarpati irriconoscibile (4,5)"},"content":{"rendered":"<p>La <strong><a href=\"https:\/\/www.leggo.it\/t\/rai\" rel=\"nofollow noopener\" target=\"_blank\">Rai<\/a><\/strong> \u00e8 pronta per il nuovo anno. Nella serata di ieri, marted\u00ec 16 dicembre 2025, all&#8217;Auditorium Parco della Musica di Roma, \u00e8 stato presentato il palinsesto della fiction 2026 con un evento che ha visto salire sul palco i protagonisti dei titoli della prossima stagione televisiva, che intratterr\u00e0 con tante novit\u00e0 a partire da gennaio fino alla primavera. A far chiacchierare, per\u00f2, non sono stati soltanto i titoli delle serie televisive, ma anche gli outfit con cui i diversi attori &#8211; tra cui <strong><a href=\"https:\/\/www.leggo.it\/t\/luca-argentero\" rel=\"nofollow noopener\" target=\"_blank\">Luca Argentero<\/a><\/strong>, <strong><a href=\"https:\/\/www.leggo.it\/t\/raoul-bova\" rel=\"nofollow noopener\" target=\"_blank\">Raoul Bova<\/a><\/strong>, <strong><a href=\"https:\/\/www.leggo.it\/t\/luisa-ranieri\" rel=\"nofollow noopener\" target=\"_blank\">Luisa Ranieri<\/a><\/strong> e <strong><a href=\"https:\/\/www.leggo.it\/t\/vanessa-scalera\" rel=\"nofollow noopener\" target=\"_blank\">Vanessa Scalera<\/a><\/strong> &#8211; hanno cavalcato il tappeto blu. <\/p>\n<p> Il cast di Doc <\/p>\n<p><img decoding=\"async\" alt=\"\" src=\"https:\/\/www.europesays.com\/it\/wp-content\/uploads\/2025\/12\/cast_doc_17101439.jpg\"\/><\/p>\n<p>Direttamente dal cast di Doc &#8211; Nelle tue mani, di cui si sta attendendo la quarta stagione, <strong>Luca Argentero<\/strong>, Matilde Gioli e Giacomo Giorgio hanno sfilato con dei look total black. O quasi perch\u00e9 Argentero, nonch\u00e9 protagonista della serie televisiva, ha scelto di indossare un outfit casual: dei pantaloni grigi, abbinati a un maglione a collo alto nero e a un giubbino dello stesso colore. A stonare, per\u00f2, sono stati i mocassini marroni. L&#8217;attore era elegante, ma forse ci si poteva aspettare di pi\u00f9. <strong>Voto: 7<\/strong>.<\/p>\n<p>Non si pu\u00f2 dire lo stesso di <strong>Giacomo Giorgio<\/strong>, che per l&#8217;occasione ha indossato un completo nero, formato da giacca, camicia e pantalone, firmato Dior. La sua presenza ha incatato i fotografi e gli altri invitati alla presentazione dei palinsesti. <strong>Voto: 9<\/strong>.<\/p>\n<p>Elegantissima anche <strong>Matilde Gioli<\/strong>. Davanti alle macchine fotografiche, ha posato con un vestito lungo nero di velluto, caratterizzato da uno scollo che le ha lasciato scoperte le scapole e le spalle. Il tutto abbinato da un trucco nude, evidenziato da un rossetto bordeaux. Semplicemente incantevole. <strong>Voto: 9<\/strong>. <\/p>\n","protected":false},"excerpt":{"rendered":"La Rai \u00e8 pronta per il nuovo anno. Nella serata di ieri, marted\u00ec 16 dicembre 2025, all&#8217;Auditorium Parco&hellip;\n","protected":false},"author":3,"featured_media":265861,"comment_status":"","ping_status":"","sticky":false,"template":"","format":"standard","meta":{"footnotes":""},"categories":[174],"tags":[203,204,1537,90,89,37324,2848,376,26061],"class_list":{"0":"post-265860","1":"post","2":"type-post","3":"status-publish","4":"format-standard","5":"has-post-thumbnail","7":"category-intrattenimento","8":"tag-entertainment","9":"tag-intrattenimento","10":"tag-it","11":"tag-italia","12":"tag-italy","13":"tag-luisa-ranieri","14":"tag-rai","15":"tag-raoul-bova","16":"tag-vanessa-scalera"},"share_on_mastodon":{"url":"https:\/\/pubeurope.com\/@it\/115738046098765070","error":""},"_links":{"self":[{"href":"https:\/\/www.europesays.com\/it\/wp-json\/wp\/v2\/posts\/265860","targetHints":{"allow":["GET"]}}],"collection":[{"href":"https:\/\/www.europesays.com\/it\/wp-json\/wp\/v2\/posts"}],"about":[{"href":"https:\/\/www.europesays.com\/it\/wp-json\/wp\/v2\/types\/post"}],"author":[{"embeddable":true,"href":"https:\/\/www.europesays.com\/it\/wp-json\/wp\/v2\/users\/3"}],"replies":[{"embeddable":true,"href":"https:\/\/www.europesays.com\/it\/wp-json\/wp\/v2\/comments?post=265860"}],"version-history":[{"count":0,"href":"https:\/\/www.europesays.com\/it\/wp-json\/wp\/v2\/posts\/265860\/revisions"}],"wp:featuredmedia":[{"embeddable":true,"href":"https:\/\/www.europesays.com\/it\/wp-json\/wp\/v2\/media\/265861"}],"wp:attachment":[{"href":"https:\/\/www.europesays.com\/it\/wp-json\/wp\/v2\/media?parent=265860"}],"wp:term":[{"taxonomy":"category","embeddable":true,"href":"https:\/\/www.europesays.com\/it\/wp-json\/wp\/v2\/categories?post=265860"},{"taxonomy":"post_tag","embeddable":true,"href":"https:\/\/www.europesays.com\/it\/wp-json\/wp\/v2\/tags?post=265860"}],"curies":[{"name":"wp","href":"https:\/\/api.w.org\/{rel}","templated":true}]}}