{"id":265878,"date":"2025-12-18T02:04:15","date_gmt":"2025-12-18T02:04:15","guid":{"rendered":"https:\/\/www.europesays.com\/it\/265878\/"},"modified":"2025-12-18T02:04:15","modified_gmt":"2025-12-18T02:04:15","slug":"patrimonio-milionario-ma-il-matrimonio-lo-pagano-i-fan-bufera-sui-me-contro-te","status":"publish","type":"post","link":"https:\/\/www.europesays.com\/it\/265878\/","title":{"rendered":"Patrimonio milionario, ma il matrimonio lo pagano i fan: bufera sui &#8220;Me contro Te&#8221;"},"content":{"rendered":"<p>Il matrimonio dei <strong>Me contro Te<\/strong> non sar\u00e0 una cerimonia tradizionale, ma un vero e proprio <strong>evento -spettacolo<\/strong> aperto al pubblico. <strong>Luigi Calagna <\/strong>e <strong>Sofia Scalia<\/strong> hanno annunciato che si sposeranno il 5 settembre 2026 con \u201cThe Wedding \u2013 Lo Show\u201d, una produzione che andr\u00e0 in scena all\u2019Arena di Milano tra musica, coreografie e pubblico pagante. Per assistere alle nozze sar\u00e0 necessario <strong>acquistare un biglietto<\/strong>, con prezzi che partono da circa 48 euro e arrivano fino a <strong>250 euro<\/strong> per le formule che includono il meet and greet.<\/p>\n<p>Social divisi: \u201cInvitati o clienti?\u201d<\/p>\n<p>L\u2019annuncio ha immediatamente <strong>acceso il dibattito<\/strong> sui social. Molti fan hanno accolto con entusiasmo l\u2019idea di partecipare a un momento cos\u00ec intimo dei loro beniamini, ma non sono mancate <strong>critiche feroci<\/strong>. Il punto centrale della polemica \u00e8 il linguaggio utilizzato, parlare di \u201cinvito\u201d quando l\u2019accesso \u00e8 subordinato al pagamento ha fatto storcere il naso a pi\u00f9 di qualcuno. Secondo i detrattori, pi\u00f9 che una festa condivisa, l\u2019evento appare come un\u2019<strong>operazione commerciale<\/strong> costruita attorno all\u2019emotivit\u00e0 del pubblico.<\/p>\n<p>L\u2019intervento di Francesca Barra<\/p>\n<p>Tra le voci pi\u00f9 critiche spicca quella della giornalista <strong>Francesca Barra<\/strong>, che sui social ha espresso forte perplessit\u00e0 sull\u2019iniziativa. Barra ha sottolineato come, soprattutto quando il pubblico di riferimento \u00e8 composto in gran parte da bambini, sia necessario prestare grande attenzione al confine tra intrattenimento e monetizzazione. Il suo messaggio \u00e8 chiaro, trasformare un matrimonio in uno show <strong>a pagamento<\/strong> rischia di confondere il concetto di partecipazione affettiva con quello <strong>di consumo<\/strong>, facendo leva sull\u2019ingenuit\u00e0 dei pi\u00f9 piccoli e sulla fiducia costruita negli anni.<\/p>\n<p>Un brand nato per i bambini diventato un impero<\/p>\n<p>Luigi e Sofia, originari di Partinico, in Sicilia, sono tra i<strong> creator<\/strong> pi\u00f9 influenti d\u2019Italia. Con oltre 7 milioni di iscritti su YouTube e milioni di follower sulle varie piattaforme social, i Me contro Te hanno costruito un brand che va ben oltre i video online; cinema, televisione, libri, merchandising e tour hanno consolidato una presenza capillare nel mondo dell\u2019intrattenimento per famiglie.<\/p>\n<p>I numeri del successo<\/p>\n<p>Il successo mediatico si riflette anche <strong>nei bilanci<\/strong>. Attraverso la Me contro Te Srl, il duo ha registrato negli ultimi esercizi ricavi prossimi ai <strong>6 milioni <\/strong>di euro, con utili superiori ai 2 milioni. Numeri che raccontano una realt\u00e0 imprenditoriale solida, lontana dall\u2019immagine dei semplici youtuber agli esordi.<\/p>\n<p>Il patrimonio immobiliare da capogiro<\/p>\n<p>A colpire maggiormente, per\u00f2, \u00e8 il fronte immobiliare. Luigi Calagna e Sofia Scalia possiedono <strong>37 immobili<\/strong> a Milano, tra cui <strong>13 appartamenti<\/strong> e diverse pertinenze situate in alcune delle zone pi\u00f9 prestigiose della citt\u00e0: CityLife, Porta Garibaldi, Corso Como e l\u2019area di Gae Aulenti. Il valore complessivo di questo patrimonio si aggira intorno ai <strong>17 milioni <\/strong>di euro, con introiti annui da affitto che sfiorano il mezzo milione di euro. Un investimento che dimostra una strategia economica <strong>ben strutturata <\/strong>e lungimirante.<\/p>\n<p>La polemica sul costo \u201cemotivo\u201d per i pi\u00f9 piccoli<\/p>\n<p>Ed \u00e8 proprio alla luce di questi numeri che la polemica sul matrimonio-show si fa pi\u00f9 accesa. Secondo i critici, il problema non \u00e8 la libert\u00e0 di fare impresa o di celebrare il proprio amore come si preferisce, ma il <strong>messaggio<\/strong> che passa. Chiedere un biglietto a un pubblico di bambini e famiglie, nonostante un patrimonio cos\u00ec rilevante, rischia di apparire <strong>sproporzionato<\/strong>.\n<\/p>\n<p> Il dibattito resta aperto e divide l\u2019opinione pubblica; da un lato chi li difende come imprenditori consapevoli, dall\u2019altro chi vede nell\u2019operazione il segnale di una trasformazione definitiva da \u201cidoli dei bambini\u201d a brand che monetizza ogni aspetto della propria immagine, anche il <strong>giorno delle nozze<\/strong>.<\/p>\n","protected":false},"excerpt":{"rendered":"Il matrimonio dei Me contro Te non sar\u00e0 una cerimonia tradizionale, ma un vero e proprio evento -spettacolo&hellip;\n","protected":false},"author":3,"featured_media":62176,"comment_status":"","ping_status":"","sticky":false,"template":"","format":"standard","meta":{"footnotes":""},"categories":[1451],"tags":[1621,1620,203,204,1537,90,89,46538],"class_list":{"0":"post-265878","1":"post","2":"type-post","3":"status-publish","4":"format-standard","5":"has-post-thumbnail","7":"category-celebrita","8":"tag-celebrita","9":"tag-celebrities","10":"tag-entertainment","11":"tag-intrattenimento","12":"tag-it","13":"tag-italia","14":"tag-italy","15":"tag-me-contro-te"},"share_on_mastodon":{"url":"https:\/\/pubeurope.com\/@it\/115738120253642265","error":""},"_links":{"self":[{"href":"https:\/\/www.europesays.com\/it\/wp-json\/wp\/v2\/posts\/265878","targetHints":{"allow":["GET"]}}],"collection":[{"href":"https:\/\/www.europesays.com\/it\/wp-json\/wp\/v2\/posts"}],"about":[{"href":"https:\/\/www.europesays.com\/it\/wp-json\/wp\/v2\/types\/post"}],"author":[{"embeddable":true,"href":"https:\/\/www.europesays.com\/it\/wp-json\/wp\/v2\/users\/3"}],"replies":[{"embeddable":true,"href":"https:\/\/www.europesays.com\/it\/wp-json\/wp\/v2\/comments?post=265878"}],"version-history":[{"count":0,"href":"https:\/\/www.europesays.com\/it\/wp-json\/wp\/v2\/posts\/265878\/revisions"}],"wp:featuredmedia":[{"embeddable":true,"href":"https:\/\/www.europesays.com\/it\/wp-json\/wp\/v2\/media\/62176"}],"wp:attachment":[{"href":"https:\/\/www.europesays.com\/it\/wp-json\/wp\/v2\/media?parent=265878"}],"wp:term":[{"taxonomy":"category","embeddable":true,"href":"https:\/\/www.europesays.com\/it\/wp-json\/wp\/v2\/categories?post=265878"},{"taxonomy":"post_tag","embeddable":true,"href":"https:\/\/www.europesays.com\/it\/wp-json\/wp\/v2\/tags?post=265878"}],"curies":[{"name":"wp","href":"https:\/\/api.w.org\/{rel}","templated":true}]}}