{"id":265920,"date":"2025-12-18T02:42:11","date_gmt":"2025-12-18T02:42:11","guid":{"rendered":"https:\/\/www.europesays.com\/it\/265920\/"},"modified":"2025-12-18T02:42:11","modified_gmt":"2025-12-18T02:42:11","slug":"trump-grazia-wiles-la-donna-nellombra-qui-e-lei-la-piu-potente","status":"publish","type":"post","link":"https:\/\/www.europesays.com\/it\/265920\/","title":{"rendered":"Trump \u00abgrazia\u00bb Wiles, la donna nell\u2019ombra. \u00abQui \u00e8 lei la pi\u00f9 potente\u00bb"},"content":{"rendered":"<p>    di<br \/>\n    Viviana Mazza<\/p>\n<p class=\"summary-art is-line-h-12\">La capa dello staff ha definito da alcolista la personalit\u00e0 del tycoon<\/p>\n<p class=\"chapter-paragraph\">Vent\u2019anni fa  un reporter  chiese a <b><a href=\"https:\/\/www.corriere.it\/esteri\/25_dicembre_17\/trump-personalita-da-alcolizzato-un-caso-le-frasi-della-chief-of-staff-susie-wiles-c9af535c-d6ab-4017-9c6d-95c60a510xlk.shtml\" rel=\"nofollow noopener\" target=\"_blank\">Susie Wiles<\/a><\/b>,  che allora era capo dello staff del sindaco di Jacksonville, in Florida: \u00abChe prodotto vendi?\u00bb.  \u00abBuona domanda\u00bb, rispose lei. \u00abStrategia e pianificazione. Relazioni con i media. Conoscenza della gente che plasma le opinioni\u00bb. Le   sue due specialit\u00e0:   \u00abCreare ordine dal caos\u00bb e \u00abcapovolgere situazioni e percezioni\u00bb.<\/p>\n<p class=\"chapter-paragraph\">Per chi frequenta la Casa Bianca, <b>dove oggi Wiles \u00e8  capo dello staff del presidente<\/b>,  la cosa pi\u00f9 sorprendente dell\u2019articolo di Vanity Fair \u2014 nel quale dice tra le altre cose che Trump ha \u00abuna personalit\u00e0 da alcolizzato\u00bb (nel senso che \u00abcrede che non c\u2019\u00e8 nulla che non possa fare\u00bb), che il <b>vicepresidente JD Vance \u00e8 \u00abun complottista\u00bb<\/b>, che la ministra della Giustizia Pam Bondi ha fallito sul caso Epstein \u2014  \u00e8 che una professionista della politica  che preferisce esercitare  il potere restando invisibile abbia concesso 11 interviste \u00abon the record\u00bb, cio\u00e9 registrate e permettendo di citare il suo nome, a Vanity Fair.\u00a0    &#13;<br \/>\n&#13;<br \/>\n&#13;<br \/>\n&#13;<br \/>\n&#13;<br \/>\n&#13;<br \/>\n&#13;<br \/>\n&#13;<br \/>\n&#13;<br \/>\n&#13;<br \/>\n&#13;<br \/>\n&#13;<br \/>\n&#13;<br \/>\n&#13;<br \/>\n&#13;<br \/>\n&#13;<br \/>\n&#13;<br \/>\n&#13;<br \/>\n&#13;<br \/>\n&#13;<br \/>\n&#13;<br \/>\n&#13;<br \/>\n&#13;<br \/>\n&#13;<br \/>\n&#13;<br \/>\n&#13;<br \/>\n&#13;<br \/>\n&#13;<br \/>\n&#13;<br \/>\n&#13;<br \/>\n&#13;<br \/>\n&#13;<br \/>\n&#13;<br \/>\n&#13;<br \/>\n&#13;<br \/>\n&#13;<br \/>\n&#13;<br \/>\n&#13;<br \/>\n&#13;<br \/>\n&#13;<br \/>\n&#13;<br \/>\n&#13;<br \/>\n&#13;<br \/>\n&#13;<br \/>\n&#13;<br \/>\n&#13;<br \/>\n&#13;<br \/>\n&#13;<br \/>\n&#13;<br \/>\n&#13;<br \/>\n&#13;<br \/>\n&#13;<br \/>\n&#13;\n<\/p>\n<p class=\"chapter-paragraph\"><b>Che cos\u2019altro si aspettava  \u2014 osserva un opinionista di destra \u2014 da una rivista che non ha mai mostrato simpatia per Trump? <\/b>Non che Wiles non parli con i media tradizionali: tutt\u2019altro, considera cruciale lo scambio di informazioni e di favori con i reporter,   in forma anonima.  Uno dei modi per cambiare la percezione su Trump, anche in momenti come questo di preoccupazione tra i repubblicani per la sua gestione dell\u2019economia e la disoccupazione (al 4,6%: la pi\u00f9 alta da 4 anni), \u00e8 dire  che  non sei d\u2019accordo su tutto e che \u00abnon \u00e8 perfetto\u00bb (molti elettori non l\u2019hanno votato perch\u00e9 credono sia \u00abperfetto\u00bb) ma allo stesso tempo difendendolo su quasi ogni singola scelta politica  e assicurando che alla fine si orienter\u00e0  di nuovo su ci\u00f2 che conta.<b> Nonostante certe frasi infelici, come l\u2019ammissione che in Venezuela Trump continuer\u00e0 a bombardare le imbarcazioni finch\u00e9 non cade Maduro<\/b>, alla fine era questo il suo obiettivo su Vanity Fair.   Fece la stessa cosa in una rara intervista \u00abon the record\u00bb con Politico nel 2024 quand\u2019era manager della campagna elettorale: \u00abLa pi\u00f9 temuta e meno nota operatrice politica in America\u00bb.<b> L\u00ec Wiles diceva di \u00abnon aver amato\u00bb l\u2019assalto al Congresso, ma che \u00abnon l\u2019ha causato\u00bb Trump<\/b>.\u00a0<\/p>\n<p class=\"chapter-paragraph\">\u00abCi sono cose che farei e direi diversamente? Assolutamente. Ma devi accettare il bene  e il male di ognuno. Non ci sarebbero le politiche di Trump senza la personalit\u00e0 di Trump\u00bb. <b>\u00ab\u00c8 molto brava a manipolare i media, lo so essendo stato manipolato\u00bb<\/b>, disse un ex editorialista  di Jacksonville a Politico. Tra le sue tattiche: <b>\u00abAppiccare piccoli incendi\u00bb <\/b>nei media che  \u00e8 l\u2019unica a poter spegnere.  Sa rendersi \u00abindispensabile per la persona pi\u00f9 importante\u00bb.<\/p>\n<p class=\"chapter-paragraph\">\u00c8 possibile che  il giornalista Chris Whipple, gi\u00e0 autore di un  bestseller sui capi dello staff  della Casa Bianca, abbia solleticato la vanit\u00e0 di Wiles e che lei abbia parlato pi\u00f9 del voluto. L\u2019intero staff della Casa Bianca ha posato per foto che poi si sono rivelate estremi primi piani, al punto che sulle labbra della portavoce Karoline Leavitt si vedono quelle che alcuni ritengono siano iniezioni estetiche.\u00a0<b>Ma c\u2019\u00e8 anche chi ipotizza che il pezzo di Vanity Fair sia una mossa calcolata di  Wiles<\/b>.\u00a0<\/p>\n<p class=\"chapter-paragraph\">Una cosa \u00e8 certa: <b>altri perderebbero il posto, lei \u00e8 vista come leale e indispensabile<\/b>. Trump la chiama <b>\u00abla persona pi\u00f9 potente del mondo\u00bb<\/b> e qualche volta \u00abSusie Trump\u00bb, e  ieri ha detto che la frase \u00abpersonalit\u00e0 di alcolizzato\u00bb non lo offende:  \u00ab<b>Ho detto spesso  che se bevessi ci sarebbero buone probabilit\u00e0 di diventare alcolista<\/b>. Ho una personalit\u00e0 possessiva, che crea dipendenze\u00bb.  <b>Wiles aveva il pap\u00e0 alcolizzato<\/b>: Pat Summerall, leggenda del football. Con lui sapeva quando rendersi indispensabile e quando invisibile, mise ordine nella sua vita spingendolo a fare cambiamenti che non sapeva fare da solo.  C\u2019\u00e8 un chiaro parallelismo nel rapporto con Trump, che ha una dipendenza dal caos e  dall\u2019attenzione.<\/p>\n<p class=\"is-last-update\" datetime=\"2025-12-17T23:51:25+01:00\">17 dicembre 2025 ( modifica il 17 dicembre 2025 | 23:51)<\/p>\n<p class=\"is-copyright\">\n            \u00a9 RIPRODUZIONE RISERVATA\n        <\/p>\n","protected":false},"excerpt":{"rendered":"di Viviana Mazza La capa dello staff ha definito da alcolista la personalit\u00e0 del tycoon Vent\u2019anni fa un&hellip;\n","protected":false},"author":3,"featured_media":265921,"comment_status":"","ping_status":"","sticky":false,"template":"","format":"standard","meta":{"footnotes":""},"categories":[160],"tags":[6576,156267,156257,156258,155094,842,18934,777,82465,122,14,164,165,3517,50152,4670,105544,793,166,7,15,23892,127182,156259,6183,14054,1915,3458,156260,477,332,15773,3421,156261,156262,36445,9525,6194,82483,155093,628,156263,379,156264,11,167,12,168,20586,20587,155090,156265,156266,161,162,163],"class_list":{"0":"post-265920","1":"post","2":"type-post","3":"status-publish","4":"format-standard","5":"has-post-thumbnail","7":"category-mondo","8":"tag-accettare","9":"tag-accettare-politiche","10":"tag-alcolista","11":"tag-alcolista-personalita","12":"tag-alcolizzato","13":"tag-bianca","14":"tag-caos","15":"tag-capo","16":"tag-capo-staff","17":"tag-cose","18":"tag-cronaca","19":"tag-dal-mondo","20":"tag-dalmondo","21":"tag-fair","22":"tag-indispensabile","23":"tag-invisibile","24":"tag-jacksonville","25":"tag-media","26":"tag-mondo","27":"tag-news","28":"tag-notizie","29":"tag-on","30":"tag-on-the","31":"tag-on-the-record","32":"tag-ordine","33":"tag-perfetto","34":"tag-persona","35":"tag-personalita","36":"tag-personalita-alcolizzato","37":"tag-politica","38":"tag-politico","39":"tag-potente","40":"tag-record","41":"tag-rendersi","42":"tag-rendersi-indispensabile","43":"tag-reporter","44":"tag-sapeva","45":"tag-staff","46":"tag-staff-bianca","47":"tag-susie","48":"tag-the","49":"tag-the-record","50":"tag-trump","51":"tag-trump-personalita","52":"tag-ultime-notizie","53":"tag-ultime-notizie-di-mondo","54":"tag-ultimenotizie","55":"tag-ultimenotiziedimondo","56":"tag-vanity","57":"tag-vanity-fair","58":"tag-wiles","59":"tag-wiles-capo","60":"tag-wiles-capo-staff","61":"tag-world","62":"tag-world-news","63":"tag-worldnews"},"share_on_mastodon":{"url":"","error":"Validation failed: Text character limit of 500 exceeded"},"_links":{"self":[{"href":"https:\/\/www.europesays.com\/it\/wp-json\/wp\/v2\/posts\/265920","targetHints":{"allow":["GET"]}}],"collection":[{"href":"https:\/\/www.europesays.com\/it\/wp-json\/wp\/v2\/posts"}],"about":[{"href":"https:\/\/www.europesays.com\/it\/wp-json\/wp\/v2\/types\/post"}],"author":[{"embeddable":true,"href":"https:\/\/www.europesays.com\/it\/wp-json\/wp\/v2\/users\/3"}],"replies":[{"embeddable":true,"href":"https:\/\/www.europesays.com\/it\/wp-json\/wp\/v2\/comments?post=265920"}],"version-history":[{"count":0,"href":"https:\/\/www.europesays.com\/it\/wp-json\/wp\/v2\/posts\/265920\/revisions"}],"wp:featuredmedia":[{"embeddable":true,"href":"https:\/\/www.europesays.com\/it\/wp-json\/wp\/v2\/media\/265921"}],"wp:attachment":[{"href":"https:\/\/www.europesays.com\/it\/wp-json\/wp\/v2\/media?parent=265920"}],"wp:term":[{"taxonomy":"category","embeddable":true,"href":"https:\/\/www.europesays.com\/it\/wp-json\/wp\/v2\/categories?post=265920"},{"taxonomy":"post_tag","embeddable":true,"href":"https:\/\/www.europesays.com\/it\/wp-json\/wp\/v2\/tags?post=265920"}],"curies":[{"name":"wp","href":"https:\/\/api.w.org\/{rel}","templated":true}]}}