{"id":266056,"date":"2025-12-18T05:46:27","date_gmt":"2025-12-18T05:46:27","guid":{"rendered":"https:\/\/www.europesays.com\/it\/266056\/"},"modified":"2025-12-18T05:46:27","modified_gmt":"2025-12-18T05:46:27","slug":"apple-martin-sul-red-carpet-con-il-vestito-di-mamma-gwyneth-paltrow-la-somiglianza","status":"publish","type":"post","link":"https:\/\/www.europesays.com\/it\/266056\/","title":{"rendered":"Apple Martin sul red carpet con il vestito di mamma Gwyneth Paltrow: la somiglianza"},"content":{"rendered":"<p>Passano gli anni, ma certi abiti restano. Lo sa bene <strong>Apple Martin, figlia di Gwyneth Paltrow e del cantante Chris Martin<\/strong>, che ieri sera alla prima di Marty Supreme a New York ha sfoggiato la stessa creazione <strong>Calvin Klein Collection indossata dalla mamma trent\u2019anni fa<\/strong>. Era il 1996 e una giovane Paltrow incant\u00f2 tutti alla premi\u00e8re del film Emma con un abito dalla linea aderente, spalline sottili e cut-out sulla schiena. Sul red carpet, insieme all\u2019attrice e al fratello Moses, Apple ha dimostrato di aver ereditato dalla madre non solo la bellezza raffinata, ma anche lo stesso gusto in fatto di stile, scegliendo il minimalismo anni 90 del vestito nero.<\/p>\n<p>A distanza di tre decenni, il red carpet dress di Paltrow funziona ancora grazie al suo design essenziale. Caratterizzato da spaghetti straps (alias bretelle ultra sottili) e scollatura rotonda, questo modello \u00e8 seducente quanto basta da rientrare nella rosa degli abiti must have. A renderlo unico \u00e8 infine l\u2019obl\u00f2 sulla schiena appena accennato.<\/p>\n<p>    <a href=\"https:\/\/www.europesays.com\/it\/wp-content\/uploads\/2025\/12\/124123243-35072da1-5bc2-46f2-8230-4304e2a2e5d8.jpg\" data-lightbox=\"\" data-pswp-src=\"https:\/\/www.europesays.com\/it\/wp-content\/uploads\/2025\/12\/124123243-35072da1-5bc2-46f2-8230-4304e2a2e5d8.jpg?webp\" data-pswp-width=\"683\" data-pswp-height=\"1024\"><\/p>\n<p>        <img decoding=\"async\" src=\"https:\/\/www.europesays.com\/it\/wp-content\/uploads\/2025\/12\/124123243-35072da1-5bc2-46f2-8230-4304e2a2e5d8.jpg\" width=\"683\" height=\"1024\" alt=\"media_alt\" loading=\"lazy\"\/><\/p>\n<p>    <\/a><\/p>\n<p>Non \u00e8 la prima volta che la giovane prende in prestito gli abiti della mamma, come ha confessato in un\u2019intervista a Interview: \u201cMi intrufolo nel suo armadio e rubo piccole cose. I miei pezzi preferiti in assoluto sono i capi Calvin Klein degli anni Novanta\u201d. Studentessa di Legge all\u2019Universit\u00e0 Vanderbilt di Nashville, Tennessee, Apple \u00e8 una ragazza riservatissima che centellina le uscite pubbliche, preferendo il low profile ai riflettori.<\/p>\n<p>Alla presentazione del nuovo film della mamma &#8211; <a href=\"https:\/\/d.repubblica.it\/fashion\/2025\/12\/17\/news\/timothee_chalamet_total_look_colorati_arancione_giallo-425045242\/\" rel=\"nofollow noopener\" target=\"_blank\">protagonista insieme a Timoth\u00e9e Chalamet<\/a> della storia ambientata nel mondo del ping pong professionistico &#8211; Apple si \u00e8 ispirata alla madre anche per l\u2019acconciatura, scegliendo un raccolto semplice e disinvolto che mette in risalto il volto delicato.<\/p>\n<p>    <a href=\"https:\/\/www.europesays.com\/it\/wp-content\/uploads\/2025\/12\/123444367-6ad300d4-7a38-4da2-a57b-09a9d1a2144b.jpg\" data-lightbox=\"\" data-pswp-src=\"https:\/\/www.europesays.com\/it\/wp-content\/uploads\/2025\/12\/123444367-6ad300d4-7a38-4da2-a57b-09a9d1a2144b.jpg?webp\" data-pswp-width=\"677\" data-pswp-height=\"1024\"><\/p>\n<p>        <img decoding=\"async\" src=\"https:\/\/www.europesays.com\/it\/wp-content\/uploads\/2025\/12\/123444367-6ad300d4-7a38-4da2-a57b-09a9d1a2144b.jpg\" width=\"677\" height=\"1024\" alt=\"media_alt\" loading=\"lazy\"\/><\/p>\n<p>    <\/a><\/p>\n<p>Anche l\u2019attrice premio Oscar per Shakespeare in Love (1998) punta al nero, optando per un look Haute Couture di Maison Valentino disegnato da Alessandro Michele: un abito lungo con corpino drappeggiato in velluto nero, con gonna in cr\u00eape ton sur ton dal profondo spacco laterale e fiocco sulla spalla a dare un tocco romantico.<\/p>\n<p>Come indossare il vestito nero di Apple Martin quest\u2019inverno<\/p>\n<p>In vista delle feste, l\u2019abito scuro \u00e8 sempre un porto sicuro e quello indossato dalla figlia maggiore di Gwyneth Paltrow \u00e8 decisamente il modello pi\u00f9 adatto. Complice la linea semplice e aderente, il vestito anni 90 di Calvin Klein si presta a qualsiasi interpretazione. Al party di fine anno si indossa con sandali alti in vernice e furry jacket dai colori sgargianti. Per un\u2019occasione elegante invece si trasforma in abito da gran sera abbinato ai guanti lunghi in satin e d\u00e9collet\u00e9 tempestate di cristalli. Chi trascorrer\u00e0 le vacanze di Natale al caldo pu\u00f2 azzardare il modello con cut-out sulla schiena anche in spiaggia, rigorosamente a piedi nudi e con i capelli raccolti in uno chignon disordinato.<\/p>\n","protected":false},"excerpt":{"rendered":"Passano gli anni, ma certi abiti restano. Lo sa bene Apple Martin, figlia di Gwyneth Paltrow e del&hellip;\n","protected":false},"author":3,"featured_media":266057,"comment_status":"","ping_status":"","sticky":false,"template":"","format":"standard","meta":{"footnotes":""},"categories":[1451],"tags":[1621,1620,203,204,1537,90,89],"class_list":{"0":"post-266056","1":"post","2":"type-post","3":"status-publish","4":"format-standard","5":"has-post-thumbnail","7":"category-celebrita","8":"tag-celebrita","9":"tag-celebrities","10":"tag-entertainment","11":"tag-intrattenimento","12":"tag-it","13":"tag-italia","14":"tag-italy"},"share_on_mastodon":{"url":"https:\/\/pubeurope.com\/@it\/115738993777926994","error":""},"_links":{"self":[{"href":"https:\/\/www.europesays.com\/it\/wp-json\/wp\/v2\/posts\/266056","targetHints":{"allow":["GET"]}}],"collection":[{"href":"https:\/\/www.europesays.com\/it\/wp-json\/wp\/v2\/posts"}],"about":[{"href":"https:\/\/www.europesays.com\/it\/wp-json\/wp\/v2\/types\/post"}],"author":[{"embeddable":true,"href":"https:\/\/www.europesays.com\/it\/wp-json\/wp\/v2\/users\/3"}],"replies":[{"embeddable":true,"href":"https:\/\/www.europesays.com\/it\/wp-json\/wp\/v2\/comments?post=266056"}],"version-history":[{"count":0,"href":"https:\/\/www.europesays.com\/it\/wp-json\/wp\/v2\/posts\/266056\/revisions"}],"wp:featuredmedia":[{"embeddable":true,"href":"https:\/\/www.europesays.com\/it\/wp-json\/wp\/v2\/media\/266057"}],"wp:attachment":[{"href":"https:\/\/www.europesays.com\/it\/wp-json\/wp\/v2\/media?parent=266056"}],"wp:term":[{"taxonomy":"category","embeddable":true,"href":"https:\/\/www.europesays.com\/it\/wp-json\/wp\/v2\/categories?post=266056"},{"taxonomy":"post_tag","embeddable":true,"href":"https:\/\/www.europesays.com\/it\/wp-json\/wp\/v2\/tags?post=266056"}],"curies":[{"name":"wp","href":"https:\/\/api.w.org\/{rel}","templated":true}]}}