{"id":266060,"date":"2025-12-18T05:52:22","date_gmt":"2025-12-18T05:52:22","guid":{"rendered":"https:\/\/www.europesays.com\/it\/266060\/"},"modified":"2025-12-18T05:52:22","modified_gmt":"2025-12-18T05:52:22","slug":"la-leggenda-nera-che-grava-sulla-juve-lo-dico-al-corriere","status":"publish","type":"post","link":"https:\/\/www.europesays.com\/it\/266060\/","title":{"rendered":"La leggenda nera che grava sulla Juve | Lo dico al Corriere"},"content":{"rendered":"<p class=\"is-fs-18 is-mr-t-25 chapter-letter\">\n<p>    <b>Caro Aldo<\/b>,<br \/>le voci sulla vendita delle mia amata Juve (sono tifoso della terza generazione dopo mio nonno e pap\u00e0) mi hanno turbato e amareggiato. La Juve \u00e8 l\u2019unica squadra italiana (forse al mondo) che da oltre un secolo \u00e8 gestita, curata, coccolata da una sola famiglia che si identifica con i colori bianconeri. Pensare che questa storia possa essere venduta (meglio: svenduta) per quattro soldi a un imprenditore noto per aver inventato una criptovaluta, diventando il terzo uomo pi\u00f9 ricco d\u2019Italia, \u00e8 assurdo: possibile debbano vendere uno dei gioielli di famiglia per fare cassa? Pu\u00f2 darsi che la smentita della trattativa sia confermata, ma il fatto che se ne parli ancora \u00e8 molto preoccupante.<b class=\"native-bold-content\" style=\"display: block;\" spellcheck=\"true\">Bruno Peir\u00e9<\/b><\/p>\n<p class=\"has-text-cornflower-blue is-fs-18 chapter-letter\">\n<p>    <b>Caro Bruno<\/b>,<br \/>Noi juventini viviamo momenti davvero difficili. Ormai sulla nostra squadra grava una leggenda nera, che non \u00e8 del tutto giustificata. Certo ci fu il periodo di Moggi, che molto danneggi\u00f2 un gruppo che avrebbe potuto vincere lo stesso e si vide revocare due scudetti. \u00c8 possibile che in passato il peso economico e politico della famiglia Agnelli abbia favorito la Juventus, soprattutto in campo nazionale. Tuttavia sono stati dimenticati episodi che hanno svantaggiato i bianconeri: la partita interrotta sotto il diluvio di Perugia, ad esempio. Per andare indietro nel tempo, ricordo il mitico scudetto del Cagliari di Riva. Nulla da togliere a quell\u2019impresa epica. Tuttavia la Juve fu rapinata da Lo Bello in modo clamoroso: basta vedere il rigore assegnato \u2014 o meglio inventato \u2014 al Cagliari che consent\u00ec ai sardi di realizzare il gol del 2-2. Lo stesso Riva, nel bel docufilm sulla sua vita, racconta di aver scherzato con Lo Bello: \u00abE se quel rigore lo avessi sbagliato?\u00bb. \u00abTe l\u2019avrei fatto tirare di nuovo\u00bb rispose l\u2019arbitro. Come a dire che quel campionato lo doveva vincere il Cagliari. \u00c8 vero che nella stessa partita Lo Bello aveva fatto ripetere un rigore alla Juve, tra le maledizioni di Albertosi. Ma come vede, gentile signor Peir\u00e9, se ci inoltriamo su questo terreno la discussione potrebbe proseguire all\u2019infinito; gi\u00e0 vedo arrivare le lettere dei miei amici romanisti sul gol annullato a Turone. La verit\u00e0 \u00e8 che la Juventus \u00e8 stata a lungo la squadra pi\u00f9 rappresentativa del calcio italiano, proprio perch\u00e9 era espressione della famiglia che ha guidato la rivoluzione industriale nel nostro Paese, e della citt\u00e0 che ha fatto l\u2019Italia due volte, a San Martino e a Mirafiori, sui campi di battaglia del Risorgimento e con la grande fabbrica. Tuttavia, oggi il Risorgimento non \u00e8 riconosciuto da nessuno, e anche la storia della Fiat viene raccontata come una lunga serie di soprusi. A proposito, io sono nato e cresciuto in Piemonte, e non ho mai visto un cartello \u00abnon si affitta ai meridionali\u00bb. Se l\u2019avessi visto l\u2019avrei staccato con le mie mani. So invece che centinaia di migliaia di meridionali sono venuti a Torino e in genere al Nord, hanno lavorato duramente, sono stati accolti, integrati, e si sono costruite vite forse migliori di quelle che avrebbero avuto nel loro paese d\u2019origine. E moltissimi meridionali sono diventati juventini. L\u2019avvocato Agnelli lo sapeva: comprava il palermitano Furino, il catanese Anastasi, i leccesi Causio e Brio. Tuttora la Juventus \u00e8 la squadra pi\u00f9 amata al Sud. Davvero dobbiamo continuare a ragionare in termini di noi e loro, di polentoni e terroni? Davvero la crisi della Juventus deve cos\u00ec rallegrare gli italiani? Ps delle criptovalute non parlo, perch\u00e9 vorrei evitare al mio giornale noiose questioni giudiziarie.    &#13;<br \/>\n&#13;<br \/>\n&#13;<br \/>\n&#13;<br \/>\n&#13;<br \/>\n&#13;<br \/>\n&#13;<br \/>\n&#13;<br \/>\n&#13;<br \/>\n&#13;<br \/>\n&#13;<br \/>\n&#13;<br \/>\n&#13;<br \/>\n&#13;<br \/>\n&#13;<br \/>\n&#13;<br \/>\n&#13;<br \/>\n&#13;<br \/>\n&#13;<br \/>\n&#13;<br \/>\n&#13;<br \/>\n&#13;<br \/>\n&#13;<br \/>\n&#13;<br \/>\n&#13;<br \/>\n&#13;<br \/>\n&#13;<br \/>\n&#13;<br \/>\n&#13;<br \/>\n&#13;<br \/>\n&#13;<br \/>\n&#13;<br \/>\n&#13;<br \/>\n&#13;<br \/>\n&#13;<br \/>\n&#13;<br \/>\n&#13;<br \/>\n&#13;<br \/>\n&#13;<br \/>\n&#13;<br \/>\n&#13;<br \/>\n&#13;<br \/>\n&#13;<br \/>\n&#13;<br \/>\n&#13;<br \/>\n&#13;<br \/>\n&#13;<br \/>\n&#13;<br \/>\n&#13;<br \/>\n&#13;<br \/>\n&#13;<br \/>\n&#13;<br \/>\n&#13;\n<\/p>\n<p class=\"is-last-update\" datetime=\"2025-12-18T00:04:06+01:00\">18 dicembre 2025<\/p>\n<p class=\"is-copyright\">\n            \u00a9 RIPRODUZIONE RISERVATA\n        <\/p>\n","protected":false},"excerpt":{"rendered":"Caro Aldo,le voci sulla vendita delle mia amata Juve (sono tifoso della terza generazione dopo mio nonno e&hellip;\n","protected":false},"author":3,"featured_media":221729,"comment_status":"","ping_status":"","sticky":false,"template":"","format":"standard","meta":{"footnotes":""},"categories":[176],"tags":[41656,156313,156314,52543,156315,156316,19512,156317,20812,2873,585,6300,4723,1278,1909,1976,156310,17070,1537,90,89,565,94707,558,156311,2048,156312,67363,30335,1290,4565,3242,44712,13792,245,244,1857,1567,4968],"class_list":{"0":"post-266060","1":"post","2":"type-post","3":"status-publish","4":"format-standard","5":"has-post-thumbnail","7":"category-sport","8":"tag-accolti","9":"tag-accolti-integrati","10":"tag-accolti-integrati-costruite","11":"tag-affitta","12":"tag-affitta-meridionali","13":"tag-affitta-meridionali-staccato","14":"tag-agnelli","15":"tag-agnelli-favorito","16":"tag-amata","17":"tag-bello","18":"tag-bianconeri","19":"tag-cagliari","20":"tag-caro","21":"tag-davvero","22":"tag-famiglia","23":"tag-gol","24":"tag-grava","25":"tag-inventato","26":"tag-it","27":"tag-italia","28":"tag-italy","29":"tag-juve","30":"tag-juventini","31":"tag-juventus","32":"tag-juventus-squadra","33":"tag-leggenda","34":"tag-leggenda-nera","35":"tag-meridionali","36":"tag-nera","37":"tag-partita","38":"tag-possibile","39":"tag-rigore","40":"tag-risorgimento","41":"tag-riva","42":"tag-sport","43":"tag-sports","44":"tag-squadra","45":"tag-storia","46":"tag-vincere"},"share_on_mastodon":{"url":"https:\/\/pubeurope.com\/@it\/115739016918456571","error":""},"_links":{"self":[{"href":"https:\/\/www.europesays.com\/it\/wp-json\/wp\/v2\/posts\/266060","targetHints":{"allow":["GET"]}}],"collection":[{"href":"https:\/\/www.europesays.com\/it\/wp-json\/wp\/v2\/posts"}],"about":[{"href":"https:\/\/www.europesays.com\/it\/wp-json\/wp\/v2\/types\/post"}],"author":[{"embeddable":true,"href":"https:\/\/www.europesays.com\/it\/wp-json\/wp\/v2\/users\/3"}],"replies":[{"embeddable":true,"href":"https:\/\/www.europesays.com\/it\/wp-json\/wp\/v2\/comments?post=266060"}],"version-history":[{"count":0,"href":"https:\/\/www.europesays.com\/it\/wp-json\/wp\/v2\/posts\/266060\/revisions"}],"wp:featuredmedia":[{"embeddable":true,"href":"https:\/\/www.europesays.com\/it\/wp-json\/wp\/v2\/media\/221729"}],"wp:attachment":[{"href":"https:\/\/www.europesays.com\/it\/wp-json\/wp\/v2\/media?parent=266060"}],"wp:term":[{"taxonomy":"category","embeddable":true,"href":"https:\/\/www.europesays.com\/it\/wp-json\/wp\/v2\/categories?post=266060"},{"taxonomy":"post_tag","embeddable":true,"href":"https:\/\/www.europesays.com\/it\/wp-json\/wp\/v2\/tags?post=266060"}],"curies":[{"name":"wp","href":"https:\/\/api.w.org\/{rel}","templated":true}]}}