{"id":266275,"date":"2025-12-18T09:44:20","date_gmt":"2025-12-18T09:44:20","guid":{"rendered":"https:\/\/www.europesays.com\/it\/266275\/"},"modified":"2025-12-18T09:44:20","modified_gmt":"2025-12-18T09:44:20","slug":"weis-e-i-suoi-megaliti-stimolo-la-fantasia-larte-deve-toccare-i-luoghi-del-cuore","status":"publish","type":"post","link":"https:\/\/www.europesays.com\/it\/266275\/","title":{"rendered":"Weis e i suoi megaliti:\u00a0\u201cStimolo la fantasia.\u00a0L\u2019arte deve toccare i luoghi del cuore\u201d"},"content":{"rendered":"<p>Bologna, 18 dicembre 2025 \u2013 Siamo entrati oltre le transenne poste sul Crescentone, a riparare le grandi rocce dell\u2019installazione<strong> \u2018Iwagumi-Dismisura\u2019<\/strong>, che l\u2019artista <strong>Nimrod Weis <\/strong>dello studio australiano Eness sta allestendo da qualche giorno (<strong><a rel=\"follow nofollow noopener\" href=\"https:\/\/www.ilrestodelcarlino.it\/bologna\/cosa-fare\/le-foto-delle-grandissime-rocce-in-piazza-maggiore-a-bologna-lhmjxkey\" target=\"_blank\">foto<\/a><\/strong>).<\/p>\n<p>Approfondisci:<\/p>\n<p><a href=\"https:\/\/www.ilrestodelcarlino.it\/emilia-romagna\/megaliti-in-piazza-dibattito-sullarte-de5f240d\" class=\"ArticleEmbed_article__embed__content__Jzqnz\" rel=\"nofollow noopener\" target=\"_blank\">Megaliti in piazza a Bologna, dibattito sull\u2019arte: &#8220;Cos\u00ec accendiamo l\u2019immaginazione&#8221;<img alt=\"Megaliti in piazza a Bologna, dibattito sull\u2019arte: &quot;Cos\u00ec accendiamo l\u2019immaginazione&quot;\" loading=\"lazy\" width=\"140\" height=\"78\" decoding=\"async\" data-nimg=\"1\" style=\"color:transparent\"  src=\"https:\/\/www.europesays.com\/it\/wp-content\/uploads\/2025\/12\/megaliti-in-piazza-dibattito-sullarte-cosi-accendiamo-limmaginazione.webp\"\/><\/a> <\/p>\n<p>L\u2019attesa in citt\u00e0 \u00e8 grande e <strong>i social sono gi\u00e0 impazziti,<\/strong> nel bene e nel male, con commenti di ogni tipo per questa opera di grande impatto la cui composizione \u2013 <strong>19 <a rel=\"follow nofollow noopener\" href=\"https:\/\/www.ilrestodelcarlino.it\/bologna\/cronaca\/megaliti-piazza-maggiore-masagni-b5ejh8ig\" target=\"_blank\">megaliti di varie tipologie<\/a> <\/strong>che arrivano anche a 14 metri \u2013 sar\u00e0 <strong>finita per domenica<\/strong>, quando le persone potranno finalmente varcare la soglia ed esplorare la creazione di rocce piene d\u2019aria davanti a San Petronio, udendo anche musica, godendo del concerto di luci, perdendosi nei cunicoli.<\/p>\n<p> <img alt=\"Weis e i suoi megaliti: \u201cStimolo la fantasia. L\u2019arte deve toccare i luoghi del cuore\u201d\" loading=\"lazy\" width=\"762\" height=\"429\" decoding=\"async\" data-nimg=\"1\" style=\"color:transparent\"  src=\"https:\/\/www.europesays.com\/it\/wp-content\/uploads\/2025\/12\/x9vwthi\"\/> <\/p>\n<p><strong>Nimrod Weis, quando avete portato l\u2019opera a Melbourne, Singapore e Arabia Saudita, c\u2019\u00e8 stato una tale fiorire di commenti sui social come sta succedendo per Bologna in questi giorni?<\/strong><\/p>\n<p>&#8220;A dire il vero no, ma credo che qui a Bologna ci\u00f2 che \u00e8 interessante sia il senso di appartenenza e di connessione alla piazza. Nei luoghi precedenti si \u00e8 trattato forse di un parco o di una piazza non ancora particolarmente amati dagli abitanti, perch\u00e9 nuovi, come successo a Prahran Square a Melbourne, la mia citt\u00e0. Ecco, penso che questa sia la bellezza dell\u2019arte pubblica, quella di stimolare una conversazione proprio perch\u00e9 c\u2019\u00e8 un intervento in un luogo cos\u00ec parte della cittadinanza che si trova davanti a qualcosa che prima non c\u2019era e che cambia la routine quotidiana\u201d.<\/p>\n<p> <img alt=\"\" loading=\"lazy\" width=\"1280\" height=\"853\" decoding=\"async\" data-nimg=\"1\" style=\"color:transparent;max-width:100%;height:auto\"   src=\"https:\/\/www.europesays.com\/it\/wp-content\/uploads\/2025\/12\/1766051058_533_image.webp\"\/> <\/p>\n<p><strong>Come nasce l\u2019idea di questo grande progetto di rocce gonfiabili che, oltre all\u2019impatto visivo maestoso, ha anche un significato intrinseco profondo, ispirato alla cultura giapponese?<\/strong><\/p>\n<p>\u201cQuesto lavoro \u00e8 molto speciale per me perch\u00e9 contiene tanti punti di connessione che riguardano la mia ricerca. Ho sempre provato un grande interesse per il Giappone, sin da quando avevo vent\u2019anni e feci il mio primo viaggio importante. Mi sono sentito cos\u00ec affascinato dalla cultura e dal senso di apprezzamento per tutte le cose, sia per gli umani che per l\u2019ambiente. In Giappone c\u2019\u00e8 un apprezzamento per le cose davvero speciale, un\u2019attenzione per i dettagli della natura che i giapponesi riescono a portare nella vita quotidiana. Basta guardare la maniera in cui vengono arrangiati i fiori secondo l\u2019Ikebana, ben diversa dalla modalit\u00e0 occidentale che ama le cose in grande.<\/p>\n<p> <img alt=\"L\u2019artista Nimrod Weis dello studio australiano Eness \u00e8 il creatore dei megaliti in piazza Maggiore\" loading=\"lazy\" width=\"3000\" height=\"2000\" decoding=\"async\" data-nimg=\"1\" style=\"color:transparent;max-width:100%;height:auto\"   src=\"https:\/\/www.europesays.com\/it\/wp-content\/uploads\/2025\/12\/lartista-nimrod-weis-dello-studio-australiano-eness-e-il-creatore-dei-megaliti-in-piazza-maggiore.we.webp\"\/><\/p>\n<p>L\u2019artista Nimrod Weis dello studio australiano Eness \u00e8 il creatore dei megaliti in piazza Maggiore<\/p>\n<p>L\u00ec \u00e8 tutto all\u2019insegna della riduzione e la composizione \u00e8 un elemento molto importante, come nei giardini di rocce di Kyoto, ad esempio. Inoltre c\u2019\u00e8 una parte di me che si riflette nell\u2019opera, perch\u00e9 mio nonno \u00e8 uno scultore che ha sempre lavorato con la pietra e io ho ho sempre ammirato la sua forza nel plasmare la pietra. E un po\u2019 mi sento come uno scultore, perch\u00e9 le pietre posate nella piazza sono gonfiabili, ma ieri ad esempio una stava per volare e per fermarla ho dovuto appoggiare dentro dei sacchi con la sabbia che pesano. La schiena mi duole abbastanza, \u00e8 un lavoro che coinvolge molto il fisico, anche se poi io lavoro con i media e con le nuove tecnologie\u201d.<\/p>\n<p><strong>Come si realizza una roccia?<\/strong><\/p>\n<p>\u201c\u00c8 un lungo processo che parte da foto dettagliatissime di superfici di granito poi riprodotte in 3D e stampate su materiale riciclato. La cosa pazzesca \u00e8 che, finch\u00e9 le rocce non le tocchi, hai davvero l\u2019impressione che siano reali\u201d.<\/p>\n<p> <img alt=\"I megaliti in piazza Maggiore incuriosiscono tutti, parte dell'installazione \u00e8 gi\u00e0 pronta\" loading=\"lazy\" width=\"3000\" height=\"2000\" decoding=\"async\" data-nimg=\"1\" style=\"color:transparent;max-width:100%;height:auto\"   src=\"https:\/\/www.europesays.com\/it\/wp-content\/uploads\/2025\/12\/i-megaliti-in-piazza-maggiore-incuriosiscono-tutti-parte-dell-installazione-e-gia-pronta.webp\"\/><\/p>\n<p>I megaliti in piazza Maggiore incuriosiscono tutti, parte dell&#8217;installazione \u00e8 gi\u00e0 pronta<\/p>\n<p><strong>Camminare attraverso i cunicoli creati dalle rocce ricorda un po\u2019 le camminate nel film \u2018Picnic ad Hanging Rock\u2019, che \u00e8 un cult australiano di Peter Weir. La riguarda?<\/strong><\/p>\n<p>\u201cI colori delle rocce vengono proprio da foto che ho scattato da quelle parti, perch\u00e9 sono nato non distante da quella zona e il bello \u00e8 che in ogni parte del mondo la gente riesce a identificarsi nelle diverse sfumature e pensare alle proprie montagne\u201d.<\/p>\n","protected":false},"excerpt":{"rendered":"Bologna, 18 dicembre 2025 \u2013 Siamo entrati oltre le transenne poste sul Crescentone, a riparare le grandi rocce&hellip;\n","protected":false},"author":3,"featured_media":266276,"comment_status":"","ping_status":"","sticky":false,"template":"","format":"standard","meta":{"footnotes":""},"categories":[174],"tags":[6036,203,16843,204,1537,90,89,7364,156538,34483,5324,156537],"class_list":{"0":"post-266275","1":"post","2":"type-post","3":"status-publish","4":"format-standard","5":"has-post-thumbnail","7":"category-intrattenimento","8":"tag-cuore","9":"tag-entertainment","10":"tag-fantasia","11":"tag-intrattenimento","12":"tag-it","13":"tag-italia","14":"tag-italy","15":"tag-luoghi","16":"tag-megaliti","17":"tag-stimolo","18":"tag-toccare","19":"tag-weis"},"share_on_mastodon":{"url":"https:\/\/pubeurope.com\/@it\/115739929727400753","error":""},"_links":{"self":[{"href":"https:\/\/www.europesays.com\/it\/wp-json\/wp\/v2\/posts\/266275","targetHints":{"allow":["GET"]}}],"collection":[{"href":"https:\/\/www.europesays.com\/it\/wp-json\/wp\/v2\/posts"}],"about":[{"href":"https:\/\/www.europesays.com\/it\/wp-json\/wp\/v2\/types\/post"}],"author":[{"embeddable":true,"href":"https:\/\/www.europesays.com\/it\/wp-json\/wp\/v2\/users\/3"}],"replies":[{"embeddable":true,"href":"https:\/\/www.europesays.com\/it\/wp-json\/wp\/v2\/comments?post=266275"}],"version-history":[{"count":0,"href":"https:\/\/www.europesays.com\/it\/wp-json\/wp\/v2\/posts\/266275\/revisions"}],"wp:featuredmedia":[{"embeddable":true,"href":"https:\/\/www.europesays.com\/it\/wp-json\/wp\/v2\/media\/266276"}],"wp:attachment":[{"href":"https:\/\/www.europesays.com\/it\/wp-json\/wp\/v2\/media?parent=266275"}],"wp:term":[{"taxonomy":"category","embeddable":true,"href":"https:\/\/www.europesays.com\/it\/wp-json\/wp\/v2\/categories?post=266275"},{"taxonomy":"post_tag","embeddable":true,"href":"https:\/\/www.europesays.com\/it\/wp-json\/wp\/v2\/tags?post=266275"}],"curies":[{"name":"wp","href":"https:\/\/api.w.org\/{rel}","templated":true}]}}