{"id":266632,"date":"2025-12-18T15:05:14","date_gmt":"2025-12-18T15:05:14","guid":{"rendered":"https:\/\/www.europesays.com\/it\/266632\/"},"modified":"2025-12-18T15:05:14","modified_gmt":"2025-12-18T15:05:14","slug":"forte-e-sensibile-il-tempo","status":"publish","type":"post","link":"https:\/\/www.europesays.com\/it\/266632\/","title":{"rendered":"forte e sensibile \u2013 Il Tempo"},"content":{"rendered":"<p>            <img decoding=\"async\" src=\"https:\/\/www.europesays.com\/it\/wp-content\/uploads\/2025\/12\/142854017-d674fb10-13e8-44be-ba63-ee199d02da22.jpg\" class=\"lazy\" alt=\"\"\/><\/p>\n<p>        Foto: \u00a0Ansa\u00a0<\/p>\n<p>\t\t\t\t\t\t\t<a href=\"\" class=\"author\">Angela Bruni<\/a><\/p>\n<p>\t\t\t\t\t\t\t18 dicembre 2025<\/p>\n<p>Non \u00e8 soltanto la futura sovrana. Per i sudditi britannici, Katherine Middleton \u00e8 molto di pi\u00f9: \u00e8 la regina ideale. &#8220;Assomiglia alla nostra idea di futura regina&#8221;, afferma la biografa Catherine Mayer nel numero di People di questa settimana. La principessa Kate si avvia verso la fine di un anno che ha visto il suo graduale recupero dalla malattia e la riconquista del ruolo a corte. Al banchetto di Stato dello scorso 3 dicembre, a brillare era proprio la moglie dell&#8217;erede al trono William, piuttosto che l&#8217;albero di Natale alto sei metri e scintillante di migliaia di luci, nella Saint George&#8217;s Hall del Castello di Windsor. I\u00b9n un&#8217;atmosfera festosa, Kate aveva sul capo la tiara Oriental Circlet della Regina Vittoria, risalente a 172 anni fa, la pi\u00f9 grande e sfarzosa che abbia mai indossato. Un tempo indossata dalla stessa\u00a0 Vittoria e in seguito dalla Regina Elisabetta e dalla Regina Madre, la tiara \u00e8 riservata alle regine e alle future regine, secondo il testamento di Vittoria. &#8220;\u00c8 magnifica, storica e significativa&#8221;, afferma la biografa reale Sally Bedell Smith. Il banchetto di Stato di dicembre per il presidente tedesco Frank-Walter Steinmeier e sua moglie ha segnato il terzo dell&#8217;anno per la coppia, ponendo William e Kate, entrambi 43enni, in prima linea, nelle realzioni con i leader mondiali in visita, tra cui il presidente Donald Trump a settembre. &#8220;Stanno diventando il volto delle visite di Stato. Stanno assumendo un ruolo di leadership&#8221;, ha affermato la storica reale Amanda Foreman.<\/p>\n<p>L&#8217;anno decisivo di Kate \u00e8 iniziato con l&#8217;annuncio, il 14 gennaio, della remissione da una forma di cancro non ancora resa nota da parte\u00a0 di Kate, ed \u00e8 proseguito con un ritorno graduale alla vita pubblica. Ha ripreso parte del suo lavoro di sensibilizzazione riguardo i temi\u00a0 della prima infanzia, prendendosi delle pause rigeneranti con i figli George, Charlotte e Louis, tra cui una lunga estate per recuperare le forze e un trasferimento autunnale in una casa con otto camere da letto, Forest Lodge a Windsor, dove la famiglia intende rimanere anche dopo che William diventer\u00e0 re.<\/p>\n<p>Catherine e William hanno conciliato i crescenti doveri ufficiali con la vita familiare, anche se la malattia continua a mettere in ombra la monarchia: Re Carlo, 77 anni, prosegue le cure per il cancro, sebbene abbia condiviso in un raro aggiornamento sulla salute il 12 dicembre, secondo cui la terapia sar\u00e0 &#8220;ridotta&#8221; nel nuovo anno. Questo promettente sviluppo sottolinea l&#8217;importanza del ruolo che Kate e William erediteranno un giorno. La graduale ricomparsa di Kate non \u00e8 dovuta solo alla guarigione ma amche alla forza d&#8217;animo. &#8220;\u00c8 una persona che ha guardato in basso nell&#8217;abisso&#8221;, ha\u00a0 sottolineato Foreman. &#8220;Ha quella tempra d&#8217;acciaio, quel fascino straordinario e quel sorriso&#8221;, ha detto la Foreman a People. &#8220;\u00c8 la combinazione della volont\u00e0 di mostrare vulnerabilit\u00e0, ma allo stesso tempo di non esserlo&#8221;.<\/p>\n<p>Kate \u00e8 tornata alla vita pubblica con calma, concentrandosi sulle cause che le stavano pi\u00f9 a cuore. L&#8217;impegno per la prima infanzia \u00e8 rimasto una priorit\u00e0 anche durante la malattia. Il 18 novembre, ha ampliato la portata\u00a0 dell&#8217;iniziativa al Future Workforce Summit di Londra, insieme a 80 leader aziendali e accademici. La principessa del Galles ha inoltre continuato a sostenere le questioni a cui tiene da tempo, dando priorit\u00e0 alle esigenze di George, Charlotte e Louis, tra cui il loro ambientamento nella nuova casa a novembre, mentre William si recava in Brasile per l&#8217;Earthshot Prize. Chi \u00e8 vicino alla coppia afferma che Kate e William sono diventati pi\u00f9 uniti che mai. &#8220;Quello che hanno passato negli ultimi anni \u00e8 stato terribile&#8221;, dice Foreman. &#8220;Questo o allontana le coppie o, nel loro caso, le avvicina. Appiana i contrasti e permette loro di vedersi meglio&#8221;.<\/p>\n","protected":false},"excerpt":{"rendered":"Foto: \u00a0Ansa\u00a0 Angela Bruni 18 dicembre 2025 Non \u00e8 soltanto la futura sovrana. Per i sudditi britannici, Katherine&hellip;\n","protected":false},"author":3,"featured_media":266633,"comment_status":"","ping_status":"","sticky":false,"template":"","format":"standard","meta":{"footnotes":""},"categories":[1451],"tags":[1621,1620,203,204,1537,90,89,1450,365,306],"class_list":{"0":"post-266632","1":"post","2":"type-post","3":"status-publish","4":"format-standard","5":"has-post-thumbnail","7":"category-celebrita","8":"tag-celebrita","9":"tag-celebrities","10":"tag-entertainment","11":"tag-intrattenimento","12":"tag-it","13":"tag-italia","14":"tag-italy","15":"tag-kate-middleton","16":"tag-regno-unito","17":"tag-william"},"share_on_mastodon":{"url":"https:\/\/pubeurope.com\/@it\/115741191647640635","error":""},"_links":{"self":[{"href":"https:\/\/www.europesays.com\/it\/wp-json\/wp\/v2\/posts\/266632","targetHints":{"allow":["GET"]}}],"collection":[{"href":"https:\/\/www.europesays.com\/it\/wp-json\/wp\/v2\/posts"}],"about":[{"href":"https:\/\/www.europesays.com\/it\/wp-json\/wp\/v2\/types\/post"}],"author":[{"embeddable":true,"href":"https:\/\/www.europesays.com\/it\/wp-json\/wp\/v2\/users\/3"}],"replies":[{"embeddable":true,"href":"https:\/\/www.europesays.com\/it\/wp-json\/wp\/v2\/comments?post=266632"}],"version-history":[{"count":0,"href":"https:\/\/www.europesays.com\/it\/wp-json\/wp\/v2\/posts\/266632\/revisions"}],"wp:featuredmedia":[{"embeddable":true,"href":"https:\/\/www.europesays.com\/it\/wp-json\/wp\/v2\/media\/266633"}],"wp:attachment":[{"href":"https:\/\/www.europesays.com\/it\/wp-json\/wp\/v2\/media?parent=266632"}],"wp:term":[{"taxonomy":"category","embeddable":true,"href":"https:\/\/www.europesays.com\/it\/wp-json\/wp\/v2\/categories?post=266632"},{"taxonomy":"post_tag","embeddable":true,"href":"https:\/\/www.europesays.com\/it\/wp-json\/wp\/v2\/tags?post=266632"}],"curies":[{"name":"wp","href":"https:\/\/api.w.org\/{rel}","templated":true}]}}