{"id":266654,"date":"2025-12-18T15:18:13","date_gmt":"2025-12-18T15:18:13","guid":{"rendered":"https:\/\/www.europesays.com\/it\/266654\/"},"modified":"2025-12-18T15:18:13","modified_gmt":"2025-12-18T15:18:13","slug":"estonia-3-soldati-russi-sconfinano-in-territorio-nato","status":"publish","type":"post","link":"https:\/\/www.europesays.com\/it\/266654\/","title":{"rendered":"Estonia, 3 soldati russi sconfinano in territorio Nato"},"content":{"rendered":"<p>Tre militari russi in uniforme avrebbero attraversato il confine dell&#8217;Estonia entrando nel territorio della Nato. A riferirlo \u00e8 stata la Bild, citando il ministero degli Esteri di Tallin, secondo cui le tre guardie di frontiera russe in divisa sarebbero rimaste in territorio estone per circa 20 minuti e poi sarebbero tornate indietro. Come riferisce ancora il quotidiano tedesco, che allega anche un video fornito dallo stesso dicastero estone, i funzionari avrebbero attraversato illegalmente la linea di controllo su un frangiflutti nel fiume di confine Narva, vicino alla localit\u00e0 di Vasknarva, dove erano arrivati con un overcraft e avevano proseguito a piedi.<\/p>\n<p>\t\t \tI tre soldati russi in Estonia<\/p>\n<p>Secondo il ministro dell&#8217;Interno di Tallin, Igor Taro, non \u00e8 chiaro il motivo dello sconfinamento. &#8220;Non c&#8217;\u00e8 stata alcuna imminente minaccia alla sicurezza, ma la polizia e la guardia di confine hanno aumentato decisamente la presenza delle loro squadre sul posto&#8221;, ha spiegato. A causa dell&#8217;incidente \u00e8 stato fissato un incontro tra i rappresentanti delle autorit\u00e0 di frontiera dei due Paesi. L&#8217;Estonia ha poi annunciato che convocher\u00e0 il responsabile dell&#8217;ambasciata russa a Tallin, per chiedere spiegazioni. &#8220;Si trattava forse dei famigerati &#8216;omini verdi&#8217; con cui la Russia aveva occupato la Crimea nel 2014? Non \u00e8 chiaro&#8221;, scrive la Bild. Qualche giorno fa il ministro degli Esteri estone, Margus Tsahkna, aveva dichiarato che, nel caso in cui i russi avessero oltrepassato il confine, li avrebbero \u201cabbattuti&#8221;.\u00a0\u00a0<\/p>\n<p>\t\t\t<a class=\"c-inline-card j-inline-card c-inline-card--with-image\" href=\"https:\/\/tg24.sky.it\/mondo\/2025\/09\/23\/russia-nato-droni-aerei-polonia-estonia-romania\" rel=\"follow nofollow noopener\" data-intcmp=\"skytg24_articolo_approfondimenti_inline\" target=\"_blank\"><\/p>\n<p>\t\t\t         <img decoding=\"async\" crossorigin=\"anonymous\" alt=\"\" src=\"https:\/\/www.europesays.com\/it\/wp-content\/uploads\/2025\/12\/bandiera_nato_ipa.jpg\"  loading=\"lazy\"  bad-src=\"https:\/\/www.europesays.com\/it\/wp-content\/uploads\/2025\/12\/bandiera_nato_ipa.jpg\"\/><\/p>\n<p>\n\t\t\t         Potrebbe interessarti<br \/>\n\t\t\t         Perch\u00e9 la Russia sta continuando a provocare il fronte Est della Nato?\n\t\t\t      <\/p>\n<p>\t\t\t<\/a><\/p>\n","protected":false},"excerpt":{"rendered":"Tre militari russi in uniforme avrebbero attraversato il confine dell&#8217;Estonia entrando nel territorio della Nato. A riferirlo \u00e8&hellip;\n","protected":false},"author":3,"featured_media":266655,"comment_status":"","ping_status":"","sticky":false,"template":"","format":"standard","meta":{"footnotes":""},"categories":[6],"tags":[364,14,39541,8,1537,90,89,2737,7,15,82,9,83,10,171,13,11,80,84,12,81,85],"class_list":{"0":"post-266654","1":"post","2":"type-post","3":"status-publish","4":"format-standard","5":"has-post-thumbnail","7":"category-ultime-notizie","8":"tag-collaboratori","9":"tag-cronaca","10":"tag-estonia","11":"tag-headlines","12":"tag-it","13":"tag-italia","14":"tag-italy","15":"tag-nato","16":"tag-news","17":"tag-notizie","18":"tag-notizie-di-cronaca","19":"tag-notizie-principali","20":"tag-notiziedicronaca","21":"tag-notizieprincipali","22":"tag-russia","23":"tag-titoli","24":"tag-ultime-notizie","25":"tag-ultime-notizie-di-cronaca","26":"tag-ultime-notizie-e-news-di-oggi","27":"tag-ultimenotizie","28":"tag-ultimenotiziedicronaca","29":"tag-ultimenotizieenewsdioggi"},"share_on_mastodon":{"url":"https:\/\/pubeurope.com\/@it\/115741242550257662","error":""},"_links":{"self":[{"href":"https:\/\/www.europesays.com\/it\/wp-json\/wp\/v2\/posts\/266654","targetHints":{"allow":["GET"]}}],"collection":[{"href":"https:\/\/www.europesays.com\/it\/wp-json\/wp\/v2\/posts"}],"about":[{"href":"https:\/\/www.europesays.com\/it\/wp-json\/wp\/v2\/types\/post"}],"author":[{"embeddable":true,"href":"https:\/\/www.europesays.com\/it\/wp-json\/wp\/v2\/users\/3"}],"replies":[{"embeddable":true,"href":"https:\/\/www.europesays.com\/it\/wp-json\/wp\/v2\/comments?post=266654"}],"version-history":[{"count":0,"href":"https:\/\/www.europesays.com\/it\/wp-json\/wp\/v2\/posts\/266654\/revisions"}],"wp:featuredmedia":[{"embeddable":true,"href":"https:\/\/www.europesays.com\/it\/wp-json\/wp\/v2\/media\/266655"}],"wp:attachment":[{"href":"https:\/\/www.europesays.com\/it\/wp-json\/wp\/v2\/media?parent=266654"}],"wp:term":[{"taxonomy":"category","embeddable":true,"href":"https:\/\/www.europesays.com\/it\/wp-json\/wp\/v2\/categories?post=266654"},{"taxonomy":"post_tag","embeddable":true,"href":"https:\/\/www.europesays.com\/it\/wp-json\/wp\/v2\/tags?post=266654"}],"curies":[{"name":"wp","href":"https:\/\/api.w.org\/{rel}","templated":true}]}}