{"id":266813,"date":"2025-12-18T17:37:13","date_gmt":"2025-12-18T17:37:13","guid":{"rendered":"https:\/\/www.europesays.com\/it\/266813\/"},"modified":"2025-12-18T17:37:13","modified_gmt":"2025-12-18T17:37:13","slug":"pensioni-salta-la-stretta-sul-riscatto-laurea-ma-resta-lallungamento-delle-finestre-di-uscita","status":"publish","type":"post","link":"https:\/\/www.europesays.com\/it\/266813\/","title":{"rendered":"Pensioni, salta la stretta sul riscatto laurea, ma resta l\u2019allungamento delle finestre di uscita"},"content":{"rendered":"<p>Ascolta la versione audio dell&#8217;articolo<\/p>\n<p class=\"atext\">Salta il taglio dei riscatti della laurea ma resta invariato l\u2019allungamento fino a sei mesi delle finestre di attesa per le pensioni anticipate, che saranno estese in modo progressivo dal 2032 per arrivare a regime nel 2035.<\/p>\n<p class=\"atext\">\u00c8 questa <b>l\u2019ultima proposta del Governo<\/b> sulle regole delle pensioni che hanno infiammato il dibattito nella maggioranza intorno alla manovra. Il doppio intervento, su riscatti e finestre, per chiudere ulteriormente i rubinetti dei pensionamenti anticipati aveva portato sulle barricate la Lega, che prima con il relatore della manovra al Senato Claudio Borghi e poi direttamente con il vicepremier Matteo Salvini aveva assicurato che il pacchetto previdenziale sarebbe stato cancellato. Ma cos\u00ec non \u00e8, almeno finora.<\/p>\n<p class=\"atext\">La<b> nuova riformulazione<\/b> governativa arrivata a met\u00e0 pomeriggio in commissione Bilancio a Palazzo Madama limita l\u2019azione delle forbici a una delle due parti della misura contestata, quella che avrebbe ridotto via via nel tempo il peso dei periodo di studio riscattati nel calcolo della maturazione dei requisiti di anzianit\u00e0. La regola era finita mercoled\u00ec sera anche nel mirino della presidente del Consiglio Giorgia Meloni, che aveva indicato la necessit\u00e0 di correzioni per evitare che la tagliola scattasse anche per i riscatti gi\u00e0 effettuati. Ma l\u2019ipotesi di limitare la dieta alle opzioni esercitate dal 1\u00b0 gennaio prossimo avrebbe avuto come <b>effetto collaterale<\/b> di ridurre le entrate dell\u2019Inps: perch\u00e9 i riscatti sono a pagamento, e in pochi avrebbero continuato a scegliere quella via nella consapevolezza che il periodo coperto da questi versamenti avrebbe perso nel tempo fino a 30 mesi, due anni e mezzo, nel calcolo dell\u2019anzianit\u00e0 contributiva.<\/p>\n<p class=\"atext\">Per i <b>riscatti,<\/b> quindi, non accade nulla, al netto dei dubbi che prevedibilmente circonderanno le scelte future degli ex studenti, chiamati a pagare per un meccanismo di aiuto all\u2019anzianit\u00e0 contributiva che per\u00f2, dopo essere finito una volta sui tavoli di una manovra, potrebbe tornarci in un futuro indeterminato.<\/p>\n<p><a class=\"aprev aprev--acor aprev--acor-small aprev--shline\" href=\"https:\/\/www.ilsole24ore.com\/24gpt\" rel=\"nofollow noopener\" target=\"_blank\"><img decoding=\"async\" class=\"img-fluid\" src=\"https:\/\/www.europesays.com\/it\/wp-content\/uploads\/2025\/08\/258x258.png\" alt=\"Scopri di pi\u00f9\"\/><\/a><a class=\"aprev aprev--acor aprev--acor-small aprev--shline\" href=\"https:\/\/tariffe.ilsole24ore.com\/\" rel=\"nofollow noopener\" target=\"_blank\"><img decoding=\"async\" class=\"img-fluid\" src=\"https:\/\/www.europesays.com\/it\/wp-content\/uploads\/2025\/08\/258x258.png\" alt=\"Scopri di pi\u00f9\"\/><\/a><\/p>\n<p class=\"atext\">Nulla per\u00f2 cambia, rispetto ai testi degli ultimi due giorni, nemmeno <b>per le finestre<\/b>. Che quindi continueranno ad allungarsi da tre a quattro mesi nel 2032-33 per arrivare a cinque mesi nel 2034 e a sei mesi dal 2035, raddoppiando dunque gli attuali tempi di attesa fra il raggiungimento dei requisiti per il pensionamento anticipato (oggi 42 anni e 10 mesi per gli uomini, 41 anni e 10 mesi per le donne) e l\u2019uscita effettiva dal lavoro. Cancellare anche questo intervento richiederebbe infatti uno sforzo aggiutivo per le coperture.<\/p>\n","protected":false},"excerpt":{"rendered":"Ascolta la versione audio dell&#8217;articolo Salta il taglio dei riscatti della laurea ma resta invariato l\u2019allungamento fino a&hellip;\n","protected":false},"author":3,"featured_media":266814,"comment_status":"","ping_status":"","sticky":false,"template":"","format":"standard","meta":{"footnotes":""},"categories":[6],"tags":[14,8,1537,90,89,7,15,82,9,83,10,13,11,80,84,12,81,85],"class_list":{"0":"post-266813","1":"post","2":"type-post","3":"status-publish","4":"format-standard","5":"has-post-thumbnail","7":"category-ultime-notizie","8":"tag-cronaca","9":"tag-headlines","10":"tag-it","11":"tag-italia","12":"tag-italy","13":"tag-news","14":"tag-notizie","15":"tag-notizie-di-cronaca","16":"tag-notizie-principali","17":"tag-notiziedicronaca","18":"tag-notizieprincipali","19":"tag-titoli","20":"tag-ultime-notizie","21":"tag-ultime-notizie-di-cronaca","22":"tag-ultime-notizie-e-news-di-oggi","23":"tag-ultimenotizie","24":"tag-ultimenotiziedicronaca","25":"tag-ultimenotizieenewsdioggi"},"share_on_mastodon":{"url":"https:\/\/pubeurope.com\/@it\/115741789636416373","error":""},"_links":{"self":[{"href":"https:\/\/www.europesays.com\/it\/wp-json\/wp\/v2\/posts\/266813","targetHints":{"allow":["GET"]}}],"collection":[{"href":"https:\/\/www.europesays.com\/it\/wp-json\/wp\/v2\/posts"}],"about":[{"href":"https:\/\/www.europesays.com\/it\/wp-json\/wp\/v2\/types\/post"}],"author":[{"embeddable":true,"href":"https:\/\/www.europesays.com\/it\/wp-json\/wp\/v2\/users\/3"}],"replies":[{"embeddable":true,"href":"https:\/\/www.europesays.com\/it\/wp-json\/wp\/v2\/comments?post=266813"}],"version-history":[{"count":0,"href":"https:\/\/www.europesays.com\/it\/wp-json\/wp\/v2\/posts\/266813\/revisions"}],"wp:featuredmedia":[{"embeddable":true,"href":"https:\/\/www.europesays.com\/it\/wp-json\/wp\/v2\/media\/266814"}],"wp:attachment":[{"href":"https:\/\/www.europesays.com\/it\/wp-json\/wp\/v2\/media?parent=266813"}],"wp:term":[{"taxonomy":"category","embeddable":true,"href":"https:\/\/www.europesays.com\/it\/wp-json\/wp\/v2\/categories?post=266813"},{"taxonomy":"post_tag","embeddable":true,"href":"https:\/\/www.europesays.com\/it\/wp-json\/wp\/v2\/tags?post=266813"}],"curies":[{"name":"wp","href":"https:\/\/api.w.org\/{rel}","templated":true}]}}