{"id":266881,"date":"2025-12-18T18:44:12","date_gmt":"2025-12-18T18:44:12","guid":{"rendered":"https:\/\/www.europesays.com\/it\/266881\/"},"modified":"2025-12-18T18:44:12","modified_gmt":"2025-12-18T18:44:12","slug":"inter-ce-uno-scenario-tutto-nuovo-per-il-futuro-di-sommer-che-puo","status":"publish","type":"post","link":"https:\/\/www.europesays.com\/it\/266881\/","title":{"rendered":"Inter, c&#8217;\u00e8 uno scenario tutto nuovo per il futuro di Sommer che pu\u00f2&#8230;"},"content":{"rendered":"<p>Quello del futuro della porta dell&#8217;Inter \u00e8 un tema che accompagner\u00e0 i nerazzurri nelle prossime settimane e nei prossimi mesi<\/p>\n<p>Quello del futuro della porta dell&#8217;Inter \u00e8 un tema che accompagner\u00e0 i nerazzurri nelle prossime settimane e nei prossimi mesi, soprattutto perch\u00e9 c&#8217;\u00e8 da definire la situazione di Yann Sommer, che ieri ha compiuto 37 anni e che ha il contratto in scadenza a giugno.<\/p>\n<p>Ma, se fino a qualche giorno fa sembrava scontato un non rinnovo del rapporto, ora, secondo Il Giorno, lo svizzero potrebbe anche restare come vice del futuro titolare, che potrebbe anche essere Josep Martinez:<\/p>\n<p>&#8220;Per lo spagnolo, quella di domani \u00e8 un\u2019opportunit\u00e0 importante in chiave futura. In una gara da dentro o fuori, in cui ci si gioca l\u2019accesso a una finale, deve dimostrare di poter restare tra le opzioni per la successione di Sommer. Lo svizzero ha compiuto ieri 37 anni, ha il contratto in scadenza a fine giugno e potrebbe chiudere la propria esperienza milanese o restare come alternativa di lusso al futuro titolare&#8221;.<\/p>\n<p class=\"is-copyright\">\u00a9 RIPRODUZIONE RISERVATA<\/p>\n","protected":false},"excerpt":{"rendered":"Quello del futuro della porta dell&#8217;Inter \u00e8 un tema che accompagner\u00e0 i nerazzurri nelle prossime settimane e nei&hellip;\n","protected":false},"author":3,"featured_media":172440,"comment_status":"","ping_status":"","sticky":false,"template":"","format":"standard","meta":{"footnotes":"","_share_on_mastodon":"0"},"categories":[1452],"tags":[46395,156934,156935,721,18123,156936,156937,1740,350,1537,90,89,14751,1739,33586,245,244],"class_list":["post-266881","post","type-post","status-publish","format-standard","has-post-thumbnail","category-calcio","tag-accompagnera","tag-accompagnera-nerazzurri","tag-accompagnera-nerazzurri-prossime","tag-calcio","tag-compiuto","tag-compiuto-contratto","tag-compiuto-contratto-scadenza","tag-football","tag-inter","tag-it","tag-italia","tag-italy","tag-restare","tag-soccer","tag-sommer","tag-sport","tag-sports"],"share_on_mastodon":{"url":"https:\/\/pubeurope.com\/@it\/115742052671146977","error":""},"_links":{"self":[{"href":"https:\/\/www.europesays.com\/it\/wp-json\/wp\/v2\/posts\/266881","targetHints":{"allow":["GET"]}}],"collection":[{"href":"https:\/\/www.europesays.com\/it\/wp-json\/wp\/v2\/posts"}],"about":[{"href":"https:\/\/www.europesays.com\/it\/wp-json\/wp\/v2\/types\/post"}],"author":[{"embeddable":true,"href":"https:\/\/www.europesays.com\/it\/wp-json\/wp\/v2\/users\/3"}],"replies":[{"embeddable":true,"href":"https:\/\/www.europesays.com\/it\/wp-json\/wp\/v2\/comments?post=266881"}],"version-history":[{"count":0,"href":"https:\/\/www.europesays.com\/it\/wp-json\/wp\/v2\/posts\/266881\/revisions"}],"wp:featuredmedia":[{"embeddable":true,"href":"https:\/\/www.europesays.com\/it\/wp-json\/wp\/v2\/media\/172440"}],"wp:attachment":[{"href":"https:\/\/www.europesays.com\/it\/wp-json\/wp\/v2\/media?parent=266881"}],"wp:term":[{"taxonomy":"category","embeddable":true,"href":"https:\/\/www.europesays.com\/it\/wp-json\/wp\/v2\/categories?post=266881"},{"taxonomy":"post_tag","embeddable":true,"href":"https:\/\/www.europesays.com\/it\/wp-json\/wp\/v2\/tags?post=266881"}],"curies":[{"name":"wp","href":"https:\/\/api.w.org\/{rel}","templated":true}]}}