{"id":267038,"date":"2025-12-18T20:58:29","date_gmt":"2025-12-18T20:58:29","guid":{"rendered":"https:\/\/www.europesays.com\/it\/267038\/"},"modified":"2025-12-18T20:58:29","modified_gmt":"2025-12-18T20:58:29","slug":"ardeche-classic-2026-e-drome-classic-2026-le-squadre-al-via-saranno-21-dodici-le-worldtour","status":"publish","type":"post","link":"https:\/\/www.europesays.com\/it\/267038\/","title":{"rendered":"Ard\u00e8che Classic 2026 e Dr\u00f4me Classic 2026, le squadre al via saranno 21: dodici le WorldTour"},"content":{"rendered":"<p>\t\t<img width=\"1200\" height=\"800\" src=\"https:\/\/www.europesays.com\/it\/wp-content\/uploads\/2025\/12\/Gruppo-Partenza-Faun-Drome-Classic-2024.jpg\" class=\"attachment-full size-full wp-post-image\" alt=\"\" data-main-img=\"1\" decoding=\"async\" fetchpriority=\"high\"  \/><\/p>\n<p>\t\t\t\t\t\t\t \u00a9 Billy Le Belge \/ Boucles Dr\u00f4me Ard\u00e8che<\/p>\n<p>\t\t\t\t\t<a href=\"https:\/\/cyclingpro.net\/spaziociclismo\/altro\/scopri-lapp-ufficiale-di-spaziociclismo\/\" title=\"\" rel=\"nofollow noopener\" target=\"_blank\"><br \/>\n\t\t\t\t\t\t<img loading=\"lazy\" decoding=\"async\" src=\"https:\/\/www.europesays.com\/it\/wp-content\/uploads\/2025\/09\/1758060682_662_Banner-App-SpazioCiclismo.png\" alt=\"\" width=\"728\" height=\"91\"\/><br \/>\n\t\t\t\t\t<\/a><\/p>\n<p>Saranno ventuno le squadre che animeranno il doppio appuntamento che compone le Boucles Dr\u00f4me-Ard\u00e8che 2026, ovvero la <strong>Ard\u00e8che Classic 2026<\/strong> e la <strong>Dr\u00f4me Classic 2026<\/strong>. Si tratta di due gare in un giorno che avranno luogo, rispettivamente, sabato 28 e domenica 1 marzo sulle strade di Francia. Le due competizioni sono di livello UCI 1.Pro, aspetto che garantisce un certo interesse verso la presenza da parte delle squadre di alto livello. In tutto, saranno 21 le squadre al via nella due giorni francese: di queste 12 saranno WorldTour, 6 saranno di categoria Professional (nessuna italiana) e tre avranno licenza Continental \u2013 tutte e tre francesi.<\/p>\n<p>Elenco squadre Ard\u00e8che Classic 2026 e Dr\u00f4me Classic 2026<\/p>\n<p><strong>WorldTour\u00a0<\/strong><br \/>Bahrain Victorious<br \/>Decathlon CMA CGM Team<br \/>Groupama-FDJ United<br \/>EF Education-Easypost<br \/>INEOS Grenadiers<br \/>Lidl-Trek<br \/>Lotto-Intermarch\u00e9<br \/>Movistar Team<br \/>Team Picnic PostNL<br \/>Team Visma-Lease a Bike<br \/>UAE Team Emirates XRG<br \/>XDS Astana Team<\/p>\n<p><strong>Professional<\/strong><br \/>Cofidis<br \/>TotalEnergies<br \/>Unibet Tietema Rockets<br \/>Caja Rural-Seguros RGA<br \/>Pinarello-Q36.5<br \/>Tudor<\/p>\n<p><strong>Continental<\/strong><br \/>CIC Pro Cycling Academy<br \/>Nice M\u00e9tropole C\u00f4te d\u2019Azur<br \/>Van Rysel-Roubaix<\/p>\n<p>Seguici<\/p>\n<p>\t\t\t\t\t\t\t\t\t\t<a href=\"https:\/\/news.google.com\/publications\/CAAqBwgKMNaVhQswhaiCAw?hl=it&amp;gl=IT&amp;ceid=IT%3Ait\" title=\"Google News\" target=\"_blank\" rel=\"nofollow noopener\" class=\"post-followus-btn google-new-btn\"><br \/>\n\t\t\t\t\t\t<img decoding=\"async\" src=\"https:\/\/cyclingpro.net\/spaziociclismo\/wp-content\/themes\/jannah\/assets\/images\/google-news.svg\" alt=\"Google News\" loading=\"lazy\" width=\"120\" height=\"22\"\/><br \/>\n\t\t\t\t\t<\/a><br \/>\n\t\t\t\t\t\t\t\t\t\t<a href=\"https:\/\/flipboard.com\/@SpazioCiclismo\" title=\"Flipboard\" target=\"_blank\" rel=\"nofollow noopener\" class=\"post-followus-btn flipboard-btn\"><br \/>\n\t\t\t\t\t\t<img decoding=\"async\" src=\"https:\/\/cyclingpro.net\/spaziociclismo\/wp-content\/themes\/jannah\/assets\/images\/flipboard.svg\" alt=\"Flipboard\" loading=\"lazy\" width=\"152\" height=\"30\"\/><br \/>\n\t\t\t\t\t<\/a><\/p>\n","protected":false},"excerpt":{"rendered":"\u00a9 Billy Le Belge \/ Boucles Dr\u00f4me Ard\u00e8che Saranno ventuno le squadre che animeranno il doppio appuntamento che&hellip;\n","protected":false},"author":3,"featured_media":267039,"comment_status":"","ping_status":"","sticky":false,"template":"","format":"standard","meta":{"footnotes":""},"categories":[1456],"tags":[1824,1825,157049,157050,1537,90,89,245,244],"class_list":{"0":"post-267038","1":"post","2":"type-post","3":"status-publish","4":"format-standard","5":"has-post-thumbnail","7":"category-ciclismo","8":"tag-ciclismo","9":"tag-cycling","10":"tag-faun-ardeche-classic-2026","11":"tag-faun-drome-classic-2026","12":"tag-it","13":"tag-italia","14":"tag-italy","15":"tag-sport","16":"tag-sports"},"share_on_mastodon":{"url":"https:\/\/pubeurope.com\/@it\/115742581970111896","error":""},"_links":{"self":[{"href":"https:\/\/www.europesays.com\/it\/wp-json\/wp\/v2\/posts\/267038","targetHints":{"allow":["GET"]}}],"collection":[{"href":"https:\/\/www.europesays.com\/it\/wp-json\/wp\/v2\/posts"}],"about":[{"href":"https:\/\/www.europesays.com\/it\/wp-json\/wp\/v2\/types\/post"}],"author":[{"embeddable":true,"href":"https:\/\/www.europesays.com\/it\/wp-json\/wp\/v2\/users\/3"}],"replies":[{"embeddable":true,"href":"https:\/\/www.europesays.com\/it\/wp-json\/wp\/v2\/comments?post=267038"}],"version-history":[{"count":0,"href":"https:\/\/www.europesays.com\/it\/wp-json\/wp\/v2\/posts\/267038\/revisions"}],"wp:featuredmedia":[{"embeddable":true,"href":"https:\/\/www.europesays.com\/it\/wp-json\/wp\/v2\/media\/267039"}],"wp:attachment":[{"href":"https:\/\/www.europesays.com\/it\/wp-json\/wp\/v2\/media?parent=267038"}],"wp:term":[{"taxonomy":"category","embeddable":true,"href":"https:\/\/www.europesays.com\/it\/wp-json\/wp\/v2\/categories?post=267038"},{"taxonomy":"post_tag","embeddable":true,"href":"https:\/\/www.europesays.com\/it\/wp-json\/wp\/v2\/tags?post=267038"}],"curies":[{"name":"wp","href":"https:\/\/api.w.org\/{rel}","templated":true}]}}