{"id":267503,"date":"2025-12-19T05:01:20","date_gmt":"2025-12-19T05:01:20","guid":{"rendered":"https:\/\/www.europesays.com\/it\/267503\/"},"modified":"2025-12-19T05:01:20","modified_gmt":"2025-12-19T05:01:20","slug":"samira-lui-ci-ripensa-stop-alle-nozze-con-luigi-punzo-e-svela-il-sogno-su-bruno-barbieri","status":"publish","type":"post","link":"https:\/\/www.europesays.com\/it\/267503\/","title":{"rendered":"Samira Lui ci ripensa, stop alle nozze con Luigi Punzo. E svela il sogno su Bruno Barbieri"},"content":{"rendered":"<p><strong>Samira Lui<\/strong> frena sulle nozze con <strong>Luigi Punzo<\/strong> dopo l\u2019annuncio di qualche settimana fa, svelando anche di avere un sogno legato a Bruno Barbieri, noto giudice di MasterChef.<\/p>\n<p>Samira Lui, la confessione sulle nozze con Luigi Punzo<\/p>\n<p>Qualche tempo fa si era parlato molto delle <a href=\"https:\/\/dilei.it\/vip\/samira-lui-sposa-gerry-scotti-testimone\/1920281\/\" rel=\"nofollow noopener\" target=\"_blank\">imminenti nozze<\/a> di <a href=\"https:\/\/dilei.it\/star-e-vip\/samira-lui\/\" rel=\"nofollow noopener\" target=\"_blank\">Samira Lui<\/a> con il fidanzato <a href=\"https:\/\/dilei.it\/vip\/luigi-punzo-chi\/1825565\/\" rel=\"nofollow noopener\" target=\"_blank\">Luigi Punzo<\/a>, con la scelta della modella di avere <a href=\"https:\/\/dilei.it\/star-e-vip\/gerry-scotti\/\" rel=\"nofollow noopener\" target=\"_blank\">Gerry Scotti<\/a> come testimone. Il matrimonio per\u00f2, come svelato dalla stessa Samira, non si svolger\u00e0 molto presto. La valletta de La Ruota della Fortuna infatti avrebbe altri obiettivi per il momento.<\/p>\n<p>\u201cPrima voglio avere una casa, un lavoro stabile, poi penser\u00f2 al matrimonio e ai figli \u2013 ha rivelato al settimanale Chi -. Sono abbastanza precisa, mi piace programmare, anche se poi, nella vita, bisogna accogliere quello che viene quando succede\u201d. Anche se le nozze sono lontane, Samira \u00e8 innamoratissima del suo Luigi con cui il legame \u00e8 sempre pi\u00f9 forte.<\/p>\n<p>\u201cCon Luigi ho avuto la possibilit\u00e0 di incontrare l\u2019amore e capire che cos\u2019\u00e8 veramente con lui \u2013 ha confidato -. Parlo di un amore maturo, che \u00e8 cresciuto poco alla volta. Prima sono arrivati la simpatia, la stima, il rispetto. Ho apprezzato quello mi faceva stare bene di lui, come il fatto di poter tornare a casa e trovare una persona che ti strappa un sorriso. Poi, arriva il momento in cui capisci che non \u00e8 amicizia, che provi emozioni diverse, e ti accorgi di esserti innamorata\u201d.<\/p>\n<p>Samira ha poi raccontato di essere una <strong>grande fan di Bruno Barbieri<\/strong> e di sognare, in futuro, di lavorare con lui. \u201cMi immagino io e lui sdraiati su un topper di un albergo bellissimo, in montagna, in uno chalet a guardare il cielo stellato attraverso il lucernario \u2013 ha rivelato -. Amo il suo modo di parlare, cio\u00e8, io mi sentirei degli audiolibri con la voce di Bruno Barbieri. E poi mi piace il suo sguardo, quando lo abbassa prima di commentare ma gi\u00e0 dice tutto\u201d.<\/p>\n<p>Il passato doloroso di Samira Lui<\/p>\n<p>Sempre sorridente e solare in tv, Samira Lui nasconde un dolore di cui aveva gi\u00e0 parlato in passato al Grande Fratello. La modella infatti \u00e8 stata abbandonata dal padre quando era molto piccola.<\/p>\n<p>\u201cQuando sono andata a scuola, ciascuno aveva la propria famiglia e ogni famiglia era diversa \u2013 ha raccontato, parlando <strong>dell\u2019assenza del padre<\/strong> durante l\u2019infanzia -. Non ho dovuto giustificare la mancanza di un padre perch\u00e9 avevo la felicit\u00e0 di una famiglia molto presente, con una mamma che sopperiva veramente a tutto, e magari notavo le sofferenze degli altri miei compagni e mi dicevo: \u2018Io pap\u00e0 non ce l\u2019ho, ma vedi come pu\u00f2 essere difficile la vita per una ragazza o un ragazzo che ha i genitori che si stanno separando o che si sono separati? Pi ho avuto altre figura maschili importanti e solide, come mio nonno, mio zio e mio cugino\u201d.<\/p>\n<p>\u201cSono cresciuta non avendo quasi niente \u2013 ha poi concluso -. Cercavamo sempre di arrangiarci con quello che avevamo in casa. Non ho mai conosciuto i soldi ma solo la necessit\u00e0 di averli per vivere. Ora sono pi\u00f9 serena perch\u00e9 riesco a mantenermi da sola, ma, quando parlo con mia mamma di qualcosa che mi piacerebbe avere, mi dice: \u2018S\u00ec, ma a cosa ti serve?\u201d. Per questo ho basato il mio lavoro sulla passione, i soldi sono una conseguenza che accetto volentieri\u201d.<\/p>\n<p>Resta sempre aggiornata:\u00a0<a href=\"https:\/\/www.whatsapp.com\/channel\/0029Vb68mVyHVvTWezDm7d0R\" rel=\"nofollow noopener\" target=\"_blank\">iscriviti al nostro canale WhatsApp!<\/a><\/p>\n","protected":false},"excerpt":{"rendered":"Samira Lui frena sulle nozze con Luigi Punzo dopo l\u2019annuncio di qualche settimana fa, svelando anche di avere&hellip;\n","protected":false},"author":3,"featured_media":267504,"comment_status":"","ping_status":"","sticky":false,"template":"","format":"standard","meta":{"footnotes":""},"categories":[1451],"tags":[1621,1620,203,204,1537,90,89,22835],"class_list":{"0":"post-267503","1":"post","2":"type-post","3":"status-publish","4":"format-standard","5":"has-post-thumbnail","7":"category-celebrita","8":"tag-celebrita","9":"tag-celebrities","10":"tag-entertainment","11":"tag-intrattenimento","12":"tag-it","13":"tag-italia","14":"tag-italy","15":"tag-samira-lui"},"share_on_mastodon":{"url":"https:\/\/pubeurope.com\/@it\/115744478603906208","error":""},"_links":{"self":[{"href":"https:\/\/www.europesays.com\/it\/wp-json\/wp\/v2\/posts\/267503","targetHints":{"allow":["GET"]}}],"collection":[{"href":"https:\/\/www.europesays.com\/it\/wp-json\/wp\/v2\/posts"}],"about":[{"href":"https:\/\/www.europesays.com\/it\/wp-json\/wp\/v2\/types\/post"}],"author":[{"embeddable":true,"href":"https:\/\/www.europesays.com\/it\/wp-json\/wp\/v2\/users\/3"}],"replies":[{"embeddable":true,"href":"https:\/\/www.europesays.com\/it\/wp-json\/wp\/v2\/comments?post=267503"}],"version-history":[{"count":0,"href":"https:\/\/www.europesays.com\/it\/wp-json\/wp\/v2\/posts\/267503\/revisions"}],"wp:featuredmedia":[{"embeddable":true,"href":"https:\/\/www.europesays.com\/it\/wp-json\/wp\/v2\/media\/267504"}],"wp:attachment":[{"href":"https:\/\/www.europesays.com\/it\/wp-json\/wp\/v2\/media?parent=267503"}],"wp:term":[{"taxonomy":"category","embeddable":true,"href":"https:\/\/www.europesays.com\/it\/wp-json\/wp\/v2\/categories?post=267503"},{"taxonomy":"post_tag","embeddable":true,"href":"https:\/\/www.europesays.com\/it\/wp-json\/wp\/v2\/tags?post=267503"}],"curies":[{"name":"wp","href":"https:\/\/api.w.org\/{rel}","templated":true}]}}