{"id":267528,"date":"2025-12-19T05:29:18","date_gmt":"2025-12-19T05:29:18","guid":{"rendered":"https:\/\/www.europesays.com\/it\/267528\/"},"modified":"2025-12-19T05:29:18","modified_gmt":"2025-12-19T05:29:18","slug":"gds-linter-ha-scelto-il-sostituto-di-dumfries-sulla-lista-ci-sono-5-nomi","status":"publish","type":"post","link":"https:\/\/www.europesays.com\/it\/267528\/","title":{"rendered":"Gds &#8211; L&#8217;Inter ha scelto il sostituto di Dumfries: sulla lista ci sono 5 nomi&#8230;"},"content":{"rendered":"<p>Il serio infortunio di Denzel Dumfries ha spinto l&#8217;Inter a cercare il sostituto dell&#8217;olandese<\/p>\n<p>Il serio infortunio di Denzel <strong>Dumfries<\/strong> e la concreta possibilit\u00e0 che l&#8217;olandese lasci Milano al termine della stagione, hanno spinto <strong>l&#8217;Inter<\/strong> a cercare un esterno destro. Sono diversi i nomi sul taccuino di Marotta e Ausilio, ma il preferito a oggi \u00e8 uno secondo la <strong>Gazzetta dello Sport<\/strong>: <strong>Norton-Cuffy<\/strong>. &#8220;L&#8217;Inter in testa ha cinque nomi&#8230; in uno: Brooke Dion Nelson Norton-Cuffy. Per caratteristiche &#8211; tecniche, fisiche, anagrafiche &#8211; l&#8217;inglese rappresenta praticamente il profilo perfetto. Norton-Cuffy \u00e8 davanti rispetto alla scommessa Valincic, a Tour\u00e9 del Pisa, a Palestra dell&#8217;Atalanta. Ma occhio alla concorrenza della Premier League. I club inglesi sono sempre molto attenti ai profili nazionali, e ce ne sono almeno un paio &#8211; oltre a Napoli e Juve &#8211; che riporterebbero volentieri oltremanica l&#8217;ex Arsenal&#8221;, si legge sul quotidiano.<\/p>\n<p>&#8220;\u00c8 un 2004, ha margini di crescita ancora enormi nonostante il boom di questa stagione, conosce gi\u00e0 il campionato italiano, ma soprattutto non gli manca la fisicit\u00e0 che appartiene a Dumfries. Ecco perch\u00e9 l&#8217;inglese pare il candidato ideale per l&#8217;Inter. Un profilo futuribile ma gi\u00e0 pronto per sostituire una colonna della squadra come l&#8217;olandese&#8221;.<\/p>\n<p>&#8220;Altre due questioni sorridono alla candidatura di Norton-Cuffy. Numero uno, il prezzo del cartellino. Per una cifra intorno ai 15-20 milioni \u00e8 chiaro che il Genoa comincerebbe a vacillare. Assist per Oaktree, che lo scorso anno ha fissato a 25 il tetto oltre cui non spingersi. Numero due, l&#8217;agenzia di procuratori che lo segue: la Roc Nation del rapper Jay-Z. I rapporti con l&#8217;Inter sono ottimi specialmente dopo l&#8217;affare Lukaku, seguito ai tempi della felice esperienza nerazzurra e mollato prima dei tira e molla estivi del belga dopo la finale di Istanbul. Una serie di indizi che rischiano di diventare una prova: Norton-Cuffy-Inter, pi\u00f9 di un&#8217;idea&#8221;.<\/p>\n<p class=\"is-copyright\">\u00a9 RIPRODUZIONE RISERVATA<\/p>\n","protected":false},"excerpt":{"rendered":"Il serio infortunio di Denzel Dumfries ha spinto l&#8217;Inter a cercare il sostituto dell&#8217;olandese Il serio infortunio di&hellip;\n","protected":false},"author":3,"featured_media":267529,"comment_status":"","ping_status":"","sticky":false,"template":"","format":"standard","meta":{"footnotes":"","_share_on_mastodon":"0"},"categories":[1452],"tags":[721,2138,57066,157328,49392,49393,31512,1740,1280,1281,2885,157329,157330,1570,350,157331,1537,90,89,2381,70634,77114,157332,1312,6049,2717,1739,245,244],"class_list":["post-267528","post","type-post","status-publish","format-standard","has-post-thumbnail","category-calcio","tag-calcio","tag-cercare","tag-cuffy","tag-cuffy-inter","tag-denzel","tag-denzel-dumfries","tag-dumfries","tag-football","tag-gazzetta","tag-gazzetta-sport","tag-infortunio","tag-infortunio-denzel","tag-infortunio-denzel-dumfries","tag-inglese","tag-inter","tag-inter-cercare","tag-it","tag-italia","tag-italy","tag-nomi","tag-norton","tag-norton-cuffy","tag-norton-cuffy-inter","tag-numero","tag-olandese","tag-profilo","tag-soccer","tag-sport","tag-sports"],"share_on_mastodon":{"url":"https:\/\/pubeurope.com\/@it\/115744588661928016","error":""},"_links":{"self":[{"href":"https:\/\/www.europesays.com\/it\/wp-json\/wp\/v2\/posts\/267528","targetHints":{"allow":["GET"]}}],"collection":[{"href":"https:\/\/www.europesays.com\/it\/wp-json\/wp\/v2\/posts"}],"about":[{"href":"https:\/\/www.europesays.com\/it\/wp-json\/wp\/v2\/types\/post"}],"author":[{"embeddable":true,"href":"https:\/\/www.europesays.com\/it\/wp-json\/wp\/v2\/users\/3"}],"replies":[{"embeddable":true,"href":"https:\/\/www.europesays.com\/it\/wp-json\/wp\/v2\/comments?post=267528"}],"version-history":[{"count":0,"href":"https:\/\/www.europesays.com\/it\/wp-json\/wp\/v2\/posts\/267528\/revisions"}],"wp:featuredmedia":[{"embeddable":true,"href":"https:\/\/www.europesays.com\/it\/wp-json\/wp\/v2\/media\/267529"}],"wp:attachment":[{"href":"https:\/\/www.europesays.com\/it\/wp-json\/wp\/v2\/media?parent=267528"}],"wp:term":[{"taxonomy":"category","embeddable":true,"href":"https:\/\/www.europesays.com\/it\/wp-json\/wp\/v2\/categories?post=267528"},{"taxonomy":"post_tag","embeddable":true,"href":"https:\/\/www.europesays.com\/it\/wp-json\/wp\/v2\/tags?post=267528"}],"curies":[{"name":"wp","href":"https:\/\/api.w.org\/{rel}","templated":true}]}}