{"id":267554,"date":"2025-12-19T05:55:44","date_gmt":"2025-12-19T05:55:44","guid":{"rendered":"https:\/\/www.europesays.com\/it\/267554\/"},"modified":"2025-12-19T05:55:44","modified_gmt":"2025-12-19T05:55:44","slug":"liegi-meno-altura-e-tour-per-tiberi-e-iniziata-la-fase-2","status":"publish","type":"post","link":"https:\/\/www.europesays.com\/it\/267554\/","title":{"rendered":"Liegi, meno altura e Tour: per Tiberi \u00e8 iniziata la fase 2"},"content":{"rendered":"<p class=\"\">Il 2026 di Antonio Tiberi ha <strong>il nuovo orizzonte del Tour<\/strong>. Dopo il quinto posto e la maglia bianca nel Giro 2024 del debutto, quest\u2019anno una caduta e il morale a pezzi hanno portato al piazzamento fuori dai 15 che non rende giustizia. Il problema \u00e8 che in questo ciclismo superveloce, <strong>non sono solo i bambini a crescere precocemente, bruciano come paglia anche le attese dei tifosi<\/strong>. Per cui Tiberi, che ha ancora 24 anni, da parte di molti \u00e8 stato messo ingiustamente nel cestino.<\/p>\n<p class=\"\">In questi giorni di allenamento sulle strade di Altea, <strong>Antonio ha iniziato a costruire la prossima stagione<\/strong>. Le vacanze sono finite e quest\u2019anno, per la prima volta, sono state vacanze vere, prima di ritrovarsi in famiglia e coltivare i rapporti che la vita nomade inevitabilmente allenta. Quando nel pomeriggio gli chiediamo di raccontarci i suoi programmi, il tono \u00e8 rilassato e consapevole.<\/p>\n<p class=\"\">\u00abCi stiamo allenando bene \u2013 dice a bordo piscina \u2013<strong> le sensazioni sono buone, quindi tutto procede bene<\/strong>. La temperatura anche verso l\u2019interno non \u00e8 male, magari qualche pioggerella ogni tanto. Finora non abbiamo visto giornate di sole pieno, per\u00f2 riusciamo a fare quello che abbiamo nel programma\u00bb.<\/p>\n<p><img loading=\"lazy\" decoding=\"async\" width=\"1009\" height=\"500\" src=\"data:image\/svg+xml,%3Csvg%20xmlns=\" http:=\"\" alt=\"L'Hotel Cap Negret di Altea \u00e8 nuovamente la base di partenza per la nuova stagione della Bahrain Victorious\" class=\"wp-image-448061\" data-lazy- data-lazy- data-lazy-src=\"https:\/\/www.europesays.com\/it\/wp-content\/uploads\/2025\/12\/tibto3_img_dk.jpg\"\/>L\u2019Hotel Cap Negret di Altea \u00e8 nuovamente la base di partenza per la nuova stagione della Bahrain Victorious<\/p>\n<p><img loading=\"lazy\" decoding=\"async\" width=\"559\" height=\"745\" src=\"data:image\/svg+xml,%3Csvg%20xmlns=\" http:=\"\" alt=\"L'Hotel Cap Negret di Altea \u00e8 nuovamente la base di partenza per la nuova stagione della Bahrain Victorious\" class=\"wp-image-448062\" data-lazy- data-lazy- data-lazy-src=\"https:\/\/www.europesays.com\/it\/wp-content\/uploads\/2025\/12\/tibto3_img_mb.jpg\"\/>L\u2019Hotel Cap Negret di Altea \u00e8 nuovamente la base di partenza per la nuova stagione della Bahrain Victorious<\/p>\n<p>Sembra proprio che l\u2019anno prossimo andrai al Tour\u2026<\/p>\n<p class=\"\">Dobbiamo ancora fare il meeting per definire i particolari, per\u00f2 \u00e8 cos\u00ec. Inizier\u00f2 alla Valenciana, poi Tirreno, Liegi, Romandia, Delfinato e poi debutter\u00f2 al Tour de France. <strong>L\u2019obiettivo? Arrivare a Parigi<\/strong>. Ci sono stato per la prima volta quest\u2019anno in vacanza e mi \u00e8 piaciuta tantissimo. Per cui punto a tornarci per festeggiare la fine del Tour de France sui Campi Elisi.<\/p>\n<p>Una scelta per evitare le troppe attese del Giro?<\/p>\n<p class=\"\">Sono curioso e anche contento di debuttare in Francia. <strong>Tanti, anche compagni di squadra, mi dicono che per la loro esperienza il Tour mi si addice pi\u00f9 del Giro<\/strong>, quindi sono curioso di vedere se \u00e8 vero. Mi piace sempre fare il Giro d\u2019Italia, perch\u00e9 \u00e8 la gara di casa. Per\u00f2 parlando con la squadra, abbiamo visto che \u00e8 anche<strong> il momento giusto per andare in Francia<\/strong>. Da parte mia ho detto subito che sarei stato super contento e cos\u00ec abbiamo scelto.<\/p>\n<p>Se pensi al Giro sono pi\u00f9 i bei ricordi o quelli amari?<\/p>\n<p class=\"\">Sono passato dal 2024 in cui \u00e8 andato tutto benissimo, al 2025 in cui \u00e8 andato tutto stortissimo. Perci\u00f2 <strong>tengo davanti i bei ricordi piuttosto che quelli del 2025<\/strong>. Anche se fino alla maledetta caduta di Nova Gorica, stava andando tutto come ci eravamo prefissati. <a href=\"https:\/\/bici.pro\/news\/professionisti\/tiberi-cresce-roglic-pericoloso-caruso\/\" target=\"_blank\" rel=\"noreferrer noopener nofollow\">Ero terzo in classifica<\/a>, ed \u00e8 vero che ancora non erano arrivate le vere tappe di montagna, per\u00f2 <strong>da quel momento i problemi fisici e muscolari hanno <a href=\"https:\/\/bici.pro\/news\/professionisti\/tiberi-obiettivo-sopravvivere-cercare-giorno-leone\/\" target=\"_blank\" rel=\"noreferrer noopener nofollow\">rimodellato le mie ambizioni<\/a><\/strong>. La condizione ha iniziato a scendere col passare delle tappe, ma fa tutto parte del nostro sport e quindi va accettato. Sono esperienze che in futuro torneranno utili.<\/p>\n<p><img loading=\"lazy\" decoding=\"async\" width=\"1009\" height=\"500\" src=\"data:image\/svg+xml,%3Csvg%20xmlns=\" http:=\"\" alt=\"\" class=\"wp-image-415420\" data-lazy- data-lazy- data-lazy-src=\"https:\/\/www.europesays.com\/it\/wp-content\/uploads\/2025\/12\/dtas3_img_dk.jpg\"\/>Giro 2025: all\u2019indomani della caduta di Nova Gorica, Tiberi ha avuto una bella reazione verso Asiago, poi sono cominciati i problemi<\/p>\n<p><img loading=\"lazy\" decoding=\"async\" width=\"559\" height=\"745\" src=\"data:image\/svg+xml,%3Csvg%20xmlns=\" http:=\"\" alt=\"\" class=\"wp-image-415421\" data-lazy- data-lazy- data-lazy-src=\"https:\/\/www.europesays.com\/it\/wp-content\/uploads\/2025\/12\/dtas3_img_mb.jpg\"\/>Giro 2025: all\u2019indomani della caduta di Nova Gorica, Tiberi ha avuto una bella reazione verso Asiago, poi sono cominciati i problemi<\/p>\n<p>Fra le esperienze c\u2019\u00e8 anche un 2025 pieno di troppi ritiri in altura e il senso che tu arrivassi alle corse gi\u00e0 sfinito\u2026<\/p>\n<p class=\"\">E\u2019 sicuramente uno dei primi punti che abbiamo trattato nel mettere gi\u00f9 la bozza del prossimo anno, sia come preparazione sia come gare. <strong>La sensazione dell\u2019anno scorso \u00e8 stata quella di aver fatto troppa altura e aver spremuto troppo il fisico al di fuori delle gare<\/strong>. Spremi fuori gara, poi spremi in gara, spremi fuori dalla gara, poi spremi in gara e a un certo punto diventa troppo. Per questo nel programma l\u2019altura \u00e8 stata prevista <strong>in modo pi\u00f9 specifico e mirato rispetto ai veri obiettivi<\/strong>.<\/p>\n<p>Prima Bennati, poi Villa e probabilmente anche Amadio dicono che per fare bene nei prossimi mondiali, Tiberi deve fare pi\u00f9 esperienza nelle corse in linea.<\/p>\n<p class=\"\">L\u2019ho richiesto personalmente alla squadra, quando mi hanno chiesto qualche preferenza per il prossimo anno. Ho chiesto di correre pi\u00f9 gare di un giorno, magari delle classiche. <strong>Per questo far\u00f2 la Liegi<\/strong>, ma a inizio stagione anche il Trofeo Laigueglia, che \u00e8 una classica, si corre in Italia e mi fa molto piacere. Poi, giustamente, avendo il Tour nel programma, le gare a tappe sono la parte principale.<\/p>\n<p>Tour e basta oppure Tour e Vuelta?<\/p>\n<p class=\"\">Per adesso, direi <strong>Tour e basta<\/strong>. Poi magari si pu\u00f2 pensare a qualche gara a tappe pi\u00f9 breve o gare di un giorno. Dobbiamo ancora parlare di quello che accadr\u00e0 dopo luglio, magari a gennaio saremo pi\u00f9 precisi e comunque <strong>dipender\u00e0 dall\u2019andamento della stagione<\/strong>.<\/p>\n<p><img loading=\"lazy\" decoding=\"async\" width=\"1009\" height=\"500\" src=\"data:image\/svg+xml,%3Csvg%20xmlns=\" http:=\"\" alt=\"Giro d'Italia 2025, giorno d i riposo, Cittadella, Franco Pellizotti, Damiano Caruso, Antonio Tiberi\" class=\"wp-image-415731\" data-lazy- data-lazy- data-lazy-src=\"https:\/\/www.europesays.com\/it\/wp-content\/uploads\/2025\/12\/atib4_img_dk.jpg\"\/>Pellizotti in ammiraglia, Caruso e Tiberi sulla strada. La coppia si ritrover\u00e0 anche al Tour?<\/p>\n<p><img loading=\"lazy\" decoding=\"async\" width=\"559\" height=\"745\" src=\"data:image\/svg+xml,%3Csvg%20xmlns=\" http:=\"\" alt=\"Giro d'Italia 2025, giorno d i riposo, Cittadella, Franco Pellizotti, Damiano Caruso, Antonio Tiberi\" class=\"wp-image-415732\" data-lazy- data-lazy- data-lazy-src=\"https:\/\/www.europesays.com\/it\/wp-content\/uploads\/2025\/12\/atib4_img_mb.jpg\"\/>Pellizotti in ammiraglia, Caruso e Tiberi sulla strada. La coppia si ritrover\u00e0 anche al Tour?<\/p>\n<p>Sei stato per due volte al Giro con Caruso: lo avrai accanto anche al Tour?<\/p>\n<p class=\"\">La certezza di Damiano \u00e8 che, essendo <a href=\"https:\/\/bici.pro\/focus\/storie\/caruso-prepara-campana-ultimo-giro\/\" target=\"_blank\" rel=\"noreferrer noopener nofollow\">il suo ultimo anno<\/a>, vorr\u00e0 fare molto bene al Giro. Detto questo, <strong>io mi auguro che non smetta, perch\u00e9 va ancora molto forte<\/strong>. Dopo il Giro, vedremo cosa dir\u00e0 la squadra, perch\u00e9 non mi pare che lui abbia chiuso completamente la porta sul Tour.<\/p>\n<p>Se parliamo del Tour, che cosa ti viene in mente?<\/p>\n<p class=\"\">Vincenzo Nibali, lo guardavo in televisione quando l\u2019ha vinto. E poi mi ricordo di Voeckler e delle sue smorfie con la linguaccia. <strong>Il Tour l\u2019ho sempre guardato in tiv\u00f9<\/strong> e anche questo mi fa provare tanta grinta e gioia al pensiero di debuttare.<\/p>\n<p>Curiosit\u00e0: avete scelto il Tour dopo aver visto il percorso?<\/p>\n<p class=\"\">No, <strong>in realt\u00e0 avevamo deciso prima<\/strong>, quando abbiamo fatto la chiamata con i capi per confrontare le idee che avevamo. Quando \u00e8 uscito fuori <a href=\"https:\/\/www.letour.fr\/en\" target=\"_blank\" rel=\"noreferrer noopener nofollow\">il percorso<\/a> c\u2019\u00e8 stata la conferma finale.<\/p>\n<p>Che cosa ti piace del percorso?<\/p>\n<p class=\"\">Il fatto che la prima tappa sia <strong>una cronosquadre<\/strong>, una specialit\u00e0 che mi piace e che faccio sempre molto volentieri (in apertura Tiberi in azione al Tour de Pologne 2025, nella crono in cui ha conquistato il quarto posto, ndr). La modalit\u00e0 scelta \u00e8 diversa dal solito: <strong>il tempo si prende sul primo e i distacchi di ciascuno diventano effettivi.<\/strong> Poi, come dicevo, l\u2019arrivo in salita del terzo giorno rende la prima settimana pi\u00f9 interessante. E poi le classiche salite del Tour e <strong><a href=\"https:\/\/bici.pro\/news\/professionisti\/tour-2026-montjuic-salita-inedita-doppia-alpe-huez\/\" target=\"_blank\" rel=\"noreferrer noopener nofollow\">la doppia Alpe d\u2019Huez<\/a> alla fine.<\/strong><\/p>\n<p><img loading=\"lazy\" decoding=\"async\" width=\"1009\" height=\"500\" data-id=\"448057\" src=\"data:image\/svg+xml,%3Csvg%20xmlns=\" http:=\"\" alt=\"Nella prossima stagione, la Bahrain Victorious passer\u00e0 da bici Merida a Bianchi\" class=\"wp-image-448057\" data-lazy- data-lazy- data-lazy-src=\"https:\/\/www.europesays.com\/it\/wp-content\/uploads\/2025\/12\/tibto1_img_dk.jpg\"\/>Nella prossima stagione, la Bahrain Victorious passer\u00e0 da bici Merida a Bianchi<\/p>\n<p><img loading=\"lazy\" decoding=\"async\" width=\"1009\" height=\"500\" data-id=\"448059\" src=\"data:image\/svg+xml,%3Csvg%20xmlns=\" http:=\"\" alt=\"Il modello in dotazione alla squadra di Tiberi \u00e8 la Oltre RC\" class=\"wp-image-448059\" data-lazy- data-lazy- data-lazy-src=\"https:\/\/www.europesays.com\/it\/wp-content\/uploads\/2025\/12\/tibto2_img_dk.jpg\"\/>Il modello in dotazione alla squadra di Tiberi \u00e8 la Oltre RC<\/p>\n<p><img loading=\"lazy\" decoding=\"async\" width=\"559\" height=\"745\" data-id=\"448058\" src=\"data:image\/svg+xml,%3Csvg%20xmlns=\" http:=\"\" alt=\"Nella prossima stagione, la Bahrain Victorious passer\u00e0 da bici Merida a Bianchi\" class=\"wp-image-448058\" data-lazy- data-lazy- data-lazy-src=\"https:\/\/www.europesays.com\/it\/wp-content\/uploads\/2025\/12\/tibto1_img_mb.jpg\"\/>Nella prossima stagione, la Bahrain Victorious passer\u00e0 da bici Merida a Bianchi<\/p>\n<p><img loading=\"lazy\" decoding=\"async\" width=\"559\" height=\"745\" data-id=\"448060\" src=\"data:image\/svg+xml,%3Csvg%20xmlns=\" http:=\"\" alt=\"Il modello in dotazione alla squadra di Tiberi \u00e8 la Oltre RC\" class=\"wp-image-448060\" data-lazy- data-lazy- data-lazy-src=\"https:\/\/www.europesays.com\/it\/wp-content\/uploads\/2025\/12\/tibto2_img_mb.jpg\"\/>Il modello in dotazione alla squadra di Tiberi \u00e8 la Oltre RC<\/p>\n<p>Chiudiamo con la novit\u00e0 tecnica della nuova bici: cosa ti sembra?<\/p>\n<p class=\"\">Sono rimasto sorpreso in modo molto positivo. <strong>Ho provata <a href=\"https:\/\/www.bianchi.com\/it\/bianchi-nuovo-partner-e-sponsor-tecnico-del-team-bahrain-victorious\/\" target=\"_blank\" rel=\"noreferrer noopener nofollow\">la Bianchi<\/a> per la prima volta qui in ritiro, ma l\u2019avevo vista dal vivo quando abbiamo fatto il bike fit<\/strong>, dopo il Lombardia pi\u00f9 o meno. E\u2019 molto leggera, reattiva, scattante: un\u2019ottima bici.<\/p>\n<p>Hai provato anche quella da crono?<\/p>\n<p class=\"\">Certamente e pur essendo una bici completamente diversa dalla Merida, <strong>mi sono trovato perfettamente in posizione sin dalle prime pedalate<\/strong>. E\u2019 bastato riportare la posizione della vecchia bici e non abbiamo dovuto cambiare nulla. Pur essendo una bici da crono, \u00e8 molto leggera e reattiva. Si sente che scorre bene.<\/p>\n<p>Anche sulla bici da strada \u00e8 bastato riportare le misure?<\/p>\n<p class=\"\">Dopo il Lombardia abbiamo fatto il bike fit sulla Merida e con quella mi sono allenato. Quando sono arrivato qui in Spagna, <strong>abbiamo riportato le misure sulla Bianchi e non ho dovuto aggiustare nulla<\/strong>. La cosa che ha reso pi\u00f9 facile il lavoro del meccanico \u00e8 il fatto che sella e il gruppo siamo gli stessi e questo ha tolto di mezzo altre complicazioni. <strong>Mi sono trovato molto bene anche con il manubrio, che \u00e8 particolare e diverso rispetto a quello che usavamo<\/strong>. Per\u00f2 devo dire che \u00e8 veramente comodo e permette una guida molto pronta e un ottimo feeling. Insomma, mi pare ci sia tutto per cominciare.<\/p>\n","protected":false},"excerpt":{"rendered":"Il 2026 di Antonio Tiberi ha il nuovo orizzonte del Tour. Dopo il quinto posto e la maglia&hellip;\n","protected":false},"author":3,"featured_media":267555,"comment_status":"","ping_status":"","sticky":false,"template":"","format":"standard","meta":{"footnotes":""},"categories":[1456],"tags":[128070,17085,23592,1824,1825,24047,1537,90,89,245,244,1826],"class_list":{"0":"post-267554","1":"post","2":"type-post","3":"status-publish","4":"format-standard","5":"has-post-thumbnail","7":"category-ciclismo","8":"tag-altea","9":"tag-antonio-tiberi","10":"tag-bahrain-victorious","11":"tag-ciclismo","12":"tag-cycling","13":"tag-damiano-caruso","14":"tag-it","15":"tag-italia","16":"tag-italy","17":"tag-sport","18":"tag-sports","19":"tag-tour-de-france"},"share_on_mastodon":{"url":"https:\/\/pubeurope.com\/@it\/115744690863874540","error":""},"_links":{"self":[{"href":"https:\/\/www.europesays.com\/it\/wp-json\/wp\/v2\/posts\/267554","targetHints":{"allow":["GET"]}}],"collection":[{"href":"https:\/\/www.europesays.com\/it\/wp-json\/wp\/v2\/posts"}],"about":[{"href":"https:\/\/www.europesays.com\/it\/wp-json\/wp\/v2\/types\/post"}],"author":[{"embeddable":true,"href":"https:\/\/www.europesays.com\/it\/wp-json\/wp\/v2\/users\/3"}],"replies":[{"embeddable":true,"href":"https:\/\/www.europesays.com\/it\/wp-json\/wp\/v2\/comments?post=267554"}],"version-history":[{"count":0,"href":"https:\/\/www.europesays.com\/it\/wp-json\/wp\/v2\/posts\/267554\/revisions"}],"wp:featuredmedia":[{"embeddable":true,"href":"https:\/\/www.europesays.com\/it\/wp-json\/wp\/v2\/media\/267555"}],"wp:attachment":[{"href":"https:\/\/www.europesays.com\/it\/wp-json\/wp\/v2\/media?parent=267554"}],"wp:term":[{"taxonomy":"category","embeddable":true,"href":"https:\/\/www.europesays.com\/it\/wp-json\/wp\/v2\/categories?post=267554"},{"taxonomy":"post_tag","embeddable":true,"href":"https:\/\/www.europesays.com\/it\/wp-json\/wp\/v2\/tags?post=267554"}],"curies":[{"name":"wp","href":"https:\/\/api.w.org\/{rel}","templated":true}]}}