{"id":267850,"date":"2025-12-19T10:16:18","date_gmt":"2025-12-19T10:16:18","guid":{"rendered":"https:\/\/www.europesays.com\/it\/267850\/"},"modified":"2025-12-19T10:16:18","modified_gmt":"2025-12-19T10:16:18","slug":"i-sintomi-dellinfluenza-e-i-consigli-del-medico-di-famiglia-affanno-e-mal-di-pancia-si-parte-con-febbre-a-39-40-evitare-di-prendere-antibiotici-fai-da-te","status":"publish","type":"post","link":"https:\/\/www.europesays.com\/it\/267850\/","title":{"rendered":"I sintomi dell&#8217;influenza e i consigli del medico di famiglia: \u00abAffanno e mal di pancia, si parte con febbre a 39-40. Evitare di prendere antibiotici fai-da-te\u00bb"},"content":{"rendered":"<p>    di<br \/>\n    Sara Bettoni<\/p>\n<p class=\"summary-art is-line-h-12\">La dottoressa Paola Palazzi: \u00abC\u2019\u00e8 ancora tempo per vaccinarsi pensando a Capodanno e agli altri appuntamenti in compagnia\u00bb<\/p>\n<p class=\"chapter-paragraph\">\u00abCi sono stati molti casi di <a href=\"https:\/\/www.corriere.it\/salute\/malattie_infettive\/25_dicembre_19\/influenza-piu-di-800mila-italiani-a-letto-nell-ultima-settimana-nuova-variante-sintomi-prevenzione-fe3725fd-f25c-4c5e-b3f8-676a9e885xlk.shtml\" title=\"Influenza, pi\u00f9 di 800mila italiani a letto negli ultimi 7 giorni: la \u00abvariante K\u00bb e i sintomi\" rel=\"nofollow noopener\" target=\"_blank\">influenza<\/a> gi\u00e0 all\u2019inizio di dicembre. Le feste natalizie saranno una ulteriore occasione di diffusione del <a href=\"https:\/\/milano.corriere.it\/notizie\/cronaca\/25_dicembre_19\/influenza-stagionale-in-lombardia-il-picco-atteso-tra-natale-e-capodanno-rischio-feste-a-letto-per-150-mila-persone-8bb15249-984c-451e-b386-c20c6456fxlk.shtml\" title=\"Influenza stagionale in Lombardia, il picco atteso tra Natale e Capodanno: rischio feste a letto per 150 mila persone\" rel=\"nofollow noopener\" target=\"_blank\">virus<\/a>\u00bb. <b>Paola Palazzi <\/b>per anni ha lavorato nel suo ambulatorio in via Foppa. Oggi \u00absalta\u00bb da uno studio all\u2019altro per le sostituzioni di altri medici.<\/p>\n<p class=\"chapter-paragraph\"><b>Dottoressa, quali sono i sintomi che sta vedendo pi\u00f9 spesso tra i pazienti?<\/b><br \/>\u00abSono frequenti i sintomi respiratori, mentre i virus parainfluenzali \u201ccolpiscono\u201d anche l\u2019apparato gastrointestinale. Si sono visti  casi anche tra i pazienti vaccinati, perch\u00e9 il vaccino per l\u2019influenza non copre da tutti i virus simili, comunque previene le  grosse complicanze\u00bb.    &#13;<br \/>\n&#13;<br \/>\n&#13;<br \/>\n&#13;<br \/>\n&#13;<br \/>\n&#13;<br \/>\n&#13;<br \/>\n&#13;<br \/>\n&#13;<br \/>\n&#13;<br \/>\n&#13;<br \/>\n&#13;<br \/>\n&#13;<br \/>\n&#13;<br \/>\n&#13;<br \/>\n&#13;<br \/>\n&#13;<br \/>\n&#13;<br \/>\n&#13;<br \/>\n&#13;<br \/>\n&#13;<br \/>\n&#13;<br \/>\n&#13;<br \/>\n&#13;<br \/>\n&#13;<br \/>\n&#13;<br \/>\n&#13;<br \/>\n&#13;<br \/>\n&#13;<br \/>\n&#13;<br \/>\n&#13;<br \/>\n&#13;<br \/>\n&#13;<br \/>\n&#13;<br \/>\n&#13;<br \/>\n&#13;<br \/>\n&#13;<br \/>\n&#13;<br \/>\n&#13;<br \/>\n&#13;<br \/>\n&#13;<br \/>\n&#13;<br \/>\n&#13;<br \/>\n&#13;<br \/>\n&#13;<br \/>\n&#13;<br \/>\n&#13;<br \/>\n&#13;<br \/>\n&#13;<br \/>\n&#13;<br \/>\n&#13;<br \/>\n&#13;<br \/>\n&#13;\n<\/p>\n<p class=\"chapter-paragraph\"><b>L\u2019esordio della malattia?<\/b><br \/>\u00abLa febbre  a 39,  anche 40\u00bb.<br \/><b><br \/>Quando ci si deve preoccupare?<\/b><br \/>\u00abL\u2019attenzione maggiore \u00e8 sempre per i pazienti fragili,   perch\u00e9 basta un focolaio broncopolmonare che si somma all\u2019infezione virale per dare problemi\u00bb.<\/p>\n<p class=\"chapter-paragraph\"><b>Ci fa qualche esempio di persona fragile e ci spiega come si deve comportare?<\/b><br \/>\u00abQuando il paziente soffre di bronchite cronica, diabete, scompenso cardiaco, va tenuto sotto controllo con pi\u00f9 scrupolo. Bisogna verificare anche la saturazione (ovvero la percentuale di emoglobina nel sangue che trasporta ossigeno), \u00e8 un\u2019ottima spia per capire la situazione generale. Un anziano con la Bpco (la broncopneumopatia cronica ostruttiva) che normalmente satura a 94-95, se raggiunge i valori sotto i 90-91 e presenta  tosse e mancanza di respiro  pu\u00f2 aver bisogno di una radiografia e di un elettrocardiogramma. Un cardiopatico farebbe bene a monitorare anche la frequenza cardiaca. In caso di fibrillazione, sono necessari altri accertamenti. Un  diabetico deve fare attenzione alla glicemia, che potrebbe scompensarsi se sta a letto a lungo\u00bb.<br \/><b><br \/>Il virus pu\u00f2 essere pericoloso anche per i giovani?<\/b><br \/>\u00ab\u00c8 difficile che abbiano bisogno di un ricovero, a meno che non abbiamo altre patologie. Nel loro caso, basta che rimangano in casa e prendano un antipiretico. Possono integrare poi con farmaci che sciolgono il muco, sia sotto forma di aerosol che in formula di sciroppo. La febbre scompare dopo tre giorni\u00bb.<\/p>\n<p class=\"chapter-paragraph\"><b>Cosa evitare nella medicazione fai-da-te?<\/b><br \/>\u00abI farmaci vasocostrittori e gli antistaminici, che possono dare sollievo nell\u2019immediato ma non risolvono il problema. Anche l\u2019antibiotico normalmente non serve, a meno che ci sia una sovrainfezione,  ma tocca al medico decidere. Nel caso di genitori a contatto con bambini piccoli, \u00e8 bene valutare se c\u2019\u00e8 una faringite provocata dallo streptococco (un batterio, ndr):  a quel punto serve l\u2019antibiotico\u00bb.<\/p>\n<p class=\"chapter-paragraph\"><b>Si vedono ancora contagi da Covid?<\/b><br \/>\u00abS\u00ec, tra  settembre e ottobre c\u2019\u00e8 stato un rialzo dei contagi, che per\u00f2 \u00e8  passato sotto silenzio perch\u00e9 molti non hanno fatto il tampone. In caso di malattia, servono la mascherina e 5 giorni di isolamento per non trasmettere il virus\u00bb.<\/p>\n<p class=\"chapter-paragraph\"><b>\u00c8 troppo tardi per vaccinarsi contro l\u2019influenza? <\/b><br \/>\u00abDall\u2019iniezione servono  10\/15 giorni perch\u00e9 la protezione sia \u201cattiva\u201d. Pensando a Capodanno e agli altri appuntamenti in compagnia, dico che c\u2019\u00e8 ancora tempo\u00bb.<\/p>\n<p class=\"is-mr-t-20 is-mr-b-20\"><b><br \/>\n                    <a href=\"https:\/\/milano.corriere.it\/?intcmp=Notizielocali_nd_010623_corriere_ss_milano\" target=\"_blank\" rel=\"nofollow noopener\">Vai a tutte le notizie di Milano<\/a><br \/>\n            <\/b><\/p>\n<p class=\"chapter-paragraph\"><b><a href=\"https:\/\/www.corriere.it\/newsletter\/?theme=41&amp;intcmp=IIIcolonna_NL_CorMilano\" target=\"_blank\" rel=\"nofollow noopener\">Iscriviti alla newsletter di Corriere Milano<\/a><\/b><\/p>\n<p class=\"is-last-update\" datetime=\"2025-12-19T11:03:04+01:00\">19 dicembre 2025 ( modifica il 19 dicembre 2025 | 11:03)<\/p>\n<p class=\"is-copyright\">\n            \u00a9 RIPRODUZIONE RISERVATA\n        <\/p>\n","protected":false},"excerpt":{"rendered":"di Sara Bettoni La dottoressa Paola Palazzi: \u00abC\u2019\u00e8 ancora tempo per vaccinarsi pensando a Capodanno e agli altri&hellip;\n","protected":false},"author":3,"featured_media":267851,"comment_status":"","ping_status":"","sticky":false,"template":"","format":"standard","meta":{"footnotes":""},"categories":[175],"tags":[39305,16855,157627,2109,37,82649,157628,157629,1045,676,17120,14413,2276,7254,1342,2297,3614,239,7944,1537,90,89,370,452,46317,6893,1393,157630,10225,44637,157631,157632,3522,240,2181,5416,373,77756,3378],"class_list":{"0":"post-267850","1":"post","2":"type-post","3":"status-publish","4":"format-standard","5":"has-post-thumbnail","7":"category-salute","8":"tag-antibiotico","9":"tag-appuntamenti","10":"tag-appuntamenti-compagnia","11":"tag-attenzione","12":"tag-bisogno","13":"tag-capodanno","14":"tag-capodanno-appuntamenti","15":"tag-capodanno-appuntamenti-compagnia","16":"tag-casi","17":"tag-compagnia","18":"tag-contagi","19":"tag-cronica","20":"tag-dare","21":"tag-dottoressa","22":"tag-evitare","23":"tag-farmaci","24":"tag-febbre","25":"tag-health","26":"tag-influenza","27":"tag-it","28":"tag-italia","29":"tag-italy","30":"tag-malattia","31":"tag-medico","32":"tag-normalmente","33":"tag-palazzi","34":"tag-paola","35":"tag-paola-palazzi","36":"tag-pazienti","37":"tag-pensando","38":"tag-pensando-capodanno","39":"tag-pensando-capodanno-appuntamenti","40":"tag-possono","41":"tag-salute","42":"tag-serve","43":"tag-servono","44":"tag-sintomi","45":"tag-vaccinarsi","46":"tag-virus"},"share_on_mastodon":{"url":"","error":"Validation failed: Text character limit of 500 exceeded"},"_links":{"self":[{"href":"https:\/\/www.europesays.com\/it\/wp-json\/wp\/v2\/posts\/267850","targetHints":{"allow":["GET"]}}],"collection":[{"href":"https:\/\/www.europesays.com\/it\/wp-json\/wp\/v2\/posts"}],"about":[{"href":"https:\/\/www.europesays.com\/it\/wp-json\/wp\/v2\/types\/post"}],"author":[{"embeddable":true,"href":"https:\/\/www.europesays.com\/it\/wp-json\/wp\/v2\/users\/3"}],"replies":[{"embeddable":true,"href":"https:\/\/www.europesays.com\/it\/wp-json\/wp\/v2\/comments?post=267850"}],"version-history":[{"count":0,"href":"https:\/\/www.europesays.com\/it\/wp-json\/wp\/v2\/posts\/267850\/revisions"}],"wp:featuredmedia":[{"embeddable":true,"href":"https:\/\/www.europesays.com\/it\/wp-json\/wp\/v2\/media\/267851"}],"wp:attachment":[{"href":"https:\/\/www.europesays.com\/it\/wp-json\/wp\/v2\/media?parent=267850"}],"wp:term":[{"taxonomy":"category","embeddable":true,"href":"https:\/\/www.europesays.com\/it\/wp-json\/wp\/v2\/categories?post=267850"},{"taxonomy":"post_tag","embeddable":true,"href":"https:\/\/www.europesays.com\/it\/wp-json\/wp\/v2\/tags?post=267850"}],"curies":[{"name":"wp","href":"https:\/\/api.w.org\/{rel}","templated":true}]}}