{"id":268061,"date":"2025-12-19T13:21:12","date_gmt":"2025-12-19T13:21:12","guid":{"rendered":"https:\/\/www.europesays.com\/it\/268061\/"},"modified":"2025-12-19T13:21:12","modified_gmt":"2025-12-19T13:21:12","slug":"federica-pellegrini-e-incinta-per-la-seconda-volta-lei-e-il-marito-matteo-giunta-aspettano-una-bambina","status":"publish","type":"post","link":"https:\/\/www.europesays.com\/it\/268061\/","title":{"rendered":"Federica Pellegrini \u00e8 incinta per la seconda volta: lei e il marito Matteo Giunta aspettano una bambina"},"content":{"rendered":"<p class=\"has-dropcap\">Federica Pellegrini diventer\u00e0 mamma per la seconda volta. L\u2019annuncio \u00e8 arrivato con una foto intima e simbolica condivisa su Instagram: quattro mani intrecciate, quelle della ex campionessa olimpica, del marito e allenatore Matteo Giunta e della loro <a href=\"https:\/\/www.vanityfair.it\/article\/federica-pellegrini-matteo-giunta-mayternita-coppia-futuro-libro\" target=\"_blank\" rel=\"nofollow noopener\">primogenita Matilde.<\/a> A spiegare l\u2019immagine, la frase: \u00ab<strong>Piovono polpette, ti aspettiamo piccolina<\/strong>\u00bb. \u00c8 un secondo fiocco rosa: la coppia \u00e8 in attesa di <a href=\"https:\/\/www.vanityfair.it\/article\/federica-pellegrini-incinta-intervista\" target=\"_blank\" rel=\"nofollow noopener\">un\u2019altra bambina.<\/a><\/p>\n<p>Una notizia arrivata in modo del tutto inatteso: \u00abInaspettata, come le sorprese pi\u00f9 belle\u00bb, hanno scritto. Federica Pellegrini e Matteo Giunta <strong>sono diventati genitori per la prima volta il 3 gennaio 2024, con la nascita di Matilde.<\/strong> A meno di due anni di distanza, sono pronti ad allargare ancora la famiglia.<\/p>\n<p><strong>La loro storia \u00e8 iniziata nel 2019: Federica e Matteo si sono sposati a Venezia nel 2022<\/strong> e hanno sempre scelto di proteggere la dimensione privata. In passato la ex nuotatrice aveva raccontato le pressioni subite prima ancora di annunciare la prima gravidanza: \u00abNessuno sapeva che noi stavamo provando e c\u2019erano tutte queste incursioni: \u201cQuando fate un figlio? Dai che devi diventare mamma\u201d. L\u2019ho percepita come una violenza non necessaria\u00bb.<\/p>\n<p>Dopo l\u2019arrivo di Matilde, quelle domande si sono semplicemente trasformate. Nell\u2019aprile del 2025, parlando della possibilit\u00e0 di un secondo figlio, Federica Pellegrini aveva dichiarato: \u00abPer adesso non ci penso minimamente. Tutte le illazioni sulle mie presunte pance sono false. E poi prima fatemi uscire dal tunnel: <strong>Matilde \u00e8 gi\u00e0 bella tosta, molto pi\u00f9 di me, caratterialmente \u00e8 parecchio forte e questo non mi dispiace, ma richiede molte energie<\/strong>\u00bb.<\/p>\n<p>Anche se inattesa, questa seconda gravidanza rientrava nei progetti della coppia, che ha scritto anche un libro insieme, <a data-offer-url=\"https:\/\/www.amazon.it\/tempo-solo-nostro-Federica-Pellegrini\/dp\/B0F25HN7W8\/ref=tmm_pap_swatch_0\" class=\"external-link\" data-event-click=\"{&quot;element&quot;:&quot;ExternalLink&quot;,&quot;outgoingURL&quot;:&quot;https:\/\/cna.st\/affiliate-link\/3UPRzDegxr6CexAvpeyZFCd2D5vZouGHCAhLk5Pj2Yf15M5ZFcUa2u3nG4VkjRM5PSxhPvvbut7rrW8g4KZqb14wZWkEwqgqc9vWkL5KkDuswFX91vpNPQaZvNjfrxKnixWb2DYCtJ6pzBBKTqMt7ULzHbW7aJutptjq2zPqixdB6P3R5e5tiGhoboPE3yQU9FUFDmvyJdtgwYfAwHbCcfYnHq21casspn7Mm1SWffbSWjsec6j9cn8SEVXAehVAutuckY1Abrc1mNz7wcXEptPs41LHNfmjsS7BNyrfQAYsqAatyxxsGgD24WchEttDdNJiKFXc54mEZj5cteQturdPkVreEjbDqrKayT9u7QeQjHoJK9kPeiSpz74xc7S3HyguXR3XWG2T5LpHpAX7s1iGd88FnrWGZTGFEiE8AfZwpb6X8hSKYvZ9pE6iK6P32k3STJYZzhLfWCXbwzvtopugbdPSzpojpdPaawj7jndYs5CPTEDkqZeTdV2K2zjNpHofYUq9KwcDyauBswpnG9yFeDvRMHKhXoip?xid=fr1766142296921hhc&quot;}\" href=\"https:\/\/cna.st\/affiliate-link\/3UPRzDegxr6CexAvpeyZFCd2D5vZouGHCAhLk5Pj2Yf15M5ZFcUa2u3nG4VkjRM5PSxhPvvbut7rrW8g4KZqb14wZWkEwqgqc9vWkL5KkDuswFX91vpNPQaZvNjfrxKnixWb2DYCtJ6pzBBKTqMt7ULzHbW7aJutptjq2zPqixdB6P3R5e5tiGhoboPE3yQU9FUFDmvyJdtgwYfAwHbCcfYnHq21casspn7Mm1SWffbSWjsec6j9cn8SEVXAehVAutuckY1Abrc1mNz7wcXEptPs41LHNfmjsS7BNyrfQAYsqAatyxxsGgD24WchEttDdNJiKFXc54mEZj5cteQturdPkVreEjbDqrKayT9u7QeQjHoJK9kPeiSpz74xc7S3HyguXR3XWG2T5LpHpAX7s1iGd88FnrWGZTGFEiE8AfZwpb6X8hSKYvZ9pE6iK6P32k3STJYZzhLfWCXbwzvtopugbdPSzpojpdPaawj7jndYs5CPTEDkqZeTdV2K2zjNpHofYUq9KwcDyauBswpnG9yFeDvRMHKhXoip?xid=fr1766142296921hhc\" rel=\"nofollow noopener\" target=\"_blank\" data-aps-asin=\"B0F25HN7W8\" data-aps-asc-tag=\"\">In un tempo solo nostro<\/a>. Proprio in occasione della sua uscita, l\u2019ex campionessa aveva parlato apertamente del periodo difficile vissuto dopo il parto. \u00abDall\u2019inizio fino ad adesso, che Matilde ha quasi due anni, mi hanno detto: sar\u00e0 sempre pi\u00f9 complicato. Per\u00f2 <strong>\u00e8 stato bello, molto. Non sempre facile. Sono stata vicina alla depressione. Credo sia iniziato tutto da un parto cos\u00ec complicato<\/strong>. Si \u00e8 scoperto che era questo \u201cbaby blues\u201d, che per fortuna non \u00e8 mai sfociato in una depressione post partum, ma \u00e8 appena un gradino sotto\u00bb.<\/p>\n","protected":false},"excerpt":{"rendered":"Federica Pellegrini diventer\u00e0 mamma per la seconda volta. L\u2019annuncio \u00e8 arrivato con una foto intima e simbolica condivisa&hellip;\n","protected":false},"author":3,"featured_media":268062,"comment_status":"","ping_status":"","sticky":false,"template":"","format":"standard","meta":{"footnotes":""},"categories":[1451],"tags":[1621,1620,203,16127,204,1537,90,89],"class_list":{"0":"post-268061","1":"post","2":"type-post","3":"status-publish","4":"format-standard","5":"has-post-thumbnail","7":"category-celebrita","8":"tag-celebrita","9":"tag-celebrities","10":"tag-entertainment","11":"tag-federica-pellegrini","12":"tag-intrattenimento","13":"tag-it","14":"tag-italia","15":"tag-italy"},"share_on_mastodon":{"url":"https:\/\/pubeurope.com\/@it\/115746444852466309","error":""},"_links":{"self":[{"href":"https:\/\/www.europesays.com\/it\/wp-json\/wp\/v2\/posts\/268061","targetHints":{"allow":["GET"]}}],"collection":[{"href":"https:\/\/www.europesays.com\/it\/wp-json\/wp\/v2\/posts"}],"about":[{"href":"https:\/\/www.europesays.com\/it\/wp-json\/wp\/v2\/types\/post"}],"author":[{"embeddable":true,"href":"https:\/\/www.europesays.com\/it\/wp-json\/wp\/v2\/users\/3"}],"replies":[{"embeddable":true,"href":"https:\/\/www.europesays.com\/it\/wp-json\/wp\/v2\/comments?post=268061"}],"version-history":[{"count":0,"href":"https:\/\/www.europesays.com\/it\/wp-json\/wp\/v2\/posts\/268061\/revisions"}],"wp:featuredmedia":[{"embeddable":true,"href":"https:\/\/www.europesays.com\/it\/wp-json\/wp\/v2\/media\/268062"}],"wp:attachment":[{"href":"https:\/\/www.europesays.com\/it\/wp-json\/wp\/v2\/media?parent=268061"}],"wp:term":[{"taxonomy":"category","embeddable":true,"href":"https:\/\/www.europesays.com\/it\/wp-json\/wp\/v2\/categories?post=268061"},{"taxonomy":"post_tag","embeddable":true,"href":"https:\/\/www.europesays.com\/it\/wp-json\/wp\/v2\/tags?post=268061"}],"curies":[{"name":"wp","href":"https:\/\/api.w.org\/{rel}","templated":true}]}}