{"id":268187,"date":"2025-12-19T14:55:13","date_gmt":"2025-12-19T14:55:13","guid":{"rendered":"https:\/\/www.europesays.com\/it\/268187\/"},"modified":"2025-12-19T14:55:13","modified_gmt":"2025-12-19T14:55:13","slug":"meloni-e-le-19-ore-di-trattativa-a-bruxelles-la-doppia-vittoria-la-cautela-su-merz-e-il-gioco-di-sponda-inedito-con-il-premier-belga","status":"publish","type":"post","link":"https:\/\/www.europesays.com\/it\/268187\/","title":{"rendered":"Meloni e le 19 ore di trattativa a Bruxelles: la doppia vittoria, la cautela su Merz e il gioco di sponda (inedito) con il premier belga"},"content":{"rendered":"<p>    di<br \/>\n    Simone Canettieri<\/p>\n<p class=\"summary-art is-line-h-12\">Sul Mercosur e &#8211; soprattutto &#8211; sul prestito all&#8217;Ucraina \u00e8 passata la linea italiana concordata con la Francia. \u00abNella prima parte del verice Meloni non ha nemmeno preso la parola, ma ha concluso l&#8217;accordo\u00bb<\/p>\n<p class=\"chapter-paragraph\">DAL NOSTRO INVIATO<br \/>BRUXELLES &#8211; Diciannove ore di Consiglio, molte delle quali trascorse senza cellulare durante il momento della discussione con i leader. E poi eccola, <a href=\"https:\/\/video.corriere.it\/esteri\/meloni-dopo-il-consiglio-europeo-soluzione-con-solide-basi-giuridiche-ha-prevalso-il-buonsenso-\/e35d4ead-7cf7-410f-bee0-562aa441bxlk\" title=\"Meloni dopo il Consiglio europeo: \u00abSoluzione con solide basi giuridiche, ha prevalso il buonsenso\u00bb\" rel=\"nofollow noopener\" target=\"_blank\">Giorgia Meloni<\/a>, alle 4 di notte, sotto la Lanterna per poche dichiarazioni. La premier usa un basso profilo. <b>Un sorriso di soddisfazione comunica altro. Dice che \u00abha prevalso il buon senso\u00bb. <\/b>Evita trionfalismi, fugge dalle fanfare.<\/p>\n<p class=\"chapter-paragraph\">Eppure, a conti fatti, <b>la vincitrice, se cos\u00ec si pu\u00f2 chiamare, di questo Consiglio \u00e8 lei. Italia-Germania due a zero. Su <a href=\"https:\/\/video.corriere.it\/esteri\/von-der-leyen-la-firma-del-mercosur-rinviata-a-gennaio-abbiamo-bisogno-di-tempo-per-affrontare-alcune-questioni-con-gli-stati-membri-\/f6429d80-c61b-4010-bc89-7a0c1cb88xlk\" title=\"Von der Leyen: \u00abLa firma del Mercosur rinviata a gennaio, abbiamo bisogno di tempo per affrontare alcune questioni con gli Stati membri\u00bb\" rel=\"nofollow noopener\" target=\"_blank\">Mercosur<\/a> e asset russi.<\/b>    &#13;<br \/>\n&#13;<br \/>\n&#13;<br \/>\n&#13;<br \/>\n&#13;<br \/>\n&#13;<br \/>\n&#13;<br \/>\n&#13;<br \/>\n&#13;<br \/>\n&#13;<br \/>\n&#13;<br \/>\n&#13;<br \/>\n&#13;<br \/>\n&#13;<br \/>\n&#13;<br \/>\n&#13;<br \/>\n&#13;<br \/>\n&#13;<br \/>\n&#13;<br \/>\n&#13;<br \/>\n&#13;<br \/>\n&#13;<br \/>\n&#13;<br \/>\n&#13;<br \/>\n&#13;<br \/>\n&#13;<br \/>\n&#13;<br \/>\n&#13;<br \/>\n&#13;<br \/>\n&#13;<br \/>\n&#13;<br \/>\n&#13;<br \/>\n&#13;<br \/>\n&#13;<br \/>\n&#13;<br \/>\n&#13;<br \/>\n&#13;<br \/>\n&#13;<br \/>\n&#13;<br \/>\n&#13;<br \/>\n&#13;<br \/>\n&#13;<br \/>\n&#13;<br \/>\n&#13;<br \/>\n&#13;<br \/>\n&#13;<br \/>\n&#13;<br \/>\n&#13;<br \/>\n&#13;<br \/>\n&#13;<br \/>\n&#13;<br \/>\n&#13;<br \/>\n&#13;\n<\/p>\n<p class=\"chapter-paragraph\">Due affermazioni sulla <a href=\"https:\/\/www.corriere.it\/economia\/finanza\/25_dicembre_19\/prestito-ue-germania-germania-cedimento-236d09da-8bf2-4e6f-9383-c33cca707xlk.shtml\" title=\"Come funziona il prestito Ue all\u2019Ucraina, da dove arriveranno i soldi (e perch\u00e9 a uscirne \u00absconfitta\u00bb \u00e8 la Germania)\" rel=\"nofollow noopener\" target=\"_blank\">Germania di Merz<\/a> (e della presidente della commissione von der Leyen) che non voleva il rinvio dell&#8217;accordo commerciale con i paesi del Sud America e che spingeva per sbloccare e utilizzare i 210 miliardi di euro di beni russi per sostenere l&#8217;Ucraina nei prossimi due anni. \u00c8 accaduto il contrario, come si sa.<\/p>\n<p class=\"chapter-paragraph\">Nonostante questo successo la linea \u00e8: abbiamo vinto, non occorre stravincere. Lo si capisce dalla batteria di dichiarazioni degli esponenti di <b>Fratelli d&#8217;Italia che elogiano la posizione italiana,<\/b> certo, ma evitano qualsiasi riferimento a Berlino. Che resta un partner importantissimo in Europa per mille motivi. Dentro FdI e nel governo dunque non bisogna rimarcare insomma il <a href=\"https:\/\/roma.corriere.it\/notizie\/politica\/25_dicembre_19\/italia-germania-ucraina-consiglio-europeo-d13f16b5-6930-43c2-b832-e3177e13axlk.shtml\" title=\"Italia-Germania, accuse e sospetti sugli aiuti all&#039;Ucraina nelle convulse ore del Consiglio europeo. \u00abBerlino usava un argomento morale per nascondere altro\u00bb\" rel=\"nofollow noopener\" target=\"_blank\">doppio smacco subito dalla Germania<\/a> (che qui campeggia su tutti i giornali belgi) soprattutto sull&#8217;Ucraina, a tre giorni dalla cena dei leader in Cancelleria.<\/p>\n<p class=\"chapter-paragraph\">E cos\u00ec <a href=\"https:\/\/www.corriere.it\/economia\/finanza\/25_dicembre_18\/italia-francia-mercosur-asset-russi-9e2b02a0-9add-4a88-9070-eb992e5cfxlk.shtml\" title=\"Il rapporto a fasi alterne fra Italia e Francia: dopo tanti dissidi, ora si trovano alleate su Mercosur e asset russi\" rel=\"nofollow noopener\" target=\"_blank\">Meloni ottiene un doppio risultato<\/a>. Sul Mercosur viene incontro al mondo agricolo italiano, arrivato fin qui ieri per protestare. <b>La Coldiretti d&#8217;altronde resta una base elettorale importante per il governo,<\/b> come sa benissimo il ministro Francesco Lollobrigida: va ascoltata e sostenuta.  E con la telefonata al presidente Lula, che aspettava <a href=\"https:\/\/www.corriere.it\/esteri\/diretta-live\/25_dicembre_18\/ucraina-russia-le-notizie-sul-conflitto-in-diretta-putin-i-leader-europei-maiali-approfittatori-vinceremo-sul-campo-zelensky-da.shtml\" title=\"Ucraina - Russia, le notizie sul conflitto in diretta | Zelensky: \u00abPossiamo difenderci solo con gli aiuti finanziari, serve una decisione entro l&#039;anno. Ue non crolli adesso\u00bb. Tusk: \u00abSoldi oggi o sangue domani\u00bb\" rel=\"nofollow noopener\" target=\"_blank\">von der Leyen<\/a> per siglare l&#8217;intesa, rafforza il rapporto diretto, sgomberando il campo da ricostruzioni.<\/p>\n<p>APPROFONDISCI CON IL PODCAST<\/p>\n<p class=\"chapter-paragraph\">La lunga notte di Meloni racconta anche di un gioco di sponda quasi inedito: quello fra il premier belga <a href=\"https:\/\/www.corriere.it\/esteri\/25_dicembre_10\/i-volenterosi-incalzano-trump-sull-ucraina-summit-entro-il-fine-settimana-e-il-presidente-usa-attacca-zelensky-79602def-b43f-4e18-995a-586fe9494xlk.shtml\" title=\"I Volenterosi incalzano Trump sul piano per l&#039;Ucraina: summit entro il fine settimana. E il presidente Usa attacca Zelensky\" rel=\"nofollow noopener\" target=\"_blank\">Bart De Wever<\/a>, sulle barricate pur di non autorizzare lo sblocco dei beni di Mosca, e Meloni che ha lo seguito e spinto nei giorni precedenti (con un pugno di Paesi) il Consiglio su questa posizione.  <b>Durante la notte le perplessit\u00e0 di Paesi come Italia, Bulgaria, Malta e Repubblica Ceca non hanno mollato il tavolo.<\/b> Viktor Orban e Robert Fico, nel frattempo, hanno lavorato ai fianchi gli altri leader per far saltare la soluzione che avrebbe scatenato l&#8217;ira di Mosca. I diplomatici dell&#8217;UE hanno dichiarato a Politico che Meloni non ha nemmeno preso la parola durante la prima parte del vertice, ma ha comunque concluso l&#8217;accordo.<br \/>\u00c8 passato cos\u00ec il<a href=\"https:\/\/www.corriere.it\/economia\/finanza\/25_dicembre_19\/prestito-ue-germania-germania-cedimento-236d09da-8bf2-4e6f-9383-c33cca707xlk.shtml\" title=\"Come funziona il prestito Ue all\u2019Ucraina, da dove arriveranno i soldi (e perch\u00e9 a uscirne \u00absconfitta\u00bb \u00e8 la Germania)\" rel=\"nofollow noopener\" target=\"_blank\"> prestito di 90 miliardi<\/a>, una soluzione che non crea problemi interni con la Lega (il provvedimento non dovrebbe passare nemmeno in Parlamento). Per Meloni un altro risvolto non banale di questa lunga notte.<\/p>\n<p class=\"chapter-paragraph\">\u00c8 passato cos\u00ec il<a href=\"https:\/\/www.corriere.it\/economia\/finanza\/25_dicembre_19\/prestito-ue-germania-germania-cedimento-236d09da-8bf2-4e6f-9383-c33cca707xlk.shtml\" title=\"Come funziona il prestito Ue all\u2019Ucraina, da dove arriveranno i soldi (e perch\u00e9 a uscirne \u00absconfitta\u00bb \u00e8 la Germania)\" rel=\"nofollow noopener\" target=\"_blank\"> prestito di 90 miliardi<\/a>, una soluzione che non crea problemi interni con la Lega (il provvedimento non dovrebbe passare nemmeno in Parlamento). Per Meloni un altro risvolto non banale di questa lunga notte.<\/p>\n<p class=\"is-mr-t-20 is-mr-b-20\"><b><br \/>\n                    <a href=\"https:\/\/roma.corriere.it\/?intcmp=Notizielocali_nd_010623_corriere_ss_roma\" target=\"_blank\" rel=\"nofollow noopener\">Vai a tutte le notizie di Roma<\/a><br \/>\n            <\/b><\/p>\n<p class=\"chapter-paragraph\"><b><a href=\"https:\/\/www.corriere.it\/newsletter\/?theme=52&amp;intcmp=NL-artic_nd_050624_corriere_ss_roma\" target=\"_blank\" rel=\"nofollow noopener\">Iscriviti alla newsletter di Corriere Roma<\/a><\/b><\/p>\n<p class=\"is-last-update\" datetime=\"2025-12-19T15:27:29+01:00\">19 dicembre 2025 ( modifica il 19 dicembre 2025 | 15:27)<\/p>\n<p class=\"is-copyright\">\n            \u00a9 RIPRODUZIONE RISERVATA\n        <\/p>\n","protected":false},"excerpt":{"rendered":"di Simone Canettieri Sul Mercosur e &#8211; soprattutto &#8211; sul prestito all&#8217;Ucraina \u00e8 passata la linea italiana concordata&hellip;\n","protected":false},"author":3,"featured_media":268188,"comment_status":"","ping_status":"","sticky":false,"template":"","format":"standard","meta":{"footnotes":"","_share_on_mastodon":"0"},"categories":[6],"tags":[579,76918,157862,157863,279,3832,293,8240,157864,64799,157865,157866,14,6515,6516,1102,1906,6018,157867,157868,3044,2024,157869,8,1537,90,89,381,1258,157861,58,153978,7,15,82,9,83,10,4476,857,115,6840,6444,13,170,11,80,84,12,81,85],"class_list":["post-268187","post","type-post","status-publish","format-standard","has-post-thumbnail","category-ultime-notizie","tag-accordo","tag-banale","tag-banale-lunga","tag-banale-lunga-notte","tag-belga","tag-beni","tag-bruxelles","tag-concluso","tag-concluso-accordo","tag-crea","tag-crea-problemi","tag-crea-problemi-interni","tag-cronaca","tag-der","tag-der-leyen","tag-dichiarazioni","tag-doppio","tag-dovrebbe","tag-dovrebbe-passare","tag-dovrebbe-passare-parlamento","tag-germania","tag-gioco","tag-gioco-sponda","tag-headlines","tag-it","tag-italia","tag-italy","tag-leader","tag-lunga","tag-lunga-notte","tag-meloni","tag-mercosur","tag-news","tag-notizie","tag-notizie-di-cronaca","tag-notizie-principali","tag-notiziedicronaca","tag-notizieprincipali","tag-notte","tag-paesi","tag-premier","tag-prestito","tag-soluzione","tag-titoli","tag-ucraina","tag-ultime-notizie","tag-ultime-notizie-di-cronaca","tag-ultime-notizie-e-news-di-oggi","tag-ultimenotizie","tag-ultimenotiziedicronaca","tag-ultimenotizieenewsdioggi"],"share_on_mastodon":{"url":"","error":"Validation failed: Text character limit of 500 exceeded"},"_links":{"self":[{"href":"https:\/\/www.europesays.com\/it\/wp-json\/wp\/v2\/posts\/268187","targetHints":{"allow":["GET"]}}],"collection":[{"href":"https:\/\/www.europesays.com\/it\/wp-json\/wp\/v2\/posts"}],"about":[{"href":"https:\/\/www.europesays.com\/it\/wp-json\/wp\/v2\/types\/post"}],"author":[{"embeddable":true,"href":"https:\/\/www.europesays.com\/it\/wp-json\/wp\/v2\/users\/3"}],"replies":[{"embeddable":true,"href":"https:\/\/www.europesays.com\/it\/wp-json\/wp\/v2\/comments?post=268187"}],"version-history":[{"count":0,"href":"https:\/\/www.europesays.com\/it\/wp-json\/wp\/v2\/posts\/268187\/revisions"}],"wp:featuredmedia":[{"embeddable":true,"href":"https:\/\/www.europesays.com\/it\/wp-json\/wp\/v2\/media\/268188"}],"wp:attachment":[{"href":"https:\/\/www.europesays.com\/it\/wp-json\/wp\/v2\/media?parent=268187"}],"wp:term":[{"taxonomy":"category","embeddable":true,"href":"https:\/\/www.europesays.com\/it\/wp-json\/wp\/v2\/categories?post=268187"},{"taxonomy":"post_tag","embeddable":true,"href":"https:\/\/www.europesays.com\/it\/wp-json\/wp\/v2\/tags?post=268187"}],"curies":[{"name":"wp","href":"https:\/\/api.w.org\/{rel}","templated":true}]}}