{"id":268386,"date":"2025-12-19T17:45:21","date_gmt":"2025-12-19T17:45:21","guid":{"rendered":"https:\/\/www.europesays.com\/it\/268386\/"},"modified":"2025-12-19T17:45:21","modified_gmt":"2025-12-19T17:45:21","slug":"la-vittima-ha-24-anni-le-telecamere-riprendono-tutto","status":"publish","type":"post","link":"https:\/\/www.europesays.com\/it\/268386\/","title":{"rendered":"la vittima ha 24 anni. Le telecamere riprendono tutto"},"content":{"rendered":"<p>Prato, 19 dicembre 2025 \u2013\u00a0Un uomo di 59 anni \u00e8 stato sottoposto a fermo di indiziato di delitto la notte scorsa con l&#8217;accusa di aver violentato a<strong> Prato<\/strong> una sua <strong>giovane dipendente<\/strong> dopo averle somministrato la cosiddetta<strong> droga dello stupro<\/strong>.<\/p>\n<p> <img alt=\"FE_DSC07292-101773908-101773909\" loading=\"lazy\" width=\"4000\" height=\"2666\" decoding=\"async\" data-nimg=\"1\" style=\"color:transparent;max-width:100%;height:auto\"   src=\"https:\/\/www.europesays.com\/it\/wp-content\/uploads\/2025\/12\/fe_dsc07292-101773908-101773909.webp\"\/><\/p>\n<p>Carabinieri &#8211; notteLuca Castellani\/FotoCastellani<\/p>\n<p>La ricostruzione dei\u00a0fatti <\/p>\n<p>Tutto sarebbe avvenuto luned\u00ec scorso nei locali della stessa ditta, e la <strong>violenza sessuale<\/strong> \u201crisulta essere stata documentata dalle immagini della<strong> videosorveglianza<\/strong>\u201d\u00a0dell&#8217;azienda come rende noto la procura di Prato dando notizia del fermo dell&#8217;uomo, di nazionalit\u00e0 italiana, gi\u00e0 noto alle forze dell&#8217;ordine per reati vari. Gli accertamenti sono scattati a seguito della <strong>denuncia <\/strong>della dipendente che ha\u00a024 anni.<\/p>\n<p>Approfondisci:<\/p>\n<p><a href=\"https:\/\/www.lanazione.it\/massa-carrara\/cronaca\/micol-morta-amica-bnb1hori\" class=\"ArticleEmbed_article__embed__content__Jzqnz\" rel=\"nofollow noopener\" target=\"_blank\">Micol morta nello schianto in motorino, l\u2019amica torna a casa: \u201cAvrei preferito perdere un braccio piuttosto che lei\u201d<img alt=\"Micol morta nello schianto in motorino, l\u2019amica torna a casa: \u201cAvrei preferito perdere un braccio piuttosto che lei\u201d\" loading=\"lazy\" width=\"140\" height=\"78\" decoding=\"async\" data-nimg=\"1\" style=\"color:transparent\"  src=\"https:\/\/www.europesays.com\/it\/wp-content\/uploads\/2025\/12\/micol-arcolini-17-anni-ha-perso-la-vita-nel-sottopasso-in-via-oliveti-a-massa.webp\"\/><\/a> <\/p>\n<p>Da quanto riferito dalla procura il 59enne l&#8217;avrebbe invitata a trattenersi qualche ora in pi\u00f9 oltre l&#8217;orario di lavoro e poi le avrebbe offerto una minestra, pasto consumato sempre in azienda. Da quel momento la giovane avrebbe <strong>perso conoscenza<\/strong> ritrovandosi poi alcune ore dopo con abiti differenti da quelli usati durante il lavoro. Ipotizzando di essere stata abusata la 24enne sarebbe andata in ospedale denunciando l&#8217;accaduto. Gli accertamenti sanitari non avrebbero rilevato ferite compatibili con un&#8217;<strong>aggressione sessuale<\/strong>.<\/p>\n<p>Approfondisci:<\/p>\n<p><a href=\"https:\/\/www.lanazione.it\/firenze\/cronaca\/cadavere-baule-ebgl3qwo\" class=\"ArticleEmbed_article__embed__content__Jzqnz\" rel=\"nofollow noopener\" target=\"_blank\">Una vita davanti alla tv, film e playstation, e due anni da cadavere nel baule: \u201cAmavamo Lorenzo, non riuscivamo a staccarci da lui\u201d<img alt=\"Una vita davanti alla tv, film e playstation, e due anni da cadavere nel baule: \u201cAmavamo Lorenzo, non riuscivamo a staccarci da lui\u201d\" loading=\"lazy\" width=\"140\" height=\"78\" decoding=\"async\" data-nimg=\"1\" style=\"color:transparent\"  src=\"https:\/\/www.europesays.com\/it\/wp-content\/uploads\/2025\/12\/1766166320_506_image.webp\"\/><\/a> <\/p>\n<p>Le indagini <\/p>\n<p>Ma secondo le indagini svolte dai <strong>carabinieri <\/strong>coordinati dalla procura il 59enne, &#8220;dopo aver reso incosciente\u201d\u00a0la giovane \u201cverosimilmente mediante la somministrazione di una sostanza stordente disciolta nella minestra offerta ne abusava sessualmente all&#8217;interno della stessa ditta per poi condurla a casa. Il rinvenimento di benzodiazepine nell&#8217;organismo della vittima ha corroborato la convinzione che all&#8217;interno del pasto fosse stata inserita la cosiddetta &#8216;droga dello stupro\u2019\u201d. E la scena della presunta violenza sarebbe stata ripresa dalle telecamere della ditta. \u00c8 stato cos\u00ec deciso il fermo del 59enne che sar\u00e0 ora interrogato.<\/p>\n<p>Approfondisci:<\/p>\n<p><a href=\"https:\/\/www.lanazione.it\/prato\/cronaca\/dipendente-abusata-minestra-stupro-aell44lu\" class=\"ArticleEmbed_article__embed__content__Jzqnz\" rel=\"nofollow noopener\" target=\"_blank\">Le offre una minestra, ma dentro c\u2019\u00e8 la droga dello stupro. Dipendente abusata dal titolare, la violenza ripresa in un video<img alt=\"Le offre una minestra, ma dentro c\u2019\u00e8 la droga dello stupro. Dipendente abusata dal titolare, la violenza ripresa in un video\" loading=\"lazy\" width=\"140\" height=\"78\" decoding=\"async\" data-nimg=\"1\" style=\"color:transparent\"  src=\"https:\/\/www.europesays.com\/it\/wp-content\/uploads\/2025\/12\/le-indagini-svolte-dai-carabinieri.webp\"\/><\/a> <\/p>\n","protected":false},"excerpt":{"rendered":"Prato, 19 dicembre 2025 \u2013\u00a0Un uomo di 59 anni \u00e8 stato sottoposto a fermo di indiziato di delitto&hellip;\n","protected":false},"author":3,"featured_media":268387,"comment_status":"","ping_status":"","sticky":false,"template":"","format":"standard","meta":{"footnotes":""},"categories":[6],"tags":[4072,14,20978,8,1537,90,89,7,15,82,9,83,10,7060,7045,26462,13,11,80,84,12,81,85,20979,548],"class_list":{"0":"post-268386","1":"post","2":"type-post","3":"status-publish","4":"format-standard","5":"has-post-thumbnail","7":"category-ultime-notizie","8":"tag-azienda","9":"tag-cronaca","10":"tag-drogata","11":"tag-headlines","12":"tag-it","13":"tag-italia","14":"tag-italy","15":"tag-news","16":"tag-notizie","17":"tag-notizie-di-cronaca","18":"tag-notizie-principali","19":"tag-notiziedicronaca","20":"tag-notizieprincipali","21":"tag-riprendono","22":"tag-telecamere","23":"tag-titolare","24":"tag-titoli","25":"tag-ultime-notizie","26":"tag-ultime-notizie-di-cronaca","27":"tag-ultime-notizie-e-news-di-oggi","28":"tag-ultimenotizie","29":"tag-ultimenotiziedicronaca","30":"tag-ultimenotizieenewsdioggi","31":"tag-violentata","32":"tag-vittima"},"share_on_mastodon":{"url":"https:\/\/pubeurope.com\/@it\/115747483488491063","error":""},"_links":{"self":[{"href":"https:\/\/www.europesays.com\/it\/wp-json\/wp\/v2\/posts\/268386","targetHints":{"allow":["GET"]}}],"collection":[{"href":"https:\/\/www.europesays.com\/it\/wp-json\/wp\/v2\/posts"}],"about":[{"href":"https:\/\/www.europesays.com\/it\/wp-json\/wp\/v2\/types\/post"}],"author":[{"embeddable":true,"href":"https:\/\/www.europesays.com\/it\/wp-json\/wp\/v2\/users\/3"}],"replies":[{"embeddable":true,"href":"https:\/\/www.europesays.com\/it\/wp-json\/wp\/v2\/comments?post=268386"}],"version-history":[{"count":0,"href":"https:\/\/www.europesays.com\/it\/wp-json\/wp\/v2\/posts\/268386\/revisions"}],"wp:featuredmedia":[{"embeddable":true,"href":"https:\/\/www.europesays.com\/it\/wp-json\/wp\/v2\/media\/268387"}],"wp:attachment":[{"href":"https:\/\/www.europesays.com\/it\/wp-json\/wp\/v2\/media?parent=268386"}],"wp:term":[{"taxonomy":"category","embeddable":true,"href":"https:\/\/www.europesays.com\/it\/wp-json\/wp\/v2\/categories?post=268386"},{"taxonomy":"post_tag","embeddable":true,"href":"https:\/\/www.europesays.com\/it\/wp-json\/wp\/v2\/tags?post=268386"}],"curies":[{"name":"wp","href":"https:\/\/api.w.org\/{rel}","templated":true}]}}