{"id":268395,"date":"2025-12-19T17:58:11","date_gmt":"2025-12-19T17:58:11","guid":{"rendered":"https:\/\/www.europesays.com\/it\/268395\/"},"modified":"2025-12-19T17:58:11","modified_gmt":"2025-12-19T17:58:11","slug":"lesordio-a-perth-e-lo-sviluppo-tardivo-ora-la-chiamata-di-gasp-ecco-chi-e-mirra","status":"publish","type":"post","link":"https:\/\/www.europesays.com\/it\/268395\/","title":{"rendered":"L\u2019esordio a Perth e lo sviluppo tardivo, ora la chiamata di Gasp: ecco chi \u00e8 Mirra"},"content":{"rendered":"<p>Difensore classe 2006, capitano della Primavera, romano e romanista: ecco chi \u00e8 il 19enne che il tecnico ha convocato per il big-match allo Stadium<\/p>\n<p>L&#8217;elenco dei convocati di <strong>Gian Piero Gasperini<\/strong> per <strong>Juventus<\/strong>&#8211;<strong>Roma<\/strong> presenta una piacevole sorpresa: la <strong>prima chiamata<\/strong> ufficiale di <strong>Jacopo Mirra<\/strong> con i &#8220;grandi&#8221;. Il difensore classe 2006, <strong>capitano della Primavera<\/strong> giallorossa, si appresta a vivere la sua prima esperienza in prima squadra <strong>nell&#8217;importante trasferta<\/strong> di domani sera allo Stadium. Ma \u00e8 davvero la prima volta per il 19enne romano e romanista? In realt\u00e0 no, visto che <strong>Mirra ha anche gi\u00e0 esordito<\/strong> con la maglia della squadra della sua citt\u00e0 e del suo cuore il 31 maggio 2024 a Perth, <strong>nell&#8217;amichevole di fine stagione<\/strong> contro il <strong>Milan<\/strong>: il difensore classe 2006 subentr\u00f2 a <strong>Ndicka<\/strong> al 37&#8242; e oggi, proprio grazie all&#8217;assenza del centrale ivoriano causa Coppa d&#8217;Africa, si \u00e8 guadagnato la chiamata da parte di Gasp.<\/p>\n<p>A Trigoria da quando ha 9 anni, l&#8217;anno scorso \u00e8 stato spesso infortunato e ora indossa la fascia\u2014 \u00a0<\/p>\n<p>Jacopo Mirra, 19 anni compiuti lo scorso 10 luglio, varca i cancelli di Trigoria ormai da 10 anni. &#8220;<strong>Ho vissuto pi\u00f9 della met\u00e0 della mia vita qui dentro<\/strong>. Prima della Roma ricordo poco perch\u00e9 avevo 9 anni, <strong>\u00e8 tutto<\/strong>&#8220;, ha raccontato lui stesso nel podcast del club giallorosso &#8220;Dreaming Roma&#8221;. E non \u00e8 un caso che il suo <strong>sogno nel cassetto<\/strong> sia il seguente: &#8220;<strong>Vincere il Mondiale e lo scudetto con la Roma<\/strong>, come ogni bambino. Sono contentissimo, <strong>\u00e8 bellissimo vestire la maglia della tua squadra del cuore<\/strong>. Spero di fare tutta la carriera qui a Roma. Sono felicissimo di essere arrivato <strong>all&#8217;ultimo anno di Primavera da capitano<\/strong> dopo 11 anni qui dentro&#8221;. Gi\u00e0 perch\u00e9 il 19enne, dopo l&#8217;amichevole a Perth nel 2024, ha vissuto un anno tra sfortune e guai fisici: &#8220;L&#8217;anno scorso \u00e8 stato complicato. <strong>Ho avuto uno sviluppo tardivo e dei problemi al flessore<\/strong>. \u00c8 stato un periodo buio, ma l\u00ec ho capito di essere un ragazzo che vede il bicchiere sempre mezzo pieno. Ora <strong>vengo molto prima agli allenamenti e lavoro su macchinari specifici<\/strong> che ha solo la prima squadra&#8221;, ha confessato. Questo sar\u00e0 il suo ultimo anno in Primavera e ha l&#8217;onore (e l&#8217;onere) di indossarne la <strong>fascia da capitano<\/strong>: &#8220;Un onore, la fascia porta responsabilit\u00e0. <strong>Sono orgogliosissimo<\/strong> da romano e romanista di indossarla&#8221;. Ma c&#8217;\u00e8 anche un rimpianto nella sua decade a Trigoria: &#8220;La finale U18 col Genoa che abbiamo perso, eravamo un gruppo vincente&#8221;.<\/p>\n<p>Leadership, tecnica e qualit\u00e0: ecco la prima chiamata di Gasperini e il desiderato salto tra i grandi\u2014 \u00a0<\/p>\n<p>E ora, finalmente, il tanto agognato salto tra i big per il giovane ma promettente difensore centrale giallorosso: &#8220;<strong>Mi sento impaziente, curioso di confrontarmi<\/strong> con il calcio dei grandi &#8211; aveva dichiarato pochi giorni fa-, penso di essere sempre stato maturo anche da piccolo. Mi sento <strong>maturo anche negli atteggiamenti<\/strong> extra campo come nell&#8217;andare a dormire presto la sera, il recupero a casa e altro&#8221;. Le qualit\u00e0 e la leadership non sono in discussione, essendo uno dei <strong>pilastri della squadra di Guidi<\/strong>: &#8220;Mi reputo <strong>veloce e con buona tecnica<\/strong>. Devo migliorare per\u00f2 in tutti gli ambiti. <strong>Devo migliorare nell&#8217;uno contro uno e la marcatura sull\u2019uomo<\/strong>. Devo mettere un po&#8217; pi\u00f9 di cattiveria. Il difensore non deve solo saper difendere ma <strong>deve anche far partire l&#8217;azione in modo pulito<\/strong>. Deve saper far arrivare la palla agli attaccanti&#8221;. E ora, dopo la prima chiamata in prima squadra, Mirra avr\u00e0 la chance di continuare a <strong>mettersi in luce agli occhi di Gasp<\/strong>, che di giovani in carriera e soprattutto nel suo impero novennale all&#8217;<strong>Atalanta<\/strong> ne ha lanciati a iosa.<\/p>\n<p class=\"is-copyright\">\u00a9 RIPRODUZIONE RISERVATA<\/p>\n","protected":false},"excerpt":{"rendered":"Difensore classe 2006, capitano della Primavera, romano e romanista: ecco chi \u00e8 il 19enne che il tecnico ha&hellip;\n","protected":false},"author":3,"featured_media":268396,"comment_status":"","ping_status":"","sticky":false,"template":"","format":"standard","meta":{"footnotes":""},"categories":[1452],"tags":[4712,6512,721,8230,130040,1902,925,8950,158088,3155,130044,130045,6036,1891,158089,4053,29922,158090,2097,3074,1740,5593,5301,5288,1251,1537,90,89,28772,2219,76836,22393,4400,987,34450,10997,158087,1739,245,244,1857,11333],"class_list":{"0":"post-268395","1":"post","2":"type-post","3":"status-publish","4":"format-standard","5":"has-post-thumbnail","7":"category-calcio","8":"tag-amichevole","9":"tag-big","10":"tag-calcio","11":"tag-capitano","12":"tag-capitano-primavera","13":"tag-carriera","14":"tag-centrale","15":"tag-chiamata","16":"tag-chiamata-gasp","17":"tag-classe","18":"tag-classe-capitano","19":"tag-classe-capitano-primavera","20":"tag-cuore","21":"tag-devo","22":"tag-devo-migliorare","23":"tag-difensore","24":"tag-difensore-classe","25":"tag-difensore-classe-capitano","26":"tag-far","27":"tag-fascia","28":"tag-football","29":"tag-gasp","30":"tag-gasperini","31":"tag-giallorosso","32":"tag-grandi","33":"tag-it","34":"tag-italia","35":"tag-italy","36":"tag-leadership","37":"tag-maglia","38":"tag-mirra","39":"tag-perth","40":"tag-primavera","41":"tag-roma","42":"tag-romanista","43":"tag-romano","44":"tag-romano-romanista","45":"tag-soccer","46":"tag-sport","47":"tag-sports","48":"tag-squadra","49":"tag-trigoria"},"share_on_mastodon":{"url":"","error":"Validation failed: Text character limit of 500 exceeded"},"_links":{"self":[{"href":"https:\/\/www.europesays.com\/it\/wp-json\/wp\/v2\/posts\/268395","targetHints":{"allow":["GET"]}}],"collection":[{"href":"https:\/\/www.europesays.com\/it\/wp-json\/wp\/v2\/posts"}],"about":[{"href":"https:\/\/www.europesays.com\/it\/wp-json\/wp\/v2\/types\/post"}],"author":[{"embeddable":true,"href":"https:\/\/www.europesays.com\/it\/wp-json\/wp\/v2\/users\/3"}],"replies":[{"embeddable":true,"href":"https:\/\/www.europesays.com\/it\/wp-json\/wp\/v2\/comments?post=268395"}],"version-history":[{"count":0,"href":"https:\/\/www.europesays.com\/it\/wp-json\/wp\/v2\/posts\/268395\/revisions"}],"wp:featuredmedia":[{"embeddable":true,"href":"https:\/\/www.europesays.com\/it\/wp-json\/wp\/v2\/media\/268396"}],"wp:attachment":[{"href":"https:\/\/www.europesays.com\/it\/wp-json\/wp\/v2\/media?parent=268395"}],"wp:term":[{"taxonomy":"category","embeddable":true,"href":"https:\/\/www.europesays.com\/it\/wp-json\/wp\/v2\/categories?post=268395"},{"taxonomy":"post_tag","embeddable":true,"href":"https:\/\/www.europesays.com\/it\/wp-json\/wp\/v2\/tags?post=268395"}],"curies":[{"name":"wp","href":"https:\/\/api.w.org\/{rel}","templated":true}]}}