{"id":268427,"date":"2025-12-19T18:24:28","date_gmt":"2025-12-19T18:24:28","guid":{"rendered":"https:\/\/www.europesays.com\/it\/268427\/"},"modified":"2025-12-19T18:24:28","modified_gmt":"2025-12-19T18:24:28","slug":"la-nutribullet-cerca-conferme-a-udine","status":"publish","type":"post","link":"https:\/\/www.europesays.com\/it\/268427\/","title":{"rendered":"La Nutribullet cerca conferme a Udine"},"content":{"rendered":"<p>            <img loading=\"lazy\" decoding=\"async\" width=\"800\" height=\"533\" class=\"entry-thumb\" src=\"https:\/\/www.europesays.com\/it\/wp-content\/uploads\/2025\/12\/2025-12-14-GRG_547-scaled-1.jpg\"   alt=\"\" title=\"2025-12-14-GRG_547-scaled\"\/><\/p>\n<p>Dopo l\u2019incoraggiante successo casalingo ottenuto ai danni di Cant\u00f9, la Nutribullet Treviso Basket si presenter\u00e0 al PalaCarnera di Udine per disputare un altro importante scontro diretto, ospite della neopromossa APU. La dodicesima gara ufficiale di Olisevicius e compagni avr\u00e0 inizio alle ore 17 di domenica 21 dicembre e sar\u00e0 trasmessa live su LBATV. I signori Lanzarini, Lo Guzzo e Miniati comporranno la terna arbitrale.<\/p>\n<p>L\u2019AVVERSARIA<\/p>\n<p>Grazie ad un bilancio di 30 vittorie e sole 8 sconfitte, nella scorsa stagione i bianconeri hanno conquistato la vetta della classifica di Serie A2 e ottenuto cos\u00ec la promozione \u201cdiretta\u201d nella massima serie, senza dover passare per gli ostici playoff di categoria. Naturale, quindi, la conferma del timoniere Adriano Vertemati, cos\u00ec come quelle del capitano Mirza Alibegovic, delle ali Matteo Da Ros e Iris Ikangi, nonch\u00e9 del playmaker e leader Anthony Hickey. Tuttavia, a causa della positivit\u00e0 recentemente emersa a seguito di un test antidoping, quest\u2019ultimo \u00e8 stato cautelarmente sospeso dagli organi competenti e ci\u00f2 ha costretto la societ\u00e0 a tornare sul mercato, dove ha trovato l\u2019intesa con il veterano Semaj Christon. In estate, invece, sono sbarcati in Friuli gli esterni statunitensi DJ Brewton e Aubrey Dawkins \u2013 reduci da esperienza in Lituania e Germania, rispettivamente \u2013 oltre al promettente playmaker Andrea Calzavara, protagonista in quel di Brindisi. A questi \u201crookies\u201d del nostro campionato, Udine ha deciso di affiancare tre giocatori ben pi\u00f9 esperti, quali il centro Skylar Spencer (alla sua quarta avventura nel nostro Paese), Eimantas Bendzius, in uscita da Sassari dopo 5 stagioni consecutive in biancobl\u00f9, e l\u2019ex TVB Christian Mekowulu, firmato ad agosto per sopperire al grave infortunio di Shakur Juiston.<\/p>\n<p>GLI EX<br \/>Un ex per parte e in entrambi i casi nel ruolo di centro. Da un lato il gi\u00e0 citato Mekowulu, che nella stagione 2020\/21 ha indossato l\u2019uniforme della Nutribullet in 37 impegni ufficiali tra Supercoppa, regular season e playoff di LBA, totalizzando 470 punti; dall\u2019altro Francesco Pellegrino, che all\u2019APU ha vissuto due diverse esperienze tra il 2017 e il 2023, intervallate dall\u2019annata a Venezia nel 2019\/20.<\/p>\n<p>Uff. stampa TVB<\/p>\n","protected":false},"excerpt":{"rendered":"Dopo l\u2019incoraggiante successo casalingo ottenuto ai danni di Cant\u00f9, la Nutribullet Treviso Basket si presenter\u00e0 al PalaCarnera di&hellip;\n","protected":false},"author":3,"featured_media":268428,"comment_status":"","ping_status":"","sticky":false,"template":"","format":"standard","meta":{"footnotes":""},"categories":[1453],"tags":[1756,1757,1537,90,89,245,244],"class_list":{"0":"post-268427","1":"post","2":"type-post","3":"status-publish","4":"format-standard","5":"has-post-thumbnail","7":"category-basket","8":"tag-basket","9":"tag-basketball","10":"tag-it","11":"tag-italia","12":"tag-italy","13":"tag-sport","14":"tag-sports"},"share_on_mastodon":{"url":"https:\/\/pubeurope.com\/@it\/115747636674807644","error":""},"_links":{"self":[{"href":"https:\/\/www.europesays.com\/it\/wp-json\/wp\/v2\/posts\/268427","targetHints":{"allow":["GET"]}}],"collection":[{"href":"https:\/\/www.europesays.com\/it\/wp-json\/wp\/v2\/posts"}],"about":[{"href":"https:\/\/www.europesays.com\/it\/wp-json\/wp\/v2\/types\/post"}],"author":[{"embeddable":true,"href":"https:\/\/www.europesays.com\/it\/wp-json\/wp\/v2\/users\/3"}],"replies":[{"embeddable":true,"href":"https:\/\/www.europesays.com\/it\/wp-json\/wp\/v2\/comments?post=268427"}],"version-history":[{"count":0,"href":"https:\/\/www.europesays.com\/it\/wp-json\/wp\/v2\/posts\/268427\/revisions"}],"wp:featuredmedia":[{"embeddable":true,"href":"https:\/\/www.europesays.com\/it\/wp-json\/wp\/v2\/media\/268428"}],"wp:attachment":[{"href":"https:\/\/www.europesays.com\/it\/wp-json\/wp\/v2\/media?parent=268427"}],"wp:term":[{"taxonomy":"category","embeddable":true,"href":"https:\/\/www.europesays.com\/it\/wp-json\/wp\/v2\/categories?post=268427"},{"taxonomy":"post_tag","embeddable":true,"href":"https:\/\/www.europesays.com\/it\/wp-json\/wp\/v2\/tags?post=268427"}],"curies":[{"name":"wp","href":"https:\/\/api.w.org\/{rel}","templated":true}]}}