{"id":268521,"date":"2025-12-19T19:33:14","date_gmt":"2025-12-19T19:33:14","guid":{"rendered":"https:\/\/www.europesays.com\/it\/268521\/"},"modified":"2025-12-19T19:33:14","modified_gmt":"2025-12-19T19:33:14","slug":"manovra-in-corso-vertice-tra-meloni-tajani-e-salvini-schlein-si-e-rotta-la-maggioranza","status":"publish","type":"post","link":"https:\/\/www.europesays.com\/it\/268521\/","title":{"rendered":"Manovra, in corso vertice tra Meloni, Tajani e Salvini. Schlein: \u00abSi \u00e8 rotta la maggioranza\u00bb"},"content":{"rendered":"<p>    di<br \/>\n    Valentina Iorio<\/p>\n<p class=\"summary-art is-line-h-12 is-mr-t-20\">Critiche della leader Pd anche dal leader del Movimento 5 Stelle Conte: \u00abDopo aver gi\u00e0 peggiorato la Fornero, il governo si \u00e8 dovuto rimangiare alcune delle vergognose norme con cui uccideva il riscatto della laurea\u00bb<\/p>\n<p class=\"chapter-paragraph\">Dopo lo stralcio nella notte del <a href=\"https:\/\/www.corriere.it\/economia\/pensioni\/25_dicembre_19\/pensioni-riscatto-laurea-e-finestre-di-uscita-cosa-cambia-le-nuove-regole-e-quelle-che-restano-87fd7d41-86a0-417e-9c13-92ce8e5d1xlk.shtml\" rel=\"nofollow noopener\" target=\"_blank\">pacchetto sulle pensioni<\/a>, il <a href=\"https:\/\/www.corriere.it\/economia\/finanza\/25_dicembre_19\/dietrofront-del-governo-su-pensioni-e-condomini-spuntano-i-casi-armi-e-referendum-manovra-in-ritardo-43d08c49-66bf-44d1-9665-f438b92bbxlk.shtml\" rel=\"nofollow noopener\" target=\"_blank\">dietrofront sui condomini<\/a> e le <a href=\"https:\/\/www.corriere.it\/economia\/finanza\/25_dicembre_19\/dal-tormento-pensioni-al-pressing-degli-alleati-le-ore-frenetiche-della-lega-che-esulta-per-la-rottamazione-9162f466-b98f-4814-a5b3-a1b838b63xlk.shtml\" rel=\"nofollow noopener\" target=\"_blank\">tensioni emerse all\u2019interno della maggioranza<\/a>, l\u2019opposizione va all\u2019attacco. E le fibrillazioni nella maggioranza richiedono a convocazione di un vertice di maggioranza tra la premier Meloni e i due vice Tajani e Salvini. La riunione \u00e8 iniziata poco prima delle 20 a Palazzo Chigi.\u00a0 Alla riunione partecipa anche il ministro dell\u2019economia Giorgetti. Sul tavolo, da quanto si apprende, ci sarebbe la possibilit\u00e0 di presentare un nuovo maxi emendamento con misure a favore delle imprese.\u00a0<\/p>\n<p class=\"chapter-paragraph\">Il primo testo sulla materia conteneva anche, a copertura, restrizioni sul fronte delle pensioni. La Lega aveva annunciato che non avrebbe votato il testo se non fossero state ritirate queste ultime norme. Il ministro per i rapporti con il parlamento Luca Ciriani ha confermato che il nuovo emendamento\u00a0\u00ablo stanno scrivendo, stasera lo depositiamo. Ci saranno altre coperture, non pi\u00f9 quelle sul riscatto della laurea e le finestre mobili\u00bb. In pratica non verranno toccate le pensioni.\u00a0\u00a0    &#13;<br \/>\n&#13;<br \/>\n&#13;<br \/>\n&#13;<br \/>\n&#13;<br \/>\n&#13;<br \/>\n&#13;<br \/>\n&#13;<br \/>\n&#13;<br \/>\n&#13;<br \/>\n&#13;<br \/>\n&#13;<br \/>\n&#13;<br \/>\n&#13;<br \/>\n&#13;<br \/>\n&#13;<br \/>\n&#13;<br \/>\n&#13;<br \/>\n&#13;<br \/>\n&#13;<br \/>\n&#13;<br \/>\n&#13;<br \/>\n&#13;<br \/>\n&#13;<br \/>\n&#13;<br \/>\n&#13;<br \/>\n&#13;<br \/>\n&#13;<br \/>\n&#13;<br \/>\n&#13;<br \/>\n&#13;<br \/>\n&#13;<br \/>\n&#13;<br \/>\n&#13;<br \/>\n&#13;<br \/>\n&#13;<br \/>\n&#13;<br \/>\n&#13;<br \/>\n&#13;<br \/>\n&#13;<br \/>\n&#13;<br \/>\n&#13;<br \/>\n&#13;<br \/>\n&#13;<br \/>\n&#13;<br \/>\n&#13;<br \/>\n&#13;<br \/>\n&#13;<br \/>\n&#13;<br \/>\n&#13;<br \/>\n&#13;<br \/>\n&#13;<br \/>\n&#13;\n<\/p>\n<p class=\"chapter-paragraph\">Nel pomeriggio Elly Schlein aveva attaccato il governo proprio sulle indecisioni riguardanti la manovra. \u00ab\u00c8 finita Atreju ma il Paese reale \u00e8 ancora l\u00ec e se ne dovrebbero occupare e quello che \u00e8 successo in questi giorni \u00e8 inaccettabile: solo due giorni fa Meloni faceva la spavalda in Aula contro l&#8217;opposizione, ieri notte si \u00e8 rotta la sua maggioranza\u00bb, dice <b>la segretaria del Pd in una conferenza al Senato<\/b>. \u00abSulle pensioni &#8211; aggiunge- si consuma il pi\u00f9 alto tradimento delle promesse elettorali di Meloni. Ci portano a poche ore dall&#8217;esercizi<\/p>\n<p>    L\u2019aumento dell\u2019et\u00e0 pensionabile<\/p>\n<p class=\"chapter-paragraph\">\u00abL\u2019aumento dell\u2019et\u00e0 pensionabile non cade con il ritiro dell\u2019emendamento\u00bb di \u00abGiorgetti sfiduciato\u00bb perch\u00e9 con lo scalino previsto nel testo della legge di Bilancio \u00abaumenta per il 96% dei lavoratori comprese le forze dell\u2019ordine, questo non cade con il maxi-ritirato\u00bb, sottolinea la leader Pd in conferenza stampa al Senato, a margine dei lavori della manovra. \u00abChiediamo alla maggioranza di votare il nostro emendamento per il blocco. Cos\u00ec come il resto del pacchetto messo a punto con l\u2019opposizione\u00bb, aggiunge.<\/p>\n<p>    Misiani:\u00a0\u00abMaggioranza nel pallone\u00bb<\/p>\n<p class=\"chapter-paragraph\">\u00abQuanto accaduto ieri notte \u00e8 un fatto politico di grande rilevanza. Il <b>ministro Giorgetti<\/b> \u00e8 stato platealmente delegittimato dal suo stesso partito, vittima del tentativo affannoso di <b>Salvini<\/b> di salvare la faccia disconoscendo la stretta pensionistica contenuta nell\u2019emendamento governativo da lui approvato poche ore prima. Il risultato di questo cortocircuito \u00e8 sotto gli occhi di tutti: una maggioranza nel pallone e una Lega dilaniata da una resa dei conti interna con il proprio ministro dell\u2019Economia\u00bb,<b> attacca Antonio Misiani, responsabile Economia del Pd.<\/b>\u00a0\u00abI partiti della maggioranza, e in particolare la Lega, hanno giocato cinicamente una partita di potere sulla pelle dei lavoratori italiani, usati come merce di scambio nelle guerre intestine del centrodestra\u00bb, aggiunge.<\/p>\n<p>    M5S:\u00a0\u00abL\u2019unica cosa che procede spedita \u00e8 la corsa al riarmo\u00bb<\/p>\n<p class=\"chapter-paragraph\">Critiche anche dal Movimento 5 Stelle. \u00abDopo aver gi\u00e0 peggiorato la &#8220;Fornero&#8221; alzando l&#8217;et\u00e0 pensionabile e cancellato &#8220;Opzione donna&#8221;, il governo si \u00e8 dovuto rimangiare, per ora, alcune delle vergognose norme con cui uccideva, di fatto, il riscatto della laurea ai fini pensionistici e allungava pure i tempi per ricevere l\u2019assegno. Ennesimo circo di una Manovra evanescente, impalpabile\u00bb, <b>ha scritto su Facebook il leader M5S Giuseppe Conte<\/b>. \u00abHanno presentato una Manovra senza un piano industriale, senza un piano sanitario, senza un progetto sociale. Niente di niente. E ora sono a pezzi, litigano tra loro e anche all&#8217;interno dei singoli partiti\u00bb. Secondo Conte \u00abl\u2019unica cosa che procede spedita \u00e8 la corsa al riarmo. Stanno inserendo emendamenti su emendamenti per accelerare la produzione militare\u00bb.<\/p>\n<p><a href=\"https:\/\/www.corriere.it\/app-economia\/?intcmp=DL-app_nd_011024_corriere_ss_conomia\" target=\"_blank\" class=\"bck-app-banner\" rel=\"nofollow noopener\"><img decoding=\"async\" class=\"bck-app-img\" src=\"https:\/\/www.europesays.com\/it\/wp-content\/uploads\/2025\/08\/1756449670_863_app.png\"\/><\/p>\n<p>Nuova app <strong>L&#8217;Economia<\/strong>. News, approfondimenti e l&#8217;assistente virtuale al tuo servizio.<\/p>\n<p>SCARICA L&#8217; APP<\/p>\n<p><img decoding=\"async\" src=\"https:\/\/www.europesays.com\/it\/wp-content\/uploads\/2025\/07\/eco.png\"\/><\/a><\/p>\n<p>Iscriviti alle <a href=\"https:\/\/www.corriere.it\/newsletter\/?theme=4\" rel=\"nofollow noopener\" target=\"_blank\">newsletter de L&#8217;Economia<\/a>. Analisi e commenti sui principali avvenimenti\u00a0economici a cura delle firme del Corriere.<\/p>\n<p class=\"is-last-update\" datetime=\"2025-12-19T20:31:48+01:00\">19 dicembre 2025 ( modifica il 19 dicembre 2025 | 20:31)<\/p>\n<p class=\"is-copyright\">\n            \u00a9 RIPRODUZIONE RISERVATA\n        <\/p>\n","protected":false},"excerpt":{"rendered":"di Valentina Iorio Critiche della leader Pd anche dal leader del Movimento 5 Stelle Conte: \u00abDopo aver gi\u00e0&hellip;\n","protected":false},"author":3,"featured_media":268522,"comment_status":"","ping_status":"","sticky":false,"template":"","format":"standard","meta":{"footnotes":""},"categories":[79],"tags":[1237,3960,158168,158169,737,95209,95210,712,877,2790,1276,158170,9182,14,93,94,1907,158171,158172,184,72104,2458,2152,95214,77608,32233,955,1537,90,89,11913,9324,381,75955,109,22,158173,6771,8003,58,7,6884,15,4476,18155,490,96927,7711,116,2454,11,84,91,12,85,92],"class_list":{"0":"post-268521","1":"post","2":"type-post","3":"status-publish","4":"format-standard","5":"has-post-thumbnail","7":"category-italia","8":"tag-aggiunge","9":"tag-alcune","10":"tag-alcune-vergognose","11":"tag-alcune-vergognose-norme","12":"tag-aumento","13":"tag-aumento-eta","14":"tag-aumento-eta-pensionabile","15":"tag-cade","16":"tag-conferenza","17":"tag-conte","18":"tag-corsa","19":"tag-corsa-riarmo","20":"tag-critiche","21":"tag-cronaca","22":"tag-cronaca-italiana","23":"tag-cronacaitaliana","24":"tag-dovuto","25":"tag-dovuto-rimangiare","26":"tag-dovuto-rimangiare-alcune","27":"tag-economia","28":"tag-emendamenti","29":"tag-emendamento","30":"tag-eta","31":"tag-eta-pensionabile","32":"tag-fornero","33":"tag-giorgetti","34":"tag-interno","35":"tag-it","36":"tag-italia","37":"tag-italy","38":"tag-laurea","39":"tag-lavoratori","40":"tag-leader","41":"tag-leader-pd","42":"tag-lega","43":"tag-maggioranza","44":"tag-maggioranza-pallone","45":"tag-manovra","46":"tag-maxi","47":"tag-meloni","48":"tag-news","49":"tag-norme","50":"tag-notizie","51":"tag-notte","52":"tag-opposizione","53":"tag-pd","54":"tag-pensionabile","55":"tag-pensioni","56":"tag-salvini","57":"tag-testo","58":"tag-ultime-notizie","59":"tag-ultime-notizie-e-news-di-oggi","60":"tag-ultime-notizie-italia","61":"tag-ultimenotizie","62":"tag-ultimenotizieenewsdioggi","63":"tag-ultimenotizieitalia"},"share_on_mastodon":{"url":"","error":"Validation failed: Text character limit of 500 exceeded"},"_links":{"self":[{"href":"https:\/\/www.europesays.com\/it\/wp-json\/wp\/v2\/posts\/268521","targetHints":{"allow":["GET"]}}],"collection":[{"href":"https:\/\/www.europesays.com\/it\/wp-json\/wp\/v2\/posts"}],"about":[{"href":"https:\/\/www.europesays.com\/it\/wp-json\/wp\/v2\/types\/post"}],"author":[{"embeddable":true,"href":"https:\/\/www.europesays.com\/it\/wp-json\/wp\/v2\/users\/3"}],"replies":[{"embeddable":true,"href":"https:\/\/www.europesays.com\/it\/wp-json\/wp\/v2\/comments?post=268521"}],"version-history":[{"count":0,"href":"https:\/\/www.europesays.com\/it\/wp-json\/wp\/v2\/posts\/268521\/revisions"}],"wp:featuredmedia":[{"embeddable":true,"href":"https:\/\/www.europesays.com\/it\/wp-json\/wp\/v2\/media\/268522"}],"wp:attachment":[{"href":"https:\/\/www.europesays.com\/it\/wp-json\/wp\/v2\/media?parent=268521"}],"wp:term":[{"taxonomy":"category","embeddable":true,"href":"https:\/\/www.europesays.com\/it\/wp-json\/wp\/v2\/categories?post=268521"},{"taxonomy":"post_tag","embeddable":true,"href":"https:\/\/www.europesays.com\/it\/wp-json\/wp\/v2\/tags?post=268521"}],"curies":[{"name":"wp","href":"https:\/\/api.w.org\/{rel}","templated":true}]}}