{"id":268852,"date":"2025-12-20T00:32:26","date_gmt":"2025-12-20T00:32:26","guid":{"rendered":"https:\/\/www.europesays.com\/it\/268852\/"},"modified":"2025-12-20T00:32:26","modified_gmt":"2025-12-20T00:32:26","slug":"audizioni-per-gloria-il-musical-di-umberto-tozzi","status":"publish","type":"post","link":"https:\/\/www.europesays.com\/it\/268852\/","title":{"rendered":"Audizioni per &#8220;GLORIA IL MUSICAL&#8221; di Umberto Tozzi"},"content":{"rendered":"<p data-path-to-node=\"2\">Il <b data-path-to-node=\"2\" data-index-in-node=\"3\">Centro di Produzione Teatrale GoldenStar<\/b> ha indetto un bando di audizione ufficiale per la ricerca della protagonista di <b data-path-to-node=\"2\" data-index-in-node=\"124\">\u201cGLORIA IL MUSICAL\u201d<\/b>, lo spettacolo che vedr\u00e0 le musiche e la direzione musicale dello stesso <b data-path-to-node=\"2\" data-index-in-node=\"217\">Umberto Tozzi<\/b>.<\/p>\n<p data-path-to-node=\"3\">La regia \u00e8 firmata da <b data-path-to-node=\"3\" data-index-in-node=\"22\">Andrea Maia e Toni Fornari<\/b>. Il debutto della produzione \u00e8 previsto per <b data-path-to-node=\"3\" data-index-in-node=\"93\">ottobre 2026<\/b>, con una tourn\u00e9e che si svilupper\u00e0 fino a fine febbraio 2027 (con possibilit\u00e0 di proroga).<\/p>\n<p>Ruolo Ricercato: GLORIA<\/p>\n<p data-path-to-node=\"6\">Si ricerca una performer per il ruolo principale con le seguenti caratteristiche:<\/p>\n<ul data-path-to-node=\"7\">\n<li>\n<p data-path-to-node=\"7,0,0\"><b data-path-to-node=\"7,0,0\" data-index-in-node=\"0\">Et\u00e0 scenica:<\/b> 20-35 anni.<\/p>\n<\/li>\n<li>\n<p data-path-to-node=\"7,1,0\"><b data-path-to-node=\"7,1,0\" data-index-in-node=\"0\">Profilo:<\/b> Ruolo carismatico e affascinante; Gloria \u00e8 una giovane ragazza talentuosa che desidera diventare una cantante professionista.<\/p>\n<\/li>\n<li>\n<p data-path-to-node=\"7,2,0\"><b data-path-to-node=\"7,2,0\" data-index-in-node=\"0\">Competenze:<\/b> Richieste ottime doti vocali e attoriali, unite a una buona predisposizione al movimento e forte presenza scenica.<\/p>\n<\/li>\n<\/ul>\n<p>Prima Fase: Candidatura Online<\/p>\n<p data-path-to-node=\"10\">La partecipazione alle audizioni \u00e8 gratuita e su base volontaria. \u00c8 possibile inviare la propria candidatura entro e non oltre il <b data-path-to-node=\"10\" data-index-in-node=\"130\">7 gennaio 2026<\/b> esclusivamente tramite il sito ufficiale <a class=\"ng-star-inserted\" href=\"http:\/\/www.gloriailmusical.it\" target=\"_blank\" rel=\"noopener nofollow\" data-hveid=\"0\" data-ved=\"0CAAQ_4QMahgKEwjGoKvrl8eRAxUAAAAAHQAAAAAQ4gE\">www.gloriailmusical.it<\/a>, seguendo le istruzioni nella sezione \u201cAudizioni\u201d.<\/p>\n<p>Materiale da allegare:<\/p>\n<ul data-path-to-node=\"12\">\n<li>\n<p data-path-to-node=\"12,0,0\"><b data-path-to-node=\"12,0,0\" data-index-in-node=\"0\">Curriculum Vitae:<\/b> Aggiornato e nominato, con specifica del proprio registro vocale.<\/p>\n<\/li>\n<li>\n<p data-path-to-node=\"12,1,0\"><b data-path-to-node=\"12,1,0\" data-index-in-node=\"0\">Foto:<\/b> Due scatti (primo piano e figura intera), file nominati.<\/p>\n<\/li>\n<li>\n<p data-path-to-node=\"12,2,0\"><b data-path-to-node=\"12,2,0\" data-index-in-node=\"0\">Video di presentazione:<\/b> Durata massima di 1 minuto, con ripresa a figura intera.<\/p>\n<\/li>\n<li>\n<p data-path-to-node=\"12,3,0\"><b data-path-to-node=\"12,3,0\" data-index-in-node=\"0\">Video Self-tape (Canzone Uptempo):<\/b> In lingua italiana, durata massima 1\u2032 30\u201d.<\/p>\n<\/li>\n<li>\n<p data-path-to-node=\"12,4,0\"><b data-path-to-node=\"12,4,0\" data-index-in-node=\"0\">Video Self-tape (Canzone Ballad):<\/b> In lingua italiana, durata massima 1\u2032 30\u201d.<\/p>\n<\/li>\n<li>\n<p data-path-to-node=\"12,5,0\"><b data-path-to-node=\"12,5,0\" data-index-in-node=\"0\">Showreel:<\/b> Opzionale (solo se disponibile).<\/p>\n<\/li>\n<\/ul>\n<blockquote data-path-to-node=\"13\">\n<p data-path-to-node=\"13,0\"><b data-path-to-node=\"13,0\" data-index-in-node=\"0\">Nota:<\/b> Le iscrizioni incomplete non verranno prese in considerazione. \u00c8 consentito l\u2019uso del microfono nei video se ritenuto necessario.<\/p>\n<\/blockquote>\n<p>Seconda Fase e Risultati<\/p>\n<p data-path-to-node=\"16\">La Produzione comunicher\u00e0 l\u2019esito della prima selezione a tutte le candidate (sia in caso di esito positivo che negativo) entro l\u2019<b data-path-to-node=\"16\" data-index-in-node=\"130\">1 febbraio 2026<\/b>.<\/p>\n<p data-path-to-node=\"17\">Le candidate selezionate saranno convocate per la <b data-path-to-node=\"17\" data-index-in-node=\"50\">seconda fase in presenza<\/b>, che si terr\u00e0 a <b data-path-to-node=\"17\" data-index-in-node=\"91\">Roma<\/b> entro la prima met\u00e0 di <b data-path-to-node=\"17\" data-index-in-node=\"119\">marzo 2026<\/b>.<\/p>\n<p>Cronoprogramma:<\/p>\n<ul data-path-to-node=\"19\">\n<li>\n<p data-path-to-node=\"19,0,0\"><b data-path-to-node=\"19,0,0\" data-index-in-node=\"0\">Scadenza candidature:<\/b> 7 gennaio 2026<\/p>\n<\/li>\n<li>\n<p data-path-to-node=\"19,1,0\"><b data-path-to-node=\"19,1,0\" data-index-in-node=\"0\">Esiti prima fase:<\/b> Entro l\u20191 febbraio 2026<\/p>\n<\/li>\n<li>\n<p data-path-to-node=\"19,2,0\"><b data-path-to-node=\"19,2,0\" data-index-in-node=\"0\">Audizioni dal vivo:<\/b> Marzo 2026<\/p>\n<\/li>\n<li>\n<p data-path-to-node=\"19,3,0\"><b data-path-to-node=\"19,3,0\" data-index-in-node=\"0\">Inizio prove:<\/b> 10 settembre 2026<\/p>\n<\/li>\n<li>\n<p data-path-to-node=\"19,4,0\"><b data-path-to-node=\"19,4,0\" data-index-in-node=\"0\">Debutto:<\/b> Ottobre 2026<\/p>\n<\/li>\n<\/ul>\n<p>Contatti e FAQ<\/p>\n<p data-path-to-node=\"22\">Per dubbi o chiarimenti, \u00e8 possibile contattare l\u2019indirizzo: <b data-path-to-node=\"22\" data-index-in-node=\"61\">casting@gloriailmusical.it<\/b>.<\/p>\n<p data-path-to-node=\"23\"><b data-path-to-node=\"23\" data-index-in-node=\"0\">Requisiti minimi:<\/b> Per partecipare all\u2019audizione \u00e8 obbligatorio aver compiuto <b data-path-to-node=\"23\" data-index-in-node=\"77\">18 anni<\/b>.<\/p>\n","protected":false},"excerpt":{"rendered":"Il Centro di Produzione Teatrale GoldenStar ha indetto un bando di audizione ufficiale per la ricerca della protagonista&hellip;\n","protected":false},"author":3,"featured_media":268853,"comment_status":"","ping_status":"","sticky":false,"template":"","format":"standard","meta":{"footnotes":""},"categories":[1443],"tags":[2479,158310,158311,158312,158313,158314,158315,110134,203,204,1537,90,89,1538,1539,60159,23818,158316],"class_list":{"0":"post-268852","1":"post","2":"type-post","3":"status-publish","4":"format-standard","5":"has-post-thumbnail","7":"category-musica","8":"tag-audizioni","9":"tag-audizioni-attori","10":"tag-audizioni-attrici","11":"tag-bandi-attori-teatrali","12":"tag-bandi-attrici","13":"tag-bandi-concorso-attori","14":"tag-bandi-teatro-attori-produzioni","15":"tag-commedia-musicale","16":"tag-entertainment","17":"tag-intrattenimento","18":"tag-it","19":"tag-italia","20":"tag-italy","21":"tag-music","22":"tag-musica","23":"tag-musical","24":"tag-provini","25":"tag-provini-teatro"},"share_on_mastodon":{"url":"https:\/\/pubeurope.com\/@it\/115749083208650283","error":""},"_links":{"self":[{"href":"https:\/\/www.europesays.com\/it\/wp-json\/wp\/v2\/posts\/268852","targetHints":{"allow":["GET"]}}],"collection":[{"href":"https:\/\/www.europesays.com\/it\/wp-json\/wp\/v2\/posts"}],"about":[{"href":"https:\/\/www.europesays.com\/it\/wp-json\/wp\/v2\/types\/post"}],"author":[{"embeddable":true,"href":"https:\/\/www.europesays.com\/it\/wp-json\/wp\/v2\/users\/3"}],"replies":[{"embeddable":true,"href":"https:\/\/www.europesays.com\/it\/wp-json\/wp\/v2\/comments?post=268852"}],"version-history":[{"count":0,"href":"https:\/\/www.europesays.com\/it\/wp-json\/wp\/v2\/posts\/268852\/revisions"}],"wp:featuredmedia":[{"embeddable":true,"href":"https:\/\/www.europesays.com\/it\/wp-json\/wp\/v2\/media\/268853"}],"wp:attachment":[{"href":"https:\/\/www.europesays.com\/it\/wp-json\/wp\/v2\/media?parent=268852"}],"wp:term":[{"taxonomy":"category","embeddable":true,"href":"https:\/\/www.europesays.com\/it\/wp-json\/wp\/v2\/categories?post=268852"},{"taxonomy":"post_tag","embeddable":true,"href":"https:\/\/www.europesays.com\/it\/wp-json\/wp\/v2\/tags?post=268852"}],"curies":[{"name":"wp","href":"https:\/\/api.w.org\/{rel}","templated":true}]}}