{"id":268886,"date":"2025-12-20T01:03:14","date_gmt":"2025-12-20T01:03:14","guid":{"rendered":"https:\/\/www.europesays.com\/it\/268886\/"},"modified":"2025-12-20T01:03:14","modified_gmt":"2025-12-20T01:03:14","slug":"corona-e-il-caso-signorini-stefano-e-rocio-in-love-e-gli-altri-gossip-da-leggere-nel-weekend","status":"publish","type":"post","link":"https:\/\/www.europesays.com\/it\/268886\/","title":{"rendered":"Corona e il &#8220;Caso Signorini&#8221;, Stefano e Roc\u00eco (in love?) e gli altri gossip da leggere nel weekend"},"content":{"rendered":"<p>&#13;<br \/>\n      &#13;<br \/>\n&#13;<br \/>\n       &#13;<br \/>\n      &#13;<br \/>\n      &#13;<br \/>\n        &#13;<br \/>\n        &#13;<br \/>\n&#13;<br \/>\n&#13;<br \/>\n&#13;<br \/>\nCondividi  &#13;<br \/>\n    &#13;<br \/>\n  &#13;<br \/>\n        &#13;<br \/>\n              &#13;<br \/>\n      &#13;<br \/>\n      &#13;<br \/>\n&#13;<br \/>\n      &#13;<br \/>\n      &#13;<br \/>\n       &#13;<br \/>\n       &#13;<\/p>\n<p>Care lettrici e cari lettori, ben ritrovati! Il calendario corre veloce e siamo gi\u00e0 nel penultimo weekend di dicembre: il Natale \u00e8 ormai dietro l\u2019angolo, manca davvero pochissimo. Le citt\u00e0 brillano, le agende sono piene e l\u2019aria profuma di feste.<\/p>\n<p>\u00a0Tra le ultime commissioni dell\u2019anno, i regali ancora da incartare e i conti alla rovescia verso le vacanze, torna il nostro appuntamento fisso con \u201c<a href=\"https:\/\/www.today.it\/tag\/fatti-loro\/\" rel=\"nofollow noopener\" target=\"_blank\">Fatti loro<\/a>\u201d. La rubrica che anche questa settimana raccoglie gli scoop pi\u00f9 chiacchierati e curiosi degli ultimi giorni.\u00a0<\/p>\n<p>Mettetevi comodi: il pettegolezzo \u00e8 servito, miei cari gossip addicted!<\/p>\n<p>Corona e il \u201cMetodo Signorini\u201d<\/p>\n<p>Nell\u2019ultima puntata di Falsissimo intitolata \u201cIl prezzo del successo\u201d, Fabrizio Corona ha lanciato accuse pesantissime contro Alfonso Signorini, conduttore del Grande Fratello e direttore di Chi, parlando di quello che ha definito un vero e proprio \u201csistema Signorini\u201d: \u201cSe non vai a letto con lui non entri al Grande Fratello\u201d, ha dichiarato l\u2019ex paparazzo. Corona ha parlato del presunto \u201ccaso di Antonio Medugno\u201d, modello e tiktoker, sostenendo che inizialmente non sarebbe stato preso nel cast perch\u00e9 non avrebbe ceduto alle presunte avance di Signorini; ma diventando poi concorrente del reality sarebbe diventato \u201cil caso zero\u201d del sistema.<\/p>\n<p>Signorini \u00e8 rimasto in silenzio per circa 24 ore, poi al Corriere della Sera si \u00e8 limitato a dichiarare: \u201c<a href=\"https:\/\/www.today.it\/tv\/news\/signorini-corona-replica.html\" rel=\"nofollow noopener\" target=\"_blank\">Non parlo di questo<\/a>, mi scusi ma preferisco non entrare nel merito della vicenda. Le dico per\u00f2 che ho gi\u00e0 messo tutto in mano ai miei legali\u201d.\u00a0<\/p>\n<p><a href=\"https:\/\/www.today.it\/tv\/news\/signorini-corona-reazioni.html\" rel=\"nofollow noopener\" target=\"_blank\">Le reazioni non si sono fatte attendere<\/a>. Stefano Bettarini ha commentato su Instagram, \u201cQuando sei sulla riva del fiume da 4 anni e\u2026 Karma\u201d, mentre Daniele Dal Moro ha scritto:\u201cApriamo il vaso di Pandora sulla mia squalifica. Abbiamo tante cose di cui parlare. Ora siamo alla resa dei conti\u201d. Dayane Mello ha aggiunto: \u201cLa verit\u00e0 viene sempre a galla. Ma la mia luce non si \u00e8 mai spenta\u201d e \u201cNon sempre essere veri \u00e8 sufficiente\u2026 L&#8217;ho imparato sulla mia pelle\u201d.\u00a0<\/p>\n<p>A loro, molti altri si sono aggiunti, come si sono aggiunte altre foto e video condivise da Corona sui suoi profili social e che anticipano la prossima puntata di Falsissimo del 22 dicembre.<\/p>\n<p>Anche Fiorello ne ha parlato nel suo programma La Pennicanza. <a href=\"https:\/\/www.today.it\/tv\/news\/fiorello-fabrizio-corona.html\" rel=\"nofollow noopener\" target=\"_blank\">Rosario ha commentato il caso con la sua nota ironia<\/a>, riuscendo a fare uno show con Fabrizio Corona. Durante la puntata, infatti, lo showman ha persino fatto una <a href=\"https:\/\/www.today.it\/tv\/news\/fiorello-corona.html\" rel=\"nofollow noopener\" target=\"_blank\">videochiamata all\u2019ex paparazzo<\/a> (la cui vita sar\u00e0 molto presto narrata da una docu-serie su Netflix), il quale ha affermato: \u201cGuarda, io sto facendo una guerra contro il Sistema, ma devo dire che l&#8217;unico pulito, onesto, in questo ambiente \u00e8 Fiorello!\u201d.<\/p>\n<p>In poche ore il caso \u00e8 diventato virale, i social sono intasati da meme e video che ironizzano sul presunto \u201cSistema Signorini\u201d. Il fatto \u00e8, che non \u00e8 solo Corona ad essere al centro dell\u2019attenzione, ma anche i personaggi che lui cita nei suoi filmati. Anche loro sono diventati bersagli di commenti, battutine e parodie satiriche, un carico emotivo &#8211; vista l&#8217;entit\u00e0 delle accuse mosse da Corona a Signorini &#8211; probabilmente non facile da gestire.<\/p>\n<p><a href=\"https:\/\/www.today.it\/tv\/news\/signorini-corona-replica.html\" target=\"_blank\" rel=\"nofollow noopener\">Alfonso Signorini rompe il silenzio: &#8220;\u00c8 tutto in mano ai miei legali&#8221;. Le dichiarazioni sul caso Corona<\/a><a href=\"https:\/\/www.today.it\/tv\/news\/fiorello-corona-lettera.html\" target=\"_blank\" rel=\"nofollow noopener\">Fiorello legge la letterina di Corona: &#8220;Babbo Natale, ho le prove che non esisti&#8221;<\/a>\u00a0Stefano De Martino e la rom com natalizia<\/p>\n<p>Da troppe settimane non si parlava delle questioni di cuore di Stefano De Martino. Ma ecco che proprio a pochi giorni dal Natale, spuntano come funghi indiscrezioni e foto legate a un (presunto?) flirt con Roc\u00eco Munoz Morales.<\/p>\n<p>La scintilla sarebbe scoccata tra i due durante il programma Rai \u201cStasera tutto \u00e8 possibile\u201d e si sarebbe trasformata in fuoco di <a href=\"https:\/\/www.today.it\/gossip\/vip\/rocio-stefano-de-martino.html\" rel=\"nofollow noopener\" target=\"_blank\">passione sul \u201clitorale laziale\u201d<\/a> in \u201cuna casa defilata messa a disposizione da un&#8217;amica&#8221; dell&#8217;attrice. Diva e Donna ha poi pubblicato le foto dei due che escono, ma separati, dallo stesso portone (ovvero quello della <a href=\"https:\/\/www.today.it\/gossip\/stefano-de-martino-rocio.html\" rel=\"nofollow noopener\" target=\"_blank\">casa di De Martino<\/a>).\u00a0<\/p>\n<p>Roc\u00eco avrebbe smentito categoricamente ad alcune amiche la liaison, anche perch\u00e9 i due avrebbero altri interessi. Si dice che Stefano sia tornato tra le braccia della sua amica (e il dubbio che tra i due ci sia qualcosa di pi\u00f9 esiste da tempo) <a href=\"https:\/\/www.today.it\/gossip\/stefano-de-martino-fidanzata.html\" rel=\"nofollow noopener\" target=\"_blank\">Gilda Ambrosio<\/a>, mentre Morales &#8211; sempre secondo i pettegolezzi di corte &#8211; frequenterebbe il manager Vittorio Ghini.<\/p>\n<p><a href=\"https:\/\/www.today.it\/gossip\/stefano-de-martino-rocio.html\" target=\"_blank\" rel=\"nofollow noopener\">Stefano De Martino e Rocio, spunta tutta la verit\u00e0: gli incontri segreti in spiaggia (in una casa non loro), l&#8217;attrazione scoppiata dietro le quinte di Rai 2<\/a>\u00a0<a href=\"https:\/\/www.today.it\/gossip\/vip\/rocio-stefano-de-martino.html\" target=\"_blank\" rel=\"nofollow noopener\">Storia segreta tra Roc\u00edo Munoz Morales e Stefano De Martino? &#8220;Lei a casa sua, \u00e8 uscita quattro ore dopo&#8221;. Le foto<\/a>&#8220;Quindi Belen torna a casa&#8221;<\/p>\n<p>Belen Rodriguez sta attraversando un momento di fragilit\u00e0 e grande esposizione mediatica, tanto che i suoi genitri Gustavo e Veronica sarebbero pronti a intervenire. I familiari, stando a quanto riporta il settimanale Oggi, avrebbero dichiarato: \u201cBelen ha bisogno di staccare la spina per un po&#8217; e ritrovare la sua serenit\u00e0. La sua cura sar\u00e0 l&#8217;amore della nostra famiglia\u201d. E starebbero programmando un <a href=\"https:\/\/www.today.it\/gossip\/belen-famiglia-argentina.html\" rel=\"nofollow noopener\" target=\"_blank\">ritorno temporaneo in Argentina<\/a> insieme a Cecilia e Jeremias.<\/p>\n<p>La decisione sarebbe maturata dopo l\u2019ultimo weekend a Saint Moritz, alcune situazioni avrebbero convinto i genitori a volerla allontanare per qualche settimana dal caos e dalla vita pubblica. Tempo fa, fu la stessa Belen a rivelare la necessit\u00e0 di prendersi una pausa, ammettendo di star affrontando un periodo difficile: &#8220;Ho preso troppi psicofarmaci, mi sto curando&#8221;.<\/p>\n<p>Accanto a lei ci sarebbe la sorella Cecilia, con cui Belen ha recentemente ricucito il rapporto dopo un litigio avvenuto nei mesi precedenti. Come sottolinea Gabriele Parpiglia, in questo momento complicato il legame familiare \u00e8 diventato ancora pi\u00f9 importante, dimostrando quanto il supporto dei propri cari possa fare la differenza nei momenti di difficolt\u00e0.<\/p>\n<p><a href=\"https:\/\/www.today.it\/gossip\/belen-famiglia-argentina.html\" target=\"_blank\" rel=\"nofollow noopener\">&#8220;Belen non sta bene, la famiglia vuole riportarla in Argentina&#8221;: l&#8217;ultimo episodio \u00e8 preoccupante<\/a>Ballando con le stelle, il gran finale<\/p>\n<p>Sabato sera andr\u00e0 in onda <a href=\"https:\/\/www.today.it\/tv\/news\/ballando-stelle\/chi-vince-ballando-2025-sondaggio.html\" rel=\"nofollow noopener\" target=\"_blank\">l\u2019ultima puntata di Ballando con le Stelle<\/a> e l\u2019attenzione \u00e8 tutta rivolta ai protagonisti della finale. Oltre alla gara decisiva, i riflettori sono puntati anche su Andrea Delogu e sul suo maestro Nikita Perotti. Nelle ultime settimane si \u00e8 parlato insistentemente di una possibile love story tra i due, ipotesi prima alimentata e poi smentita dalla conduttrice, che ha chiarito: \u201cCi siamo trovate come persone, come anime\u201d, ribadendo la natura esclusivamente amicale del loro rapporto.\u00a0<\/p>\n<p>A raffreddare ulteriormente i rumor ci ha pensato il settimanale Chi, che ha pubblicato le foto di un bacio tra Andrea Delogu e un altro uomo, <a href=\"https:\/\/www.today.it\/tv\/news\/ballando-stelle\/andrea-delogu-bacio-alessandro-marziali-nikita-perotti.html\" rel=\"nofollow noopener\" target=\"_blank\">Andrea Marziali<\/a>, personaggio di cui al momento si conosce pochissimo, alimentando cos\u00ec nuove curiosit\u00e0.\u00a0<\/p>\n<p>Parallelamente, \u00e8 arrivata anche una grande ondata di affetto per <a href=\"https:\/\/www.today.it\/tv\/news\/luca-favilla-figlio.html\" rel=\"nofollow noopener\" target=\"_blank\">Luca Favilla<\/a>. Il ballerino, in coppia con Martina Colombari, ha ringraziato sui social per la vicinanza ricevuta durante giorni difficili segnati dal ricovero del figlio Enea, nato lo scorso 14 novembre. \u201cDopo due settimane un po\u2019 preoccupanti, finalmente siamo tornati a casa tutti e tre\u201d, ha scritto Favilla. Nonostante il momento complesso, il ballerino non ha mai fatto mancare la sua presenza nel programma e sabato potr\u00e0 affrontare lo spareggio con il cuore finalmente un po\u2019 pi\u00f9 leggero.\u00a0<\/p>\n<p><a href=\"https:\/\/www.today.it\/tv\/news\/ballando-stelle\/fabio-canino-barbara-d-urso-paura.html\" target=\"_blank\" rel=\"nofollow noopener\">Ballando con le Stelle, il bilancio di Fabio Canino: &#8220;Barbara D&#8217;Urso? Ha avuto paura. Andrea Delogu matura, Marcella sempre contro la giuria&#8221;<\/a>\u00a0<a href=\"https:\/\/www.today.it\/tv\/news\/ballando-stelle\/chi-vince-ballando-2025-sondaggio.html\" target=\"_blank\" rel=\"nofollow noopener\">Chi deve vincere Ballando con le Stelle 2025? Il sondaggio di Today<\/a>\u00a0Carlo Calenda e i guai con la moglie<\/p>\n<p>Tensione tra Carlo Calenda e la moglie Violante Bentivoglio. Ai microfoni di Pi\u00f9 Uno, il podcast di Radio Globo condotto da Federico Lobuono e Davide Mannone, la coppia si \u00e8 raccontata senza filtri, parlando della loro vita quotidiana, delle differenze caratteriali e della gestione della casa, tra riscaldamento sempre acceso e l\u2019educazione dei figli. Calenda ha sottolineato il valore della dimensione privata, affermando: \u201cSolo con mia moglie riesco a staccare. Non vuole vedermi trasformato in un politicante\u201d.<\/p>\n<p>Nel finale della puntata Bentivoglio ha forse sfruttato quella situazione pubblica per mettere un po\u2019 in difficolt\u00e0 il marito. Dovendo domandare a Candela qualcosa che non gli avesse mai chiesto prima, Bentivoglio ammette di essere sospettosa: \u201cNon sono proprio sicurissima\u2026 secondo me tu non me la racconti giusta. Ho un po\u2019 questa sensazione ultimamente [&#8230;] <a href=\"https:\/\/www.today.it\/gossip\/vip\/calenda-moglie-tradimento.html\" rel=\"nofollow noopener\" target=\"_blank\">Secondo me te hai combinato qualcosa di losco ultimamente<\/a>\u201d. Calenda ha risposto prontamente: \u201cMa sei pazza? Ma come ti viene in mente?\u201d, mentre la moglie ha insistito: \u201cGuarda che raramente mi sbaglio\u201d. Lasciando intendere, neanche troppo velatamente, che il sospetto di un tradimento da qualche tempo sta crescendo in lei. C&#8217;\u00e8 da riconoscere a Calenda, la spontaneit\u00e0 nel confermare il suo essere un \u201cgalletto\u201d. Chiss\u00e0, ma intanto il dubbio resta e sotto Natale diventa sempre pi\u00f9 amaro\u2026<\/p>\n<p><a href=\"https:\/\/www.today.it\/gossip\/vip\/calenda-moglie-tradimento.html\" target=\"_blank\" rel=\"nofollow noopener\">Calenda, la moglie insinua un tradimento in diretta: &#8220;Hai fatto qualcosa, raramente sbaglio&#8221;<\/a>I Gossippini<\/p>\n<p><strong>Il dolore di Raffaella Fico<\/strong><\/p>\n<p>Armando Izzo e Raffaella Fico hanno annunciato sui social la <a href=\"https:\/\/www.today.it\/gossip\/vip\/raffaella-fico-perde-figlio-incinta-armando-izzo.html\" rel=\"nofollow noopener\" target=\"_blank\">perdita del loro bambino<\/a> al quinto mese di gravidanza, chiedendo rispetto e silenzio in un momento di profondo dolore. Raffaella ha ricordato il piccolo con parole commoventi e <a href=\"https:\/\/www.today.it\/gossip\/vip\/raffaella-fico-dolore-figlio-dichiarazione-izzo.html\" rel=\"nofollow noopener\" target=\"_blank\">Izzo ha ribadito pubblicamente il suo amore<\/a> e il sostegno alla compagna, sottolineando la volont\u00e0 di affrontare insieme questo lutto. Un momento difficilissimo nel quale si supporteranno a vicenda.<\/p>\n<p><strong>Samira Lui e i progetti futuri<\/strong><\/p>\n<p>Samira Lui \u00e8 la rivelazione della stagione televisiva: al fianco di Gerry Scotti a La Ruota della Fortuna conquista ogni sera circa 5 milioni di spettatori. Si \u00e8 parlato anche di una sua possibile partecipazione a <a href=\"https:\/\/www.today.it\/gossip\/vip\/samira-lui-guadagni.html\" rel=\"nofollow noopener\" target=\"_blank\">Sanremo 2026<\/a>, ma lei frena: nessun contatto con la Rai e ora la priorit\u00e0 \u00e8 crescere professionalmente. Al momento bye-bye al <a href=\"https:\/\/www.today.it\/gossip\/vip\/samira-lui-matrimonio.html\" rel=\"nofollow noopener\" target=\"_blank\">profumo \u201cfiori d\u2019arancio\u201d<\/a> che molti si aspettavano: al settimanale Chi ha chiarito che al momento non ci sono nozze in vista\u2026. Chiss\u00e0.<\/p>\n<p><strong>Pellegrini mamma bis<\/strong><\/p>\n<p>Federica Pellegrini e Matteo Giunta <a href=\"https:\/\/www.today.it\/gossip\/vip\/federica-pellegrini-incinta-secondo-figlio-foto.html\" rel=\"nofollow noopener\" target=\"_blank\">aspettano il secondo figlio<\/a>: l\u2019annuncio \u00e8 arrivato su Instagram con una foto tenera che svela anche il sesso del beb\u00e8: una femmina. Pochi giorni fa, Gabriele Parpiglia aveva anticipato la notizia aggiungendo anche che la campionessa olimpica sarebbe al quinto mese di gravidanza.<\/p>\n<p>\u00a0<\/p>\n<p>       &#13;<br \/>\n        &#13;<br \/>\n&#13;<br \/>\n&#13;<br \/>\n  &#13;<br \/>\n  &#13;<br \/>\n&#13;<br \/>\n    &#13;<br \/>\n&#13;<br \/>\n&#13;<br \/>\n               &#13;<br \/>\n      &#13;<br \/>\n\t\t\t\t&#13;<br \/>\n&#13;<br \/>\n      &#13;<br \/>\n   &#13;<br \/>\n&#13;<br \/>\n      &#13;<br \/>\n                  &#13;<br \/>\n      &#13;<br \/>\n&#13;<\/p>\n","protected":false},"excerpt":{"rendered":"&#13; &#13; &#13; &#13; &#13; &#13; &#13; &#13; &#13; &#13; &#13; Condividi &#13; &#13; &#13; &#13; &#13; &#13;&hellip;\n","protected":false},"author":3,"featured_media":268887,"comment_status":"","ping_status":"","sticky":false,"template":"","format":"standard","meta":{"footnotes":""},"categories":[174],"tags":[19130,689,203,375,204,1537,90,89,688,1766],"class_list":{"0":"post-268886","1":"post","2":"type-post","3":"status-publish","4":"format-standard","5":"has-post-thumbnail","7":"category-intrattenimento","8":"tag-alfonso-signorini","9":"tag-blog","10":"tag-entertainment","11":"tag-fabrizio-corona","12":"tag-intrattenimento","13":"tag-it","14":"tag-italia","15":"tag-italy","16":"tag-opinioni","17":"tag-stefano-de-martino"},"share_on_mastodon":{"url":"https:\/\/pubeurope.com\/@it\/115749205191281286","error":""},"_links":{"self":[{"href":"https:\/\/www.europesays.com\/it\/wp-json\/wp\/v2\/posts\/268886","targetHints":{"allow":["GET"]}}],"collection":[{"href":"https:\/\/www.europesays.com\/it\/wp-json\/wp\/v2\/posts"}],"about":[{"href":"https:\/\/www.europesays.com\/it\/wp-json\/wp\/v2\/types\/post"}],"author":[{"embeddable":true,"href":"https:\/\/www.europesays.com\/it\/wp-json\/wp\/v2\/users\/3"}],"replies":[{"embeddable":true,"href":"https:\/\/www.europesays.com\/it\/wp-json\/wp\/v2\/comments?post=268886"}],"version-history":[{"count":0,"href":"https:\/\/www.europesays.com\/it\/wp-json\/wp\/v2\/posts\/268886\/revisions"}],"wp:featuredmedia":[{"embeddable":true,"href":"https:\/\/www.europesays.com\/it\/wp-json\/wp\/v2\/media\/268887"}],"wp:attachment":[{"href":"https:\/\/www.europesays.com\/it\/wp-json\/wp\/v2\/media?parent=268886"}],"wp:term":[{"taxonomy":"category","embeddable":true,"href":"https:\/\/www.europesays.com\/it\/wp-json\/wp\/v2\/categories?post=268886"},{"taxonomy":"post_tag","embeddable":true,"href":"https:\/\/www.europesays.com\/it\/wp-json\/wp\/v2\/tags?post=268886"}],"curies":[{"name":"wp","href":"https:\/\/api.w.org\/{rel}","templated":true}]}}