{"id":268894,"date":"2025-12-20T01:07:14","date_gmt":"2025-12-20T01:07:14","guid":{"rendered":"https:\/\/www.europesays.com\/it\/268894\/"},"modified":"2025-12-20T01:07:14","modified_gmt":"2025-12-20T01:07:14","slug":"sgombero-via-quarti-a-milano-verdi-e-unione-inquilini-pressing-su-sala-chiesto-incontro-urgente-al-prefetto","status":"publish","type":"post","link":"https:\/\/www.europesays.com\/it\/268894\/","title":{"rendered":"Sgombero via Quarti a Milano, Verdi e unione inquilini pressing su Sala, chiesto incontro urgente al prefetto"},"content":{"rendered":"<p>Un incontro urgente in prefettura per discutere delle pi\u00f9 recenti operazioni delle forze dell&#8217;ordine nei quartieri popolari di Milano (l&#8217;ultimo il <a href=\"https:\/\/www.milanotoday.it\/politica\/sgomberi_via-quarti-luce-gas-staccati.html\" target=\"_blank\" rel=\"nofollow noopener\">blitz<\/a> in via Quarti a Baggio, marted\u00ec 16 dicembre). E la residenza temporanea in deroga, per gli abusivi in condizione di fragilit\u00e0, in modo da consentire il riallaccio delle utenze. Sono alcune delle richieste che i sindacati degli inquilini e alcune forze politiche stanno rivolgendo a prefettura e Comune di Milano in queste ore.<\/p>\n<p>Le polemiche della politica<\/p>\n<p>Il blitz in via Quarti, con 9 appartamenti sgomberati (tutti con adulti non fragili) ma anche il distacco delle utenze di luce e gas agli altri abusivi (costringendo al freddo e al buio anche bambini, disabili, malati e anziani) ha scatenato polemiche durissime. Dal Pd a Europa Verde, dall&#8217;assessore al welfare Lamberto Bertol\u00e9 ai Municipi 6 e 7, tutti (o quasi) schierati contro l&#8217;operazione, effettuata senza avvertire i servizi sociali (perch\u00e9, \u00e8 la giustificazione della prefettura, i fragili non sono stati sgomberati) pur con conseguenze dirette su persone particolarmente bisognose di aiuto.<\/p>\n<p>\u201cSospendere queste operazioni\u201d<\/p>\n<p>Il Sicet, con una lettera firmata da oltre 30 tra associazioni, comitati di quartiere ed enti del Terzo settore (ci sono anche la Caritas e due parrocchie), ha chiesto al prefetto un incontro urgente, esprimendo \u201cforte preoccupazione per interventi che stanno producendo una criminalizzazione indiscriminata degli abitanti\u201d e sottolineando che si colpiscono \u201canche famiglie in stato di necessit\u00e0, spesso senza alcuna alternativa abitativa o supporto sociale\u201d. Le richieste: sospendere altre operazioni straordinarie, attivare un confronto con le istituzioni, impegnarsi a tutelare il diritto all&#8217;abitare con risposte che non si limitino all&#8217;ordine pubblico.<\/p>\n<p>Il problema delle case transitorie<\/p>\n<p>Il Sicet, per\u00f2, sottolinea anche la modifica della legge regionale sulle case transitorie, avvenuta a maggio 2025, che ne impedisce l&#8217;utilizzo quando il destinatario era stato occupante abusivo nei cinque anni precedenti (come per l&#8217;assegnazione delle case popolari). Dare una casa transitoria a un occupante abusivo significava, spesso, farlo rientrare in un percorso di normalit\u00e0 e legalit\u00e0, cosa che oggi non pu\u00f2 pi\u00f9 avvenire.<\/p>\n<p>Residenza temporanea<\/p>\n<p>Va oltre l&#8217;Unione inquilini, che tra l&#8217;altro chiede al sindaco Beppe Sala di concedere la residenza in deroga ai nuclei con persone fragili, in modo che possano attivare al pi\u00f9 presto l&#8217;utenza. Una richiesta a cui aderiscono i Verdi, con i consiglieri Tommaso Gorini e Francesca Cucchiara.<\/p>\n<p>\u201cSala vada in via Quarti e si opponga ad azioni fasciste\u201d<\/p>\n<p>\u201cDecine di famiglie e persone con gravi fragilit\u00e0 sono ancora al buio e al freddo\u201d, scrivono in una nota, chiedendo a Sala di riconoscere la residenza in deroga ai nuclei fragili (per consentire il riallaccio delle utenze) e di recarsi in via Quarti a portare la sua solidariet\u00e0 a chi \u201crischia di passare il Natale al buio\u201d, dicono i due consiglieri Verdi: \u201cPromettere in piazza Fontana che \u2018i fascisti non passeranno\u2019 non serve a niente se non si usa il proprio potere per opporsi quando i fascisti fanno azioni da fascisti\u201d.<\/p>\n<p>\u201cQuanto accaduto \u00e8 di una gravit\u00e0 inaccettabile e le modalit\u00e0 utilizzate sono simili a quelle utilizzate in azioni precedenti: chiediamo alla prefettura e al Ministero degli Interni che venga fatta piena chiarezza su quanto avvenuto e che, per il futuro, ogni intervento di questo tipo preveda il coinvolgimento dei servizi sociali, come previsto dal protocollo\u201d, fa loro eco Erica Soana, assessora dei Verdi nel Municipio 7, che si \u00e8 attivata con le scuole di Baggio, Olmi e Muggiano, frequentate dai bambini di via Quarti, per avvertire i dirigenti della situazione.<\/p>\n<p>La rete di solidariet\u00e0<\/p>\n<p>Nel frattempo si \u00e8 attivata una rete di solidariet\u00e0 nel quartiere. Le Discepole del Vangelo, suore che vivono in via Quarti, hanno aperto le porte della loro casa a chi si trovava in maggiore difficolt\u00e0. Il parroco di Sant&#8217;Apollinare, don Giuseppe Nichetti, ha citato persone con regolare contratto di affitto che sarebbero rimaste, anche loro, senza luce e gas. Progetto Arca ha dato la disponibilit\u00e0 a fornire pasti caldi a chi ne abbia bisogno.<\/p>\n","protected":false},"excerpt":{"rendered":"Un incontro urgente in prefettura per discutere delle pi\u00f9 recenti operazioni delle forze dell&#8217;ordine nei quartieri popolari di&hellip;\n","protected":false},"author":3,"featured_media":268895,"comment_status":"","ping_status":"","sticky":false,"template":"","format":"standard","meta":{"footnotes":""},"categories":[79],"tags":[76434,14,93,94,1537,90,89,7,15,49856,11,84,91,12,85,92],"class_list":{"0":"post-268894","1":"post","2":"type-post","3":"status-publish","4":"format-standard","5":"has-post-thumbnail","7":"category-italia","8":"tag-case-popolari","9":"tag-cronaca","10":"tag-cronaca-italiana","11":"tag-cronacaitaliana","12":"tag-it","13":"tag-italia","14":"tag-italy","15":"tag-news","16":"tag-notizie","17":"tag-sgomberi","18":"tag-ultime-notizie","19":"tag-ultime-notizie-e-news-di-oggi","20":"tag-ultime-notizie-italia","21":"tag-ultimenotizie","22":"tag-ultimenotizieenewsdioggi","23":"tag-ultimenotizieitalia"},"share_on_mastodon":{"url":"https:\/\/pubeurope.com\/@it\/115749220813988280","error":""},"_links":{"self":[{"href":"https:\/\/www.europesays.com\/it\/wp-json\/wp\/v2\/posts\/268894","targetHints":{"allow":["GET"]}}],"collection":[{"href":"https:\/\/www.europesays.com\/it\/wp-json\/wp\/v2\/posts"}],"about":[{"href":"https:\/\/www.europesays.com\/it\/wp-json\/wp\/v2\/types\/post"}],"author":[{"embeddable":true,"href":"https:\/\/www.europesays.com\/it\/wp-json\/wp\/v2\/users\/3"}],"replies":[{"embeddable":true,"href":"https:\/\/www.europesays.com\/it\/wp-json\/wp\/v2\/comments?post=268894"}],"version-history":[{"count":0,"href":"https:\/\/www.europesays.com\/it\/wp-json\/wp\/v2\/posts\/268894\/revisions"}],"wp:featuredmedia":[{"embeddable":true,"href":"https:\/\/www.europesays.com\/it\/wp-json\/wp\/v2\/media\/268895"}],"wp:attachment":[{"href":"https:\/\/www.europesays.com\/it\/wp-json\/wp\/v2\/media?parent=268894"}],"wp:term":[{"taxonomy":"category","embeddable":true,"href":"https:\/\/www.europesays.com\/it\/wp-json\/wp\/v2\/categories?post=268894"},{"taxonomy":"post_tag","embeddable":true,"href":"https:\/\/www.europesays.com\/it\/wp-json\/wp\/v2\/tags?post=268894"}],"curies":[{"name":"wp","href":"https:\/\/api.w.org\/{rel}","templated":true}]}}