{"id":269027,"date":"2025-12-20T03:48:13","date_gmt":"2025-12-20T03:48:13","guid":{"rendered":"https:\/\/www.europesays.com\/it\/269027\/"},"modified":"2025-12-20T03:48:13","modified_gmt":"2025-12-20T03:48:13","slug":"trump-vuole-riportare-gli-usa-sulla-luna-affermiamo-la-leadership-americana-nello-spazio","status":"publish","type":"post","link":"https:\/\/www.europesays.com\/it\/269027\/","title":{"rendered":"Trump vuole riportare gli Usa sulla Luna: &#8220;Affermiamo la leadership americana nello spazio&#8221;"},"content":{"rendered":"<p><a data-autogenerated=\"yes\" data-datalayer-click-event-target=\"internal\" href=\"https:\/\/www.ilgiornale.it\/persone\/donald-trump-131539.html\" rel=\"nofollow noopener\" target=\"_blank\">Donald Trump<\/a> ha confermato di voler riportare gli astronauti sulla Luna il prima possibile, mettendo in secondo piano le future missioni su Marte. In un ordine esecutivo sulla sua politica spaziale, Trump ha dichiarato di voler riportare gli americani sul satellite della Terra entro il 2028, nell&#8217;ambito del programma Artemis della Nasa, lanciato durante il suo primo mandato alla Casa Bianca.<\/p>\n<p>Un simile allunaggio &#8220;affermerebbe la leadership americana nello spazio, porrebbe le basi per lo sviluppo economico lunare, preparerebbe il viaggio verso Marte e ispirerebbe la prossima generazione di esploratori americani&#8221;, si legge nell&#8217;ordine. Il documento afferma inoltre che la Nasa spera di installare &#8220;i primi elementi di un avamposto lunare permanente entro il 2030&#8221; e conferma i piani per l&#8217;installazione di reattori nucleari &#8220;sulla Luna e in orbita&#8221;.<\/p>\n<p>Attualmente, il ritorno degli americani sulla superficie lunare \u00e8 previsto per la met\u00e0 del 2027 con la missione Artemis 3, ma la tempistica \u00e8 stata ripetutamente posticipata.\n<\/p>\n<p> Gli esperti del settore affermano che \u00e8 probabile che subisca un ulteriore ritardo, poich\u00e9 il modulo di atterraggio lunare in fase di sviluppo presso la SpaceX di <a data-autogenerated=\"yes\" data-datalayer-click-event-target=\"internal\" href=\"https:\/\/www.ilgiornale.it\/persone\/elon-musk-137376.html\" rel=\"nofollow noopener\" target=\"_blank\">Elon Musk<\/a> non \u00e8 ancora pronto. L&#8217;ordine esecutivo di Trump esercita una maggiore pressione sia sulla Nasa che sul settore spaziale privato affinch\u00e9 raggiungano gli obiettivi dell&#8217;amministrazione.<\/p>\n","protected":false},"excerpt":{"rendered":"Donald Trump ha confermato di voler riportare gli astronauti sulla Luna il prima possibile, mettendo in secondo piano&hellip;\n","protected":false},"author":3,"featured_media":269028,"comment_status":"","ping_status":"","sticky":false,"template":"","format":"standard","meta":{"footnotes":""},"categories":[160],"tags":[14,164,165,206,11818,166,7,15,8041,11,167,12,168,161,162,163],"class_list":{"0":"post-269027","1":"post","2":"type-post","3":"status-publish","4":"format-standard","5":"has-post-thumbnail","7":"category-mondo","8":"tag-cronaca","9":"tag-dal-mondo","10":"tag-dalmondo","11":"tag-donald-trump","12":"tag-luna","13":"tag-mondo","14":"tag-news","15":"tag-notizie","16":"tag-spazio","17":"tag-ultime-notizie","18":"tag-ultime-notizie-di-mondo","19":"tag-ultimenotizie","20":"tag-ultimenotiziedimondo","21":"tag-world","22":"tag-world-news","23":"tag-worldnews"},"share_on_mastodon":{"url":"https:\/\/pubeurope.com\/@it\/115749854024264682","error":""},"_links":{"self":[{"href":"https:\/\/www.europesays.com\/it\/wp-json\/wp\/v2\/posts\/269027","targetHints":{"allow":["GET"]}}],"collection":[{"href":"https:\/\/www.europesays.com\/it\/wp-json\/wp\/v2\/posts"}],"about":[{"href":"https:\/\/www.europesays.com\/it\/wp-json\/wp\/v2\/types\/post"}],"author":[{"embeddable":true,"href":"https:\/\/www.europesays.com\/it\/wp-json\/wp\/v2\/users\/3"}],"replies":[{"embeddable":true,"href":"https:\/\/www.europesays.com\/it\/wp-json\/wp\/v2\/comments?post=269027"}],"version-history":[{"count":0,"href":"https:\/\/www.europesays.com\/it\/wp-json\/wp\/v2\/posts\/269027\/revisions"}],"wp:featuredmedia":[{"embeddable":true,"href":"https:\/\/www.europesays.com\/it\/wp-json\/wp\/v2\/media\/269028"}],"wp:attachment":[{"href":"https:\/\/www.europesays.com\/it\/wp-json\/wp\/v2\/media?parent=269027"}],"wp:term":[{"taxonomy":"category","embeddable":true,"href":"https:\/\/www.europesays.com\/it\/wp-json\/wp\/v2\/categories?post=269027"},{"taxonomy":"post_tag","embeddable":true,"href":"https:\/\/www.europesays.com\/it\/wp-json\/wp\/v2\/tags?post=269027"}],"curies":[{"name":"wp","href":"https:\/\/api.w.org\/{rel}","templated":true}]}}