{"id":269213,"date":"2025-12-20T07:53:10","date_gmt":"2025-12-20T07:53:10","guid":{"rendered":"https:\/\/www.europesays.com\/it\/269213\/"},"modified":"2025-12-20T07:53:10","modified_gmt":"2025-12-20T07:53:10","slug":"linter-e-disperante-il-milan-deve-alzare-il-livello-milano-del-pallone-due-modi-diversi-per-essere-infelici","status":"publish","type":"post","link":"https:\/\/www.europesays.com\/it\/269213\/","title":{"rendered":"L&#8217;Inter \u00e8 disperante, il Milan deve alzare il livello: Milano del pallone, due modi diversi per essere infelici"},"content":{"rendered":"<p>    di<br \/>\n    Alessandro Bocci<\/p>\n<p class=\"summary-art is-line-h-12\">Nerazzurri e rossoneri tornano con tanti punti interrogativi dalla trasferta a Riad per la Supercoppa: i nerazzurri sono i soliti affascinanti e immaturi, i rossoneri rientrano tra le polemiche<\/p>\n<p class=\"chapter-paragraph\">Non \u00e8 una Supercoppa alla milanese. Dopo il Milan, <a href=\"https:\/\/www.corriere.it\/sport\/calcio\/25_dicembre_19\/rigore-bisseck-bologna-inter-cosa-e-successo-a83eb098-785c-42f0-9f2b-60883ca04xlk.shtml\" rel=\"nofollow noopener\" target=\"_blank\">saluta anche l\u2019Inter<\/a>. La finale sar\u00e0 un omaggio alla tradizione,<b> la sfida tra il Napoli che ha vinto lo scudetto e il Bologna che ha festeggiato la Coppa Italia<\/b>. Gli arabi non saranno troppo contenti e neppure a Milano lo sono. Sconfitte diverse. <a href=\"https:\/\/www.corriere.it\/sport\/25_dicembre_19\/cosa-successo-allegri-oriali-napoli-milan-supercoppa-5ef2268a-ec36-42d2-ad75-52899ae34xlk.shtml\" rel=\"nofollow noopener\" target=\"_blank\">Il Diavolo, tornato a casa tra le polemiche<\/a>, ha capito che per alzare il livello e lottare per lo scudetto deve avere il coraggio di investire sul mercato. Aiutare Allegri deve essere la missione di gennaio.<b> Fa pi\u00f9 rumore l\u2019eliminazione dell\u2019Inter capolista in serie A<\/b>. La sfida a Conte poteva essere l\u2019antipasto del probabile testa a testa per lo scudetto. E invece ai nerazzurri non sono sufficienti cento minuti tondi per avere ragione dei discepoli di Italiano.<\/p>\n<p class=\"chapter-paragraph\"><b>L\u2019Inter \u00e8 disperante<\/b>: segna subito e invece di far valere la maggiore qualit\u00e0 tecnica e il possibile stordimento dei rivali, mostra il suo lato peggiore, quel pizzico di fastidiosa sufficienza che consegna la partita nelle mani del Bologna. Quando, nella ripresa, si sveglia dal torpore e si impossessa del campo, si deve scontrare con Ravaglia e la mancanza di cinismo negli ultimi metri. <b>Solita Inter. Affascinante e immatura<\/b>. Il Bologna va oltre i propri limiti. Gioca un calcio bellissimo sino all\u2019intervallo e si mostra capace di soffrire senza smarrire le distanze quando va in apnea. Chivu diventer\u00e0 un grande allenatore, Italiano lo \u00e8 gi\u00e0. Quella di luned\u00ec sar\u00e0 la sua quinta finale.    &#13;<br \/>\n&#13;<br \/>\n&#13;<br \/>\n&#13;<br \/>\n&#13;<br \/>\n&#13;<br \/>\n&#13;<br \/>\n&#13;<br \/>\n&#13;<br \/>\n&#13;<br \/>\n&#13;<br \/>\n&#13;<br \/>\n&#13;<br \/>\n&#13;<br \/>\n&#13;<br \/>\n&#13;<br \/>\n&#13;<br \/>\n&#13;<br \/>\n&#13;<br \/>\n&#13;<br \/>\n&#13;<br \/>\n&#13;<br \/>\n&#13;<br \/>\n&#13;<br \/>\n&#13;<br \/>\n&#13;<br \/>\n&#13;<br \/>\n&#13;<br \/>\n&#13;<br \/>\n&#13;<br \/>\n&#13;<br \/>\n&#13;<br \/>\n&#13;<br \/>\n&#13;<br \/>\n&#13;<br \/>\n&#13;<br \/>\n&#13;<br \/>\n&#13;<br \/>\n&#13;<br \/>\n&#13;<br \/>\n&#13;<br \/>\n&#13;<br \/>\n&#13;<br \/>\n&#13;<br \/>\n&#13;<br \/>\n&#13;<br \/>\n&#13;<br \/>\n&#13;<br \/>\n&#13;<br \/>\n&#13;<br \/>\n&#13;<br \/>\n&#13;<br \/>\n&#13;\n<\/p>\n<p class=\"chapter-paragraph\">Ogni stagione si evolve e fa un salto in avanti. La vittoria ai rigori \u00e8 un premio. E <b>una punizione per l\u2019Inter, presuntuosa e tradita dal dischetto anche da due azzurri, Bastoni e Barella, sotto gli occhi di Gattuso<\/b>. A Riad, l\u2019anno scorso Inzaghi ha cominciato a perdere. Chivu non \u00e8 riuscito a invertire la tendenza. <b>La prima semifinale ha lasciato uno strascico polemico di cui avremmo volentieri fatto a meno<\/b>. Una figuraccia Mondiale, che abbiamo esportato sino nel deserto. <b>Allegri ha esagerato con le parole<\/b>, ma bisogna domandarsi chi lo ha spinto a perdere la brocca. In ogni caso un episodio deprecabile. Bene ha fatto il Milan a non replicare alla protesta ufficiale del Napoli. Resta una certezza. Le panchine, ormai, sono uno strumento di pressione sui nostri arbitri, che stanno vivendo uno dei periodi pi\u00f9 complicati della storia. Forse non sono mai stati cos\u00ec scarsi e in bal\u00eca della Var. Ma in campo nessuno gli d\u00e0 una mano.<\/p>\n<p class=\"is-last-update\" datetime=\"2025-12-20T07:16:13+01:00\">20 dicembre 2025 ( modifica il 20 dicembre 2025 | 07:16)<\/p>\n<p class=\"is-copyright\">\n            \u00a9 RIPRODUZIONE RISERVATA\n        <\/p>\n","protected":false},"excerpt":{"rendered":"di Alessandro Bocci Nerazzurri e rossoneri tornano con tanti punti interrogativi dalla trasferta a Riad per la Supercoppa:&hellip;\n","protected":false},"author":3,"featured_media":269214,"comment_status":"","ping_status":"","sticky":false,"template":"","format":"standard","meta":{"footnotes":""},"categories":[176],"tags":[71634,3076,8615,88857,586,921,2839,158471,1426,350,158472,1537,90,1599,89,6110,553,28,632,248,609,8013,15266,57550,3094,6072,3461,42607,245,244,24043,1928],"class_list":{"0":"post-269213","1":"post","2":"type-post","3":"status-publish","4":"format-standard","5":"has-post-thumbnail","7":"category-sport","8":"tag-affascinante","9":"tag-allegri","10":"tag-alzare","11":"tag-alzare-livello","12":"tag-bologna","13":"tag-campo","14":"tag-chivu","15":"tag-disperante","16":"tag-finale","17":"tag-inter","18":"tag-inter-disperante","19":"tag-it","20":"tag-italia","21":"tag-italiano","22":"tag-italy","23":"tag-livello","24":"tag-milan","25":"tag-milano","26":"tag-mostra","27":"tag-napoli","28":"tag-nerazzurri","29":"tag-perdere","30":"tag-polemiche","31":"tag-riad","32":"tag-rossoneri","33":"tag-scudetto","34":"tag-sfida","35":"tag-sino","36":"tag-sport","37":"tag-sports","38":"tag-supercoppa","39":"tag-testa"},"share_on_mastodon":{"url":"https:\/\/pubeurope.com\/@it\/115750817200569456","error":""},"_links":{"self":[{"href":"https:\/\/www.europesays.com\/it\/wp-json\/wp\/v2\/posts\/269213","targetHints":{"allow":["GET"]}}],"collection":[{"href":"https:\/\/www.europesays.com\/it\/wp-json\/wp\/v2\/posts"}],"about":[{"href":"https:\/\/www.europesays.com\/it\/wp-json\/wp\/v2\/types\/post"}],"author":[{"embeddable":true,"href":"https:\/\/www.europesays.com\/it\/wp-json\/wp\/v2\/users\/3"}],"replies":[{"embeddable":true,"href":"https:\/\/www.europesays.com\/it\/wp-json\/wp\/v2\/comments?post=269213"}],"version-history":[{"count":0,"href":"https:\/\/www.europesays.com\/it\/wp-json\/wp\/v2\/posts\/269213\/revisions"}],"wp:featuredmedia":[{"embeddable":true,"href":"https:\/\/www.europesays.com\/it\/wp-json\/wp\/v2\/media\/269214"}],"wp:attachment":[{"href":"https:\/\/www.europesays.com\/it\/wp-json\/wp\/v2\/media?parent=269213"}],"wp:term":[{"taxonomy":"category","embeddable":true,"href":"https:\/\/www.europesays.com\/it\/wp-json\/wp\/v2\/categories?post=269213"},{"taxonomy":"post_tag","embeddable":true,"href":"https:\/\/www.europesays.com\/it\/wp-json\/wp\/v2\/tags?post=269213"}],"curies":[{"name":"wp","href":"https:\/\/api.w.org\/{rel}","templated":true}]}}