{"id":269217,"date":"2025-12-20T07:56:14","date_gmt":"2025-12-20T07:56:14","guid":{"rendered":"https:\/\/www.europesays.com\/it\/269217\/"},"modified":"2025-12-20T07:56:14","modified_gmt":"2025-12-20T07:56:14","slug":"dalla-strada-alla-pista-colpo-di-scena-la-fiat-panda-infiamma-lasfalto-licona-italiana-e-pronta-a-stupire","status":"publish","type":"post","link":"https:\/\/www.europesays.com\/it\/269217\/","title":{"rendered":"Dalla strada alla pista, colpo di scena: la FIAT PANDA infiamma l&#8217;asfalto | L&#8217;icona italiana \u00e8 pronta a stupire"},"content":{"rendered":"<p><strong>Dalla strada alla pista, colpo di scena: la FIAT PANDA infiamma l\u2019asfalto | L\u2019icona italiana \u00e8 pronta a stupire<br \/>\n<\/strong>Un misto di nostalgia e sorpresa sta infiammando la community di <strong>\u201cGran Turismo 7\u201d<\/strong>. Tutto \u00e8 iniziato con un video teaser pubblicato sui canali ufficiali del gioco che, per pochi secondi, ha mostrato un dettaglio che ha fatto sobbalzare gli appassionati italiani e non solo. Al minuto 0:34 del filmato, su uno dei monitor nello studio di sviluppo di <strong>Polyphony Digital<\/strong>, \u00e8 apparsa una silhouette inconfondibile: il modello 3D di una Fiat Panda originale, la versione nata nel 1980. Quella forma squadrata, essenziale e cos\u00ec familiare sembra essere proprio quella dell\u2019iconica utilitaria disegnata da Giorgetto Giugiaro.<\/p>\n<p>Come affermato da Virgilio, a rendere ancora pi\u00f9 credibile questa ipotesi \u00e8 stata la <strong>recente visita di Giorgetto Giugiaro e suo figlio Fabrizio<\/strong> presso gli studi giapponesi di Polyphony. I due celebri designer sono stati protagonisti di una giornata intensa, tra workshop creativi e prove di guida virtuale. Stando alle immagini trapelate, durante questi incontri, la Fiat Panda ha fatto pi\u00f9 di una fugace comparsa sugli schermi, alimentando ulteriormente le speculazioni. Difficile credere che si tratti di una mera coincidenza, data l\u2019importanza simbolica della vettura e il contesto della visita.<\/p>\n<p>Il \u201cPandino\u201d non \u00e8 una novit\u00e0 per i circuiti virtuali<br \/>\n<img decoding=\"async\" class=\"wp-image-generated size-full\" src=\"data:image\/svg+xml,%3Csvg%20xmlns=\" http:=\"\" alt=\"Il &quot;Pandino&quot; non \u00e8 una novit\u00e0 per i circuiti virtuali\" data-lazy-src=\"https:\/\/www.europesays.com\/it\/wp-content\/uploads\/2025\/12\/section_69457bce71f9b.webp.webp\"\/><\/p>\n<p style=\"margin: 16px 0\">L\u2019iconico Pandino sfreccia da anni sui tracciati digitali.<\/p>\n<p>\u00a0<\/p>\n<p>Non \u00e8 la prima volta che la Fiat Panda fa capolino nell\u2019universo di \u201cGran Turismo\u201d. Il modello <strong>1000S i.e. del 1990<\/strong> era gi\u00e0 stato incluso in capitoli precedenti della serie, come GT4 e GT6. All\u2019epoca, questa vettura divenne amatissima dai fan proprio per la sua semplicit\u00e0 e il suo carisma unico. Le sue sei colorazioni e le prestazioni modeste, ma realistiche, la rendevano perfetta per scenari evocativi, come la splendida Costa di Amalfi, dove lo stile di guida e l\u2019atmosfera contavano quanto \u2013 se non pi\u00f9 \u2013 della velocit\u00e0 pura. Un\u2019auto che ha saputo conquistare un posto nel cuore dei giocatori, dimostrando che non servono per forza centinaia di cavalli per divertirsi e generare emozioni.<\/p>\n<p>La possibilit\u00e0 di rivederla oggi in Gran Turismo 7, nell\u2019era del realismo grafico spinto e delle hypercar ultra-potenti, assume un significato particolare. Il suo ritorno rappresenterebbe un piccolo, ma significativo, omaggio alla <strong>cultura automobilistica degli anni \u201980 e \u201990<\/strong>. Un periodo in cui le auto erano spesso pi\u00f9 essenziali, ma anche pi\u00f9 accessibili e incredibilmente riconoscibili, veri e propri simboli di un\u2019epoca. Sarebbe un\u2019occasione per riscoprire il piacere di una guida autentica, lontana dalle complessit\u00e0 tecnologiche delle vetture moderne, e un modo per celebrare un pezzo di storia dell\u2019automobilismo popolare.<\/p>\n<p>L\u2019attesa della community e il significato di un ritorno<br \/>\n<img decoding=\"async\" class=\"wp-image-generated size-full\" src=\"data:image\/svg+xml,%3Csvg%20xmlns=\" http:=\"\" alt=\"L'attesa della community e il significato di un ritorno\" data-lazy-src=\"https:\/\/www.europesays.com\/it\/wp-content\/uploads\/2025\/12\/section_69457bda197a7.webp.webp\"\/><\/p>\n<p style=\"margin: 16px 0\">L\u2019attesa della community culmina: il profondo significato di un atteso ritorno.<\/p>\n<p>\u00a0<\/p>\n<p>Il potenziale ritorno della Panda in \u201cGran Turismo 7\u201d, qualora confermato ufficialmente, si inserirebbe perfettamente nella filosofia che da sempre caratterizza la serie: <strong>celebrare tutte le automobili<\/strong>, non solo quelle da sogno e le pi\u00f9 performanti. Il creatore della saga, Kazunori Yamauchi, ha spesso ribadito il valore culturale e affettivo che anche vetture \u201cnormali\u201d hanno per milioni di giocatori in tutto il mondo. Come ha dichiarato in passato, \u201canche un\u2019auto da citt\u00e0 pu\u00f2 raccontare una storia e generare emozioni\u201d, sottolineando l\u2019importanza di veicoli che hanno un impatto nella vita quotidiana delle persone.<\/p>\n<p>Sul fronte ufficiale, Polyphony Digital non ha ancora rilasciato conferme esplicite. Tuttavia, l\u2019accumularsi degli indizi sembra preludere a un annuncio imminente, forse in vista di un <strong>aggiornamento estivo del gioco<\/strong>. Se l\u2019iconica Panda dovesse fare il suo ingresso, andrebbe ad affiancare altre vetture storiche gi\u00e0 presenti in GT7, contribuendo a rendere il garage virtuale sempre pi\u00f9 ricco e variegato. Nel frattempo, la comunit\u00e0 online \u00e8 in fermento. Forum specializzati e social media pullulano di discussioni, meme e ipotesi di ogni genere. C\u2019\u00e8 chi spera in una versione elaborata da rally, chi sogna di vederla sfrecciare sulla neve di Lake Louise o tra i cordoli di Tsukuba, e chi semplicemente non vede l\u2019ora di riscoprire il piacere di guidare una vera icona italiana in un contesto di gioco globale, riconfermando il suo status di leggenda su quattro ruote.<\/p>\n","protected":false},"excerpt":{"rendered":"Dalla strada alla pista, colpo di scena: la FIAT PANDA infiamma l\u2019asfalto | L\u2019icona italiana \u00e8 pronta a&hellip;\n","protected":false},"author":3,"featured_media":269218,"comment_status":"","ping_status":"","sticky":false,"template":"","format":"standard","meta":{"footnotes":""},"categories":[173],"tags":[1537,90,89,195,198,199,197,200,201,194,196],"class_list":{"0":"post-269217","1":"post","2":"type-post","3":"status-publish","4":"format-standard","5":"has-post-thumbnail","7":"category-scienza-e-tecnologia","8":"tag-it","9":"tag-italia","10":"tag-italy","11":"tag-science","12":"tag-science-and-technology","13":"tag-scienceandtechnology","14":"tag-scienza","15":"tag-scienza-e-tecnologia","16":"tag-scienzaetecnologia","17":"tag-technology","18":"tag-tecnologia"},"share_on_mastodon":{"url":"https:\/\/pubeurope.com\/@it\/115750829060632948","error":""},"_links":{"self":[{"href":"https:\/\/www.europesays.com\/it\/wp-json\/wp\/v2\/posts\/269217","targetHints":{"allow":["GET"]}}],"collection":[{"href":"https:\/\/www.europesays.com\/it\/wp-json\/wp\/v2\/posts"}],"about":[{"href":"https:\/\/www.europesays.com\/it\/wp-json\/wp\/v2\/types\/post"}],"author":[{"embeddable":true,"href":"https:\/\/www.europesays.com\/it\/wp-json\/wp\/v2\/users\/3"}],"replies":[{"embeddable":true,"href":"https:\/\/www.europesays.com\/it\/wp-json\/wp\/v2\/comments?post=269217"}],"version-history":[{"count":0,"href":"https:\/\/www.europesays.com\/it\/wp-json\/wp\/v2\/posts\/269217\/revisions"}],"wp:featuredmedia":[{"embeddable":true,"href":"https:\/\/www.europesays.com\/it\/wp-json\/wp\/v2\/media\/269218"}],"wp:attachment":[{"href":"https:\/\/www.europesays.com\/it\/wp-json\/wp\/v2\/media?parent=269217"}],"wp:term":[{"taxonomy":"category","embeddable":true,"href":"https:\/\/www.europesays.com\/it\/wp-json\/wp\/v2\/categories?post=269217"},{"taxonomy":"post_tag","embeddable":true,"href":"https:\/\/www.europesays.com\/it\/wp-json\/wp\/v2\/tags?post=269217"}],"curies":[{"name":"wp","href":"https:\/\/api.w.org\/{rel}","templated":true}]}}