{"id":269220,"date":"2025-12-20T07:58:10","date_gmt":"2025-12-20T07:58:10","guid":{"rendered":"https:\/\/www.europesays.com\/it\/269220\/"},"modified":"2025-12-20T07:58:10","modified_gmt":"2025-12-20T07:58:10","slug":"fino-a-quando-puo-resistere-la-russia-loccasione-persa-dalla-ue","status":"publish","type":"post","link":"https:\/\/www.europesays.com\/it\/269220\/","title":{"rendered":"Fino a quando pu\u00f2 resistere la Russia? L&#8217;occasione persa dalla Ue"},"content":{"rendered":"<p>    di<br \/>\n    Federico Fubini<\/p>\n<p class=\"summary-art is-line-h-12\">Putin nel 2026 sar\u00e0 a un bivio. Il \u00abno\u00bb alle riserve russe: un\u2019occasione persa nella guerra e nella politica globale<\/p>\n<p class=\"chapter-paragraph\">La democrazia per<b> Winston Churchill <\/b>era \u00abla peggiore forma di governo, eccetto tutte le altre\u00bb e la nostra generazione potrebbe dire qualcosa di simile dell\u2019<b>Unione europea:<\/b> prende le decisioni peggiori, eccetto tutte le altre. L\u2019eurobond per un <a href=\"https:\/\/www.corriere.it\/esteri\/25_dicembre_19\/ucraina-apertura-di-orban-sul-debito-comune-i-leader-ue-si-al-prestito-congiunto-meloni-soddisfatta-ha-prevalso-il-buonsenso-f02ab79a-5489-42f9-a5ee-36e283dc5xlk.shtml\" rel=\"nofollow noopener\" target=\"_blank\">\u00abprestito\u00bb da 90 miliardi <\/a>di euro per l\u2019Ucraina, annunciato l\u2019altra notte, rientra in buona parte nella categoria. Basta guardare a quanto hanno contribuito nel 2022-2024 al bilancio di Kiev gli Stati Uniti e l\u2019Europa, per rendersi conto come in realt\u00e0 l\u2019accordo di Bruxelles sia provvisorio.<\/p>\n<p class=\"chapter-paragraph\">Nel <b>primo triennio di guerra<\/b> gli aiuti occidentali sono stati in media di 92 miliardi di euro l\u2019anno \u2014 secondo il Kiel Institute for International Economics \u2014 con una lieve prevalenza della quota americana.<br \/>Da quando <b>Donald Trump<\/b> ha bloccato quest\u2019ultima, l\u2019Unione europea deve supplire quasi da sola. E non \u00e8 facile. Solo la spesa militare costa all\u2019Ucraina 53 miliardi di euro nel 2025, ma nel prossimo biennio non potr\u00e0 che crescere con il rincaro dei prezzi nell\u2019industria globale della difesa. Poi ci sono i costi civili per Kiev: ospedali, scuole da ricollocare nei sotterranei, centrali elettriche e ferrovie da ricostruire di continuo, milioni di sfollati. I 90 miliardi dell\u2019Unione europea da soli non bastano certo per due anni, come si \u00e8 sostenuto da Bruxelles in queste ore; forse neanche per uno.<br \/>Il pi\u00f9 grande limite del vertice dell\u2019altra notte \u00e8 in quest\u2019orizzonte ridotto.    &#13;<br \/>\n&#13;<br \/>\n&#13;<br \/>\n&#13;<br \/>\n&#13;<br \/>\n&#13;<br \/>\n&#13;<br \/>\n&#13;<br \/>\n&#13;<br \/>\n&#13;<br \/>\n&#13;<br \/>\n&#13;<br \/>\n&#13;<br \/>\n&#13;<br \/>\n&#13;<br \/>\n&#13;<br \/>\n&#13;<br \/>\n&#13;<br \/>\n&#13;<br \/>\n&#13;<br \/>\n&#13;<br \/>\n&#13;<br \/>\n&#13;<br \/>\n&#13;<br \/>\n&#13;<br \/>\n&#13;<br \/>\n&#13;<br \/>\n&#13;<br \/>\n&#13;<br \/>\n&#13;<br \/>\n&#13;<br \/>\n&#13;<br \/>\n&#13;<br \/>\n&#13;<br \/>\n&#13;<br \/>\n&#13;<br \/>\n&#13;<br \/>\n&#13;<br \/>\n&#13;<br \/>\n&#13;<br \/>\n&#13;<br \/>\n&#13;<br \/>\n&#13;<br \/>\n&#13;<br \/>\n&#13;<br \/>\n&#13;<br \/>\n&#13;<br \/>\n&#13;<br \/>\n&#13;<br \/>\n&#13;<br \/>\n&#13;<br \/>\n&#13;<br \/>\n&#13;\n<\/p>\n<p class=\"chapter-paragraph\">Se l\u2019Unione europea avesse mobilitato subito duecento miliardi in stile whatever it takes \u2014 e <a href=\"https:\/\/www.corriere.it\/economia\/finanza\/25_dicembre_18\/asset-russi-congelati-europa-ucraina-f909a671-f316-4718-92d5-6a93c74e1xlk.shtml\" target=\"_blank\" rel=\"nofollow noopener\">poteva<\/a>, usando i beni russi congelati o aggiungendo al mix le risorse residue del Recovery Fund e del Meccanismo europeo di stabilit\u00e0 \u2014 il messaggio inviato al Cremlino sarebbe stato potente:<b> noi non esitiamo e l\u2019Ucraina rester\u00e0 viva dentro questa guerra pi\u00f9 a lungo di quanto la Russia possa restare al riparo da una crisi.<\/b><\/p>\n<p>APPROFONDISCI CON IL PODCAST<\/p>\n<p class=\"chapter-paragraph\">Perch\u00e9 questo \u00e8 l\u2019aspetto meno compreso in Italia: la Russia \u00e8 in transizione da una fase di <a href=\"https:\/\/www.corriere.it\/oriente-occidente-federico-rampini\/25_dicembre_17\/la-russia-e-sempre-piu-povera-ma-non-basta-a-piegare-putin-4727ae5c-1d14-49b0-a2e8-4646abf16xlk.shtml\" target=\"_blank\" rel=\"nofollow noopener\">difficolt\u00e0 economica<\/a> a qualcosa di pi\u00f9 profondo. <b>Alexandra Prokopenko, oggi esule dissidente ma fino al febbraio 2022 al vertice della banca centrale di Mosca, ritiene che il suo Paese sia avviato verso una crisi \u00abstrutturale\u00bb tra un anno e mezzo o due<\/b>. Per il 2026, Vladimir Putin ha le risorse per continuare l\u2019aggressione. Ma intanto, malgrado i loro limiti, le sanzioni mordono; erosa dalla fuga all\u2019estero dei giovani e dagli arruolamenti di massa, la manodopera non basta pi\u00f9 a far funzionare le imprese normalmente; quasi tutti i settori dell\u2019industria civile sono in recessione; l\u2019inflazione corre, il deficit di bilancio di Mosca sale con l\u2019aumento della spesa militare, mentre le entrate da petrolio calano.<b> La Russia non sta bene. Dare oggi i mezzi a Kiev per resistere altri due anni avrebbe segnalato alle \u00e9lite moscovite che Vladimir Putin, con la sua ossessione ucraina, \u00e8 diventato un problema anche per loro.<\/b> Alla lunga il dittatore potrebbe dover scegliere fra continuare la guerra e tutelare il suo posto dentro al Cremlino.<\/p>\n<p class=\"chapter-paragraph\">Questo \u00e8 l\u2019obiettivo dell\u2019Europa e in questo <a href=\"https:\/\/www.corriere.it\/esteri\/25_dicembre_19\/ucraina-apertura-di-orban-sul-debito-comune-i-leader-ue-si-al-prestito-congiunto-meloni-soddisfatta-ha-prevalso-il-buonsenso-f02ab79a-5489-42f9-a5ee-36e283dc5xlk.shtml\" target=\"_blank\" rel=\"nofollow noopener\">l\u2019Europa ieri ha perso un\u2019occasione<\/a>. N\u00e9 ha dato un segnale di forza rinunciando in poche ore al piano sul ricorso alle riserve russe, a cui Bruxelles e i governi avevano lavorato per mesi. <a href=\"https:\/\/www.corriere.it\/esteri\/25_dicembre_18\/asset-rischio-ritorsioni-717466cf-78c2-4e39-8046-0e7607459xlk.shtml\" target=\"_blank\" rel=\"nofollow noopener\">Quel progetto aveva dei punti deboli<\/a>, dunque non \u00e8 assurdo in s\u00e9 che per ora i leader abbiano deciso di soprassedere. <b>L\u2019errore \u00e8 averlo fatto dando l\u2019impressione che le minacce di Putin e le pressioni di Trump contro quel piano abbiano funzionato: visto il successo questa volta, di sicuro ci riproveranno alla prossima occasione.<\/b><\/p>\n<p class=\"chapter-paragraph\">Ma non \u00e8 vero che il risultato del vertice sia solo negativo per l\u2019Europa e per l\u2019Ucraina. Quest\u2019ultima ricever\u00e0 comunque un\u2019iniezione sostanziale di risorse. E il Consiglio europeo ha comunque varato un altro eurobond, dimostrando di saper aggirare i veti di Ungheria, Slovacchia e Repubblica Ceca. <b>La Germania si \u00e8 fatta carico dell\u2019accordo e ne ha assunto il costo politico: un eurobond da 90 miliardi \u00e8 una scelta contro cui Alternative f\u00fcr Deutschland si scaglier\u00e0 con  tutto il suo furibondo nazionalismo di destra.<\/b> Il cancelliere Friedrich Merz ha firmato sapendo che non gli costa perch\u00e9 i 90 miliardi di debito comune sono garantiti da rimanenze del bilancio europeo attuale, fondi che la Germania ha gi\u00e0 versato e comunque non rivedr\u00e0.<\/p>\n<p class=\"chapter-paragraph\">Ma Giorgia Meloni ed Emmanuel Macron non hanno dimostrato, per certi aspetti, neanche la flessibilit\u00e0 calcolata di Merz. Sull\u2019accordo di libero scambio con il <a href=\"https:\/\/www.corriere.it\/oriente-occidente-federico-rampini\/25_dicembre_19\/ucraina-mercorsur-l-europa-getta-la-maschera-colpa-di-trump-a68c11d1-d920-4685-93f4-a95986df7xlk.shtml\" target=\"_blank\" rel=\"nofollow noopener\">Mercosur <\/a>entrambi hanno continuato ad arroccarsi in difesa degli agricoltori, che pure avevano gi\u00e0 ottenuto ampie garanzie e un ennesimo fondo di tutela da sei miliardi. Non resta che sperare che questo blocco venga meno in fretta perch\u00e9, nell\u2019anno dei dazi di Trump e del mercantilismo cinese pi\u00f9 aggressivo, l\u2019Italia e anche la Francia di quell\u2019accordo hanno bisogno. <b>Il Mercosur \u2014 con Brasile e Argentina dentro \u2014 \u00e8 un mercato da trecento milioni di persone che cresce oltre il 3% l\u2019anno. Con quel patto i leader europei dimostrerebbero che nel nuovo sistema globale anche loro hanno le \u00abcarte\u00bb, per dirla con Trump.<\/b><\/p>\n<p class=\"chapter-paragraph\">Il presidente degli Stati Uniti non vuole il patto dell\u2019Europa con il Mercosur, perch\u00e9 considera il Sudamerica il suo cortile di casa. Non vuole che l\u2019Europa tocchi le riserve di Mosca, perch\u00e9 Putin gli prospetta una spartizione di quei fondi nel dopoguerra. <b>Entrambi considerano i leader europei \u00abdeboli\u00bb, \u00abdecadenti\u00bb (di nuovo, parole di Trump).<\/b> E l\u2019altra notte a Bruxelles i leader europei hanno fatto qualcosa per dimostrargli che ha torto. Presto, tuttavia, servir\u00e0 molto di pi\u00f9.<\/p>\n<p class=\"is-last-update\" datetime=\"2025-12-20T08:40:46+01:00\">20 dicembre 2025 ( modifica il 20 dicembre 2025 | 08:40)<\/p>\n<p class=\"is-copyright\">\n            \u00a9 RIPRODUZIONE RISERVATA\n        <\/p>\n","protected":false},"excerpt":{"rendered":"di Federico Fubini Putin nel 2026 sar\u00e0 a un bivio. Il \u00abno\u00bb alle riserve russe: un\u2019occasione persa nella&hellip;\n","protected":false},"author":3,"featured_media":269221,"comment_status":"","ping_status":"","sticky":false,"template":"","format":"standard","meta":{"footnotes":""},"categories":[160],"tags":[579,2537,39838,1495,1033,293,1365,6985,395,7714,14,164,165,37886,767,158473,158474,724,153661,3085,2697,1727,3889,7325,3044,4183,77,3738,90,400,381,37249,153978,9889,794,166,382,14344,7,15,4476,3205,158475,7987,28320,975,383,43125,6325,76324,10332,4465,171,7313,22466,379,170,2199,11,167,12,168,3712,3713,3414,1418,4494,4526,161,162,163],"class_list":{"0":"post-269220","1":"post","2":"type-post","3":"status-publish","4":"format-standard","5":"has-post-thumbnail","7":"category-mondo","8":"tag-accordo","9":"tag-altra","10":"tag-altra-notte","11":"tag-altre","12":"tag-bilancio","13":"tag-bruxelles","14":"tag-continuare","15":"tag-costa","16":"tag-cremlino","17":"tag-crisi","18":"tag-cronaca","19":"tag-dal-mondo","20":"tag-dalmondo","21":"tag-deboli","22":"tag-difesa","23":"tag-eccetto","24":"tag-eccetto-altre","25":"tag-euro","26":"tag-eurobond","27":"tag-europa","28":"tag-europea","29":"tag-europei","30":"tag-europeo","31":"tag-fondi","32":"tag-germania","33":"tag-globale","34":"tag-guerra","35":"tag-industria","36":"tag-italia","37":"tag-kiev","38":"tag-leader","39":"tag-leader-europei","40":"tag-mercosur","41":"tag-merz","42":"tag-militare","43":"tag-mondo","44":"tag-mosca","45":"tag-neanche","46":"tag-news","47":"tag-notizie","48":"tag-notte","49":"tag-occasione","50":"tag-occasione-persa","51":"tag-patto","52":"tag-persa","53":"tag-piano","54":"tag-putin","55":"tag-resistere","56":"tag-riserve","57":"tag-riserve-russe","58":"tag-risorse","59":"tag-russe","60":"tag-russia","61":"tag-spesa","62":"tag-spesa-militare","63":"tag-trump","64":"tag-ucraina","65":"tag-ultima","66":"tag-ultime-notizie","67":"tag-ultime-notizie-di-mondo","68":"tag-ultimenotizie","69":"tag-ultimenotiziedimondo","70":"tag-unione","71":"tag-unione-europea","72":"tag-uniti","73":"tag-vertice","74":"tag-vladimir","75":"tag-vladimir-putin","76":"tag-world","77":"tag-world-news","78":"tag-worldnews"},"share_on_mastodon":{"url":"","error":"Validation failed: Text character limit of 500 exceeded"},"_links":{"self":[{"href":"https:\/\/www.europesays.com\/it\/wp-json\/wp\/v2\/posts\/269220","targetHints":{"allow":["GET"]}}],"collection":[{"href":"https:\/\/www.europesays.com\/it\/wp-json\/wp\/v2\/posts"}],"about":[{"href":"https:\/\/www.europesays.com\/it\/wp-json\/wp\/v2\/types\/post"}],"author":[{"embeddable":true,"href":"https:\/\/www.europesays.com\/it\/wp-json\/wp\/v2\/users\/3"}],"replies":[{"embeddable":true,"href":"https:\/\/www.europesays.com\/it\/wp-json\/wp\/v2\/comments?post=269220"}],"version-history":[{"count":0,"href":"https:\/\/www.europesays.com\/it\/wp-json\/wp\/v2\/posts\/269220\/revisions"}],"wp:featuredmedia":[{"embeddable":true,"href":"https:\/\/www.europesays.com\/it\/wp-json\/wp\/v2\/media\/269221"}],"wp:attachment":[{"href":"https:\/\/www.europesays.com\/it\/wp-json\/wp\/v2\/media?parent=269220"}],"wp:term":[{"taxonomy":"category","embeddable":true,"href":"https:\/\/www.europesays.com\/it\/wp-json\/wp\/v2\/categories?post=269220"},{"taxonomy":"post_tag","embeddable":true,"href":"https:\/\/www.europesays.com\/it\/wp-json\/wp\/v2\/tags?post=269220"}],"curies":[{"name":"wp","href":"https:\/\/api.w.org\/{rel}","templated":true}]}}