{"id":269321,"date":"2025-12-20T09:41:15","date_gmt":"2025-12-20T09:41:15","guid":{"rendered":"https:\/\/www.europesays.com\/it\/269321\/"},"modified":"2025-12-20T09:41:15","modified_gmt":"2025-12-20T09:41:15","slug":"ganna-intervista-nel-2026-voglio-vincere-la-sanremo-a-los-angeles-2028-saro-al-massimo","status":"publish","type":"post","link":"https:\/\/www.europesays.com\/it\/269321\/","title":{"rendered":"Ganna intervista: &#8220;Nel 2026 voglio vincere la Sanremo, a Los Angeles 2028 sar\u00f2 al massimo&#8221;"},"content":{"rendered":"<p>                                L\u2019azzurro punta al 2026 con voglia di rivalsa: &#8220;Sono pronto a un altro salto di qualit\u00e0. Al massimo per le Olimpiadi di Los Angeles, ma a\u00a0Brisbane \u00e8 un obiettivo&#8221;<\/p>\n<p>            <a class=\"image is-50x50\" href=\"https:\/\/www.gazzetta.it\/redazione\/ciro-scognamiglio\/\" rel=\"nofollow noopener\" target=\"_blank\"><br \/>\n                <img decoding=\"async\" class=\"is-rounded\" src=\"https:\/\/www.europesays.com\/it\/wp-content\/uploads\/2025\/10\/ciro_scognamiglio_avatar.png\" alt=\"Ciro Scognamiglio\"\/><br \/>\n            <\/a><\/p>\n<p>Giornalista<\/p>\n<p>                    20 dicembre &#8211; 09:48  &#8211; MILANO<\/p>\n<p class=\"paragraph\" spellcheck=\"true\">A marzo saranno dieci anni e chi ha la sensazione che il tempo sia volato non ha torto. Un decennio di Filippo Ganna al top, perch\u00e9 era il 4 marzo 2016 quando a Londra il nostro gigante, ad appena 19 anni, vinceva il primo oro mondiale dell\u2019inseguimento. Da allora trionfi in pista e su strada, per\u00f2 anche delusioni e obiettivi sfumati. A Filippo, in ogni caso, non basta: la voglia di mettersi in gioco c\u2019\u00e8 sempre.\u00a0<\/p>\n<p class=\"paragraph\" spellcheck=\"true\"><b>Ganna, cominciamo dal recente momento \u201colimpico\u201d: era in Grecia il 4 dicembre, con la tennista Jasmine Paolini, come tedoforo per Milano Cortina. Che momento \u00e8 stato?<\/b>\u00a0<\/p>\n<p class=\"paragraph\" spellcheck=\"true\">&#8220;Bello. Emozionante. L\u2019Olimpiade non \u00e8 \u201csolo\u201d ciclismo, l\u2019Olimpiade \u00e8 tutto. Io ho partecipato tre volte, conquistato tre medaglie, ma lo spirito a cinque cerchi che ho dentro di me resta fortissimo. Non \u00e8 un caso che voglia arrivare al top nel 2028 a Los Angeles, perch\u00e9 l\u00ec c\u2019\u00e8 stato pure mio padre Marco nei suoi anni migliori (arriv\u00f2 settimo  nella canoa; ndr). Continuare in un certo senso la dinastia, insomma, mi motiva&#8221;.\u00a0<\/p>\n<p class=\"paragraph\" spellcheck=\"true\"><b>Ma \u00e8 vero, per restare in tema, che addirittura non esclude di arrivare a Brisbane 2032?<\/b>\u00a0<\/p>\n<p class=\"paragraph\" spellcheck=\"true\">&#8220;Beh, mi piacerebbe, s\u00ec. Sarebbe un grande palcoscenico per concludere, un po\u2019 come ha fatto Fabian Cancellara a Rio 2016. Un modello&#8221;.\u00a0<\/p>\n<p class=\"paragraph\" spellcheck=\"true\"><b>Beh, lui termin\u00f2 addirittura vincendo l\u2019oro nella cronometro&#8230; Sorride.<\/b><\/p>\n<p class=\"paragraph\" spellcheck=\"true\">\u00a0&#8220;Vorr\u00e0 dire che per imitarlo dovr\u00f2 ancora essere al top!&#8221;.\u00a0<\/p>\n<p class=\"paragraph\" spellcheck=\"true\"><b>Passiamo all\u2019immediato, al lavoro per il 2026. Come va?<\/b>\u00a0<\/p>\n<p class=\"paragraph\" spellcheck=\"true\">&#8220;Prima, ho staccato. In particolare, bello partecipare in Colombia al matrimonio di Fernando Gaviria, con tanti amici. Il lavoro \u00e8 comunque iniziato da un po\u2019, e per ora procede al meglio&#8221;.\u00a0<\/p>\n<p class=\"paragraph\" spellcheck=\"true\"><b>Novit\u00e0 importante, in Ineos e in Nazionale, il nuovo ruolo del suo ex compagno e amico Elia Viviani.<\/b><\/p>\n<p class=\"paragraph\" spellcheck=\"true\"><b>\u00a0<\/b>&#8220;S\u00ec, e nel team dovrebbe essere il mio direttore sportivo di riferimento, dunque mi confronter\u00f2 parecchio con lui. Sar\u00e0 pi\u00f9 semplice coordinare il programma del club con quello della Nazionale. Mi far\u00e0 crescere ulteriormente&#8221;.\u00a0<\/p>\n<p class=\"paragraph\" spellcheck=\"true\"><b>Un 2026 pieno di impegni: Sanremo, Roubaix, Giro e Tour a caccia di tappe, il  Mondiale canadese. Con quale spirito li affronter\u00e0?\u00a0<\/b><\/p>\n<p class=\"paragraph\" spellcheck=\"true\">&#8220;Semplice. Nelle ultime stagioni, sono arrivati parecchi secondi posti. Troppi. Dal mio punto di vista&#8230; vanno trasformati in primi posti. In vittorie. Dentro di me sento voglia di rivalsa. L\u2019anno prossimo compir\u00f2 30 anni, ma non per questo non credo di poter compiere un ulteriore salto in avanti. Anche perch\u00e9 migliorano pure gli altri. Sar\u00e0 un ciclismo, in questo senso, sempre pi\u00f9 estremo&#8221;.\u00a0<\/p>\n<p class=\"paragraph\" spellcheck=\"true\"><b>Cambier\u00e0 qualcosa nella sua filosofia?<\/b><\/p>\n<p class=\"paragraph\" spellcheck=\"true\">&#8220;Magari, gareggiare  un po\u2019 di meno. Ma, quando si va a correre, andarci per vincere&#8221;.<\/p>\n<p class=\"paragraph\" spellcheck=\"true\"><b>Alcuni successi, vedi la Sanremo, sono sfuggiti davvero per poco. Ha capito che cosa deve fare perch\u00e9 non accada pi\u00f9?<\/b>\u00a0<\/p>\n<p class=\"paragraph\" spellcheck=\"true\">&#8220;Pi\u00f9 che cambiare, cercare di fare un po\u2019 meglio le stesse cose. In particolare alla Sanremo, il Monumento a cui sono andato pi\u00f9 vicino. Ho gi\u00e0 dimostrato di potere essere l\u00ec. In un frazione di secondo c\u2019\u00e8 la differenza tra il successo e la sconfitta&#8221;.\u00a0<\/p>\n<p class=\"paragraph\" spellcheck=\"true\"><b>Diceva del migliorarsi ancora: pu\u00f2 fare un esempio?\u00a0<\/b><\/p>\n<p class=\"paragraph\" spellcheck=\"true\">&#8220;La cronometro dell\u2019ultimo Europeo in Francia, argento dietro a Evenepoel. Bene, io ho espresso dei valori record, che non facevo dalla crono di Valdobbiadene al Giro d\u2019Italia 2020, e anzi rispetto a quelli ho fatto ulteriori progressi. Non \u00e8 bastato per vincere, ma ci vuole altro per scoraggiarmi&#8221;.\u00a0<\/p>\n<p class=\"paragraph\" spellcheck=\"true\"><b>Ha sentito che Evenepoel, per restare in tema, vuole cercare in futuro di battere il suo record dell\u2019Ora di 56,792 km?\u00a0<\/b><\/p>\n<p class=\"paragraph\" spellcheck=\"true\">&#8220;Beh, ben venga! Vedremo&#8230;&#8221;.\u00a0<\/p>\n<p class=\"paragraph\" spellcheck=\"true\"><b>Abbiamo parlato della Sanremo sul fronte obiettivi: lo \u00e8 anche la Roubaix, che per\u00f2 da professionista finora non ha neanche mai sfiorato&#8230;\u00a0<\/b><\/p>\n<p class=\"paragraph\" spellcheck=\"true\">&#8220;\u00c8 vero. \u00c8 una realt\u00e0 con la quale fare i conti. Diciamo che la Sanremo&#8230; la voglio. \u00c8 l\u00ec. Quanto alla Roubaix, devo provarci ogni volta che posso. Non ho mai trovato il momento giusto, arrivandoci spesso un po\u2019 in calo di forma. Chiss\u00e0, magari nel 2026 la storia cambia&#8230;&#8221;.<\/p>\n<p class=\"is-copyright\">\u00a9 RIPRODUZIONE RISERVATA<\/p>\n","protected":false},"excerpt":{"rendered":"L\u2019azzurro punta al 2026 con voglia di rivalsa: &#8220;Sono pronto a un altro salto di qualit\u00e0. Al massimo&hellip;\n","protected":false},"author":3,"featured_media":269322,"comment_status":"","ping_status":"","sticky":false,"template":"","format":"standard","meta":{"footnotes":""},"categories":[1443],"tags":[48369,3811,5313,36,42561,2873,4788,2138,1824,3435,203,17133,9435,40773,3369,204,1537,90,89,1914,5319,5320,8682,1353,1538,1539,854,28947,3206,1316,16002,3421,14751,158561,138143,98321,10016,9143,19930,158562,14493,2677,2434,10335,2453,3413,27711,5489,4968,6205,158563,8188,4969],"class_list":{"0":"post-269321","1":"post","2":"type-post","3":"status-publish","4":"format-standard","5":"has-post-thumbnail","7":"category-musica","8":"tag-accada","9":"tag-addirittura","10":"tag-angeles","11":"tag-arrivare","12":"tag-beh","13":"tag-bello","14":"tag-brisbane","15":"tag-cercare","16":"tag-ciclismo","17":"tag-cronometro","18":"tag-entertainment","19":"tag-evenepoel","20":"tag-filippo","21":"tag-ganna","22":"tag-giro","23":"tag-intrattenimento","24":"tag-it","25":"tag-italia","26":"tag-italy","27":"tag-li","28":"tag-los","29":"tag-los-angeles","30":"tag-marzo","31":"tag-mondiale","32":"tag-music","33":"tag-musica","34":"tag-obiettivi","35":"tag-olimpiade","36":"tag-oro","37":"tag-particolare","38":"tag-posti","39":"tag-record","40":"tag-restare","41":"tag-restare-tema","42":"tag-rivalsa","43":"tag-roubaix","44":"tag-salto","45":"tag-sanremo","46":"tag-secondi","47":"tag-secondi-posti","48":"tag-semplice","49":"tag-senso","50":"tag-si","51":"tag-spirito","52":"tag-tema","53":"tag-top","54":"tag-vedremo","55":"tag-vero","56":"tag-vincere","57":"tag-voglia","58":"tag-voglia-rivalsa","59":"tag-voglio","60":"tag-vuole"},"share_on_mastodon":{"url":"","error":"Validation failed: Text character limit of 500 exceeded"},"_links":{"self":[{"href":"https:\/\/www.europesays.com\/it\/wp-json\/wp\/v2\/posts\/269321","targetHints":{"allow":["GET"]}}],"collection":[{"href":"https:\/\/www.europesays.com\/it\/wp-json\/wp\/v2\/posts"}],"about":[{"href":"https:\/\/www.europesays.com\/it\/wp-json\/wp\/v2\/types\/post"}],"author":[{"embeddable":true,"href":"https:\/\/www.europesays.com\/it\/wp-json\/wp\/v2\/users\/3"}],"replies":[{"embeddable":true,"href":"https:\/\/www.europesays.com\/it\/wp-json\/wp\/v2\/comments?post=269321"}],"version-history":[{"count":0,"href":"https:\/\/www.europesays.com\/it\/wp-json\/wp\/v2\/posts\/269321\/revisions"}],"wp:featuredmedia":[{"embeddable":true,"href":"https:\/\/www.europesays.com\/it\/wp-json\/wp\/v2\/media\/269322"}],"wp:attachment":[{"href":"https:\/\/www.europesays.com\/it\/wp-json\/wp\/v2\/media?parent=269321"}],"wp:term":[{"taxonomy":"category","embeddable":true,"href":"https:\/\/www.europesays.com\/it\/wp-json\/wp\/v2\/categories?post=269321"},{"taxonomy":"post_tag","embeddable":true,"href":"https:\/\/www.europesays.com\/it\/wp-json\/wp\/v2\/tags?post=269321"}],"curies":[{"name":"wp","href":"https:\/\/api.w.org\/{rel}","templated":true}]}}