{"id":269414,"date":"2025-12-20T11:13:13","date_gmt":"2025-12-20T11:13:13","guid":{"rendered":"https:\/\/www.europesays.com\/it\/269414\/"},"modified":"2025-12-20T11:13:13","modified_gmt":"2025-12-20T11:13:13","slug":"carlo-cracco-sbarca-a-roma-e-apre-il-suo-primo-ristorante-a-due-passi-da-montecitorio-ecco-dove-e-quando","status":"publish","type":"post","link":"https:\/\/www.europesays.com\/it\/269414\/","title":{"rendered":"Carlo Cracco sbarca a Roma e apre il suo primo ristorante a due passi da Montecitorio: ecco dove e quando."},"content":{"rendered":"<p>\n                            Il punto serale sulle notizie del giorno<br \/>\n                            <b>Iscriviti<\/b> e ricevi le notizie via email\n                        <\/p>\n<p>Tutte le strade portano a <strong>Roma<\/strong>, vero. E quella che conduce direttamente alla Citt\u00e0 Eterna \u00e8 tracciata da <strong><a href=\"https:\/\/www.ilmessaggero.it\/t\/carlo-cracco\" rel=\"nofollow noopener\" target=\"_blank\">Carlo Cracco<\/a><\/strong>. Dopo i rumors e un\u2019attesa durata due anni, lo chef vicentino \u00e8 pronto ad approdare nella Capitale, alla conquista del cuore e del palato di tanti romani.<\/p>\n<p><strong>Carlo Cracco conquista la Citt\u00e0 eterna: ecco quando e dove aprir\u00e0 il nuovo ristorante<\/strong><\/p>\n<p>&#13;<br \/>\n    APPROFONDIMENTI&#13;<\/p>\n<p>&#13;<\/p>\n<p>                <a href=\"https:\/\/www.ilmessaggero.it\/fotogallery\/italia\/carlo_cracco_milano_ultima_generazione-8743850.html\" title=\"Foto\" rel=\"nofollow noopener\" target=\"_blank\"><img loading=\"lazy\" decoding=\"async\" src=\"https:\/\/www.europesays.com\/it\/wp-content\/uploads\/2025\/12\/8743850_28085238_cracco_2.jpg\" title=\"Foto\" width=\"64\" height=\"64\" data-pagespeed-no-transform=\"\"\/><\/a>            <\/p>\n<p>    &#13;<\/p>\n<p>    &#13;<\/p>\n<p>Si chiamer\u00e0 Viride il nuovo ristorante gestito da Carlo Cracco. L\u2019apertura \u00e8 prevista a Roma a febbraio 2026. La location sar\u00e0 all\u2019interno del lussuoso Hotel Corinthia Rome, alle spalle di Montecitorio. <\/p>\n<p>L\u2019edificio, progettato dall\u2019architetto Marcello Piacentini nel 1914, ha ospitato la sede centrale della Banca d\u2019Italia in piazza del Parlamento, nello storico quartiere di Campo Marzio. Il locale sar\u00e0 aperto al pubblico anche a colazione e dunque affiancato da un bar mentre l\u2019offerta gastronomica, curata dallo chef stellato, in collaborazione con l\u2019Executive chef Alessandro Buffolino, offre un men\u00f9 che unisce i grandi classici romani rielaborati, insieme alle sue celebri ricette. L\u2019apertura del ristorante s\u2019inserisce in un contesto importante: con 20 locali premiati, Roma \u00e8 la citt\u00e0 con pi\u00f9 ristoranti stellati come confermano i risultati presentati durante la 71esima edizione della Guida Michelin del 2026 Italia.<\/p>\n<p><strong>I ristoranti stellati a Roma<\/strong><\/p>\n<p>Lo scorso 19 novembre, dal Teatro Regio di Parma, sono stati annunciati i nomi dei ristoranti stellati d\u2019Italia: 394 in tutto; 20 sono a Roma (due in pi\u00f9 rispetto a Milano, ndr) e 31 totali nel Lazio. La Capitale conferma il primato nazionale con chef di talento e grandi firme internazionali: eleganza e perfezione con Alain Ducasse, a due passi\u00a0da piazza del Popolo, con il suo ristorante all\u2019interno del lussuoso Hotel Romeo e la cucina tipicamente mediterranea. Soltanto un mese fa, Roma ha accolto Robert de Niro per l\u2019apertura del suo Nobu Hotel &amp; Restaurant, in via Veneto, tra rullo di tamburi e la rottura di due botti di sak\u00e8 per un brindisi benaugurale. New entry nel cosmo stellato Michelin 2026: Ineo dell\u2019Anantara, diretto dallo chef Heros De Agostinis, a piazza della Repubblica.\u00a0E\u00a0la Terrazza dell\u2019Hotel Eden, con i piatti dello chef campano Salvatore Bianco ispirati a Salvador Dal\u00ec, che ha ottenuto la stella Michelin. Anche fuori dal perimetro urbano il Lazio rafforza la propria presenza nella guida con la novit\u00e0 stellare 2026, \u201cAl Madrigale, Nuova Cucina Rurale\u201d, a Tivoli. Tre stelle confermate per La Pergola di Heinz Beck e due stelle per Enoteca La Torre, Il Pagliaccio, Acquolina. Sedici i ristoranti di Roma con una stella Michelin.<\/p>\n<p><strong>La cucina italiana patrimonio Unesco<\/strong><\/p>\n<p>La notizia \u00e8 recente: la cucina italiana \u00e8 ufficialmente patrimonio dell\u2019umanit\u00e0. Il riconoscimento, approvato all\u2019unanimit\u00e0 dal Comitato intergovernativo dell\u2019Unesco nel corso della riunione a New Delhi, celebra e definisce la tradizione gastronomica nazionale come \u00abuna miscela culturale e sociale di tradizioni culinarie e un modo per prendersi cura degli altri e di se stessi\u00bb. Questo straordinario riconoscimento dimostra un nuovo percorso nella ristorazione di importanti e storici alberghi italiani. Come la cucina innovativa nell\u2019antico Hotel d\u2019Inghilterra, sempre a Roma, restaurato da poco, dettata dall\u2019executive chef Andrea Sangiuliano formatosi al De Russie grazie al supporto di Fulvio Pierangelini, che ha appena inaugurato \u201cSpiga\u201d, il ristorante al Carlton Hotel di Milano, dove la rivoluzione culinaria segue una sola direzione: la semplicit\u00e0.<\/p>\n<p>&#13;<br \/>\n                            \u00a9 RIPRODUZIONE RISERVATA&#13;<\/p>\n<p>&#13;<\/p>\n","protected":false},"excerpt":{"rendered":"Il punto serale sulle notizie del giorno Iscriviti e ricevi le notizie via email Tutte le strade portano&hellip;\n","protected":false},"author":3,"featured_media":269415,"comment_status":"","ping_status":"","sticky":false,"template":"","format":"standard","meta":{"footnotes":""},"categories":[174],"tags":[94402,203,204,1537,90,89,82573,1402],"class_list":{"0":"post-269414","1":"post","2":"type-post","3":"status-publish","4":"format-standard","5":"has-post-thumbnail","7":"category-intrattenimento","8":"tag-carlo-cracco","9":"tag-entertainment","10":"tag-intrattenimento","11":"tag-it","12":"tag-italia","13":"tag-italy","14":"tag-montecitorio","15":"tag-ristorante"},"share_on_mastodon":{"url":"https:\/\/pubeurope.com\/@it\/115751604386714780","error":""},"_links":{"self":[{"href":"https:\/\/www.europesays.com\/it\/wp-json\/wp\/v2\/posts\/269414","targetHints":{"allow":["GET"]}}],"collection":[{"href":"https:\/\/www.europesays.com\/it\/wp-json\/wp\/v2\/posts"}],"about":[{"href":"https:\/\/www.europesays.com\/it\/wp-json\/wp\/v2\/types\/post"}],"author":[{"embeddable":true,"href":"https:\/\/www.europesays.com\/it\/wp-json\/wp\/v2\/users\/3"}],"replies":[{"embeddable":true,"href":"https:\/\/www.europesays.com\/it\/wp-json\/wp\/v2\/comments?post=269414"}],"version-history":[{"count":0,"href":"https:\/\/www.europesays.com\/it\/wp-json\/wp\/v2\/posts\/269414\/revisions"}],"wp:featuredmedia":[{"embeddable":true,"href":"https:\/\/www.europesays.com\/it\/wp-json\/wp\/v2\/media\/269415"}],"wp:attachment":[{"href":"https:\/\/www.europesays.com\/it\/wp-json\/wp\/v2\/media?parent=269414"}],"wp:term":[{"taxonomy":"category","embeddable":true,"href":"https:\/\/www.europesays.com\/it\/wp-json\/wp\/v2\/categories?post=269414"},{"taxonomy":"post_tag","embeddable":true,"href":"https:\/\/www.europesays.com\/it\/wp-json\/wp\/v2\/tags?post=269414"}],"curies":[{"name":"wp","href":"https:\/\/api.w.org\/{rel}","templated":true}]}}