{"id":269429,"date":"2025-12-20T11:27:23","date_gmt":"2025-12-20T11:27:23","guid":{"rendered":"https:\/\/www.europesays.com\/it\/269429\/"},"modified":"2025-12-20T11:27:23","modified_gmt":"2025-12-20T11:27:23","slug":"nsn-cycling-team-presentato-lorganico-della-squadra-di-sviluppo-in-rosa-20-corridori-di-10-nazionalita-diverse","status":"publish","type":"post","link":"https:\/\/www.europesays.com\/it\/269429\/","title":{"rendered":"NSN Cycling Team, presentato l&#8217;organico della squadra di sviluppo: in rosa 20 corridori di 10 nazionalit\u00e0 diverse"},"content":{"rendered":"<p>\t\t<img width=\"1200\" height=\"800\" src=\"https:\/\/www.europesays.com\/it\/wp-content\/uploads\/2025\/12\/NSN-Cycling-Team-Maglia-2026-Allenamento-Spalle.jpg\" class=\"attachment-full size-full wp-post-image\" alt=\"\" data-main-img=\"1\" decoding=\"async\" fetchpriority=\"high\"  \/><\/p>\n<p>\t\t\t\t\t\t\t \u00a9 Chris Auld &#8211; NSN Cycling Team<\/p>\n<p>\t\t\t\t\t<a href=\"https:\/\/cyclingpro.net\/spaziociclismo\/altro\/scopri-lapp-ufficiale-di-spaziociclismo\/\" title=\"\" rel=\"nofollow noopener\" target=\"_blank\"><br \/>\n\t\t\t\t\t\t<img loading=\"lazy\" decoding=\"async\" src=\"https:\/\/www.europesays.com\/it\/wp-content\/uploads\/2025\/09\/1758060682_662_Banner-App-SpazioCiclismo.png\" alt=\"\" width=\"728\" height=\"91\"\/><br \/>\n\t\t\t\t\t<\/a><\/p>\n<p>La <strong>NSN Cycling Team<\/strong>, realt\u00e0 che nel 2026 far\u00e0 il suo debutto sulla scena WorldTour, <a href=\"https:\/\/cyclingpro.net\/spaziociclismo\/worldtour\/israel-premier-tech-ufficiale-il-nuovo-sponsor-e-nome-si-chiamera-nsn-cycling-team\/\" target=\"_blank\" rel=\"noopener nofollow\">a seguito della ristrutturazione messa in atto in quella che era, fino a qualche settimana fa<\/a>, la Israel-Premier Tech, avr\u00e0 anche una squadra di sviluppo. La nuova entit\u00e0, di licenza svizzera e con molti legami con la Spagna, potr\u00e0 mettere in strada ben 20 corridori giovani, di dieci nazionalit\u00e0 diverse (non ci saranno atleti italiani). Nel dettaglio, la rosa sar\u00e0 composta dai britannici<strong> Oscar Amey<\/strong> e <strong>Finlay Tarling<\/strong> (il fratello di Joshua, attualmente alla Ineos Grenadiers), dai canadesi <strong>Dylan Bibic<\/strong> e <strong>Ben Morin<\/strong>, dagli spagnoli <strong>Enrique Maranch\u00f3n<\/strong> e <strong>Alvaro Garc\u00eda<\/strong>, dall\u2019irlandese <strong>Patrick Casey<\/strong>, dal norvegese <strong>Filip Sm\u00f8r\u00e5s<\/strong>, dal belga <strong>Jens Verbrugghe<\/strong>, dal neozelandese <strong>Kian Watts<\/strong>, dagli australiani <strong>Zac Marriage, Max Goold<\/strong> ed <strong>Alex Hewes<\/strong>, dal tedesco <strong>Moritz Kretschy<\/strong>, dal polacco <strong>Dawid Lewandowski<\/strong> e dal finlandese <strong>Miko Pirinen<\/strong>.<\/p>\n<p>Completano l\u2019organico gli israeliani <strong>Roei Edinger, Matar Peretz, Omer Ramon<\/strong> e <strong>Imry Faingezicht<\/strong>. Complessivamente, sono 10 i corridori confermati rispetto a quella che la formazione giovanile 2025 della Israel-Premier Tech e altrettanti i volti nuovi. \u201cQuesta squadra \u00e8 un vero trampolino verso il WorldTour \u2013 le parole del dirigente <strong>Tim Elverson<\/strong> \u2013 Se guardiamo a questi corridori, possiamo vedere gi\u00e0 ora le loro caratteristiche e le loro specialit\u00e0 che, una volta sviluppate, potranno portarli al massimo livello del ciclismo mondiale. Lo abbiamo gi\u00e0 fatto in passato e questo percorso rimane la parte centrale di quello che vogliamo fare\u201d.<\/p>\n<p>Seguici<\/p>\n<p>\t\t\t\t\t\t\t\t\t\t<a href=\"https:\/\/news.google.com\/publications\/CAAqBwgKMNaVhQswhaiCAw?hl=it&amp;gl=IT&amp;ceid=IT%3Ait\" title=\"Google News\" target=\"_blank\" rel=\"nofollow noopener\" class=\"post-followus-btn google-new-btn\"><br \/>\n\t\t\t\t\t\t<img decoding=\"async\" src=\"https:\/\/cyclingpro.net\/spaziociclismo\/wp-content\/themes\/jannah\/assets\/images\/google-news.svg\" alt=\"Google News\" loading=\"lazy\" width=\"120\" height=\"22\"\/><br \/>\n\t\t\t\t\t<\/a><br \/>\n\t\t\t\t\t\t\t\t\t\t<a href=\"https:\/\/flipboard.com\/@SpazioCiclismo\" title=\"Flipboard\" target=\"_blank\" rel=\"nofollow noopener\" class=\"post-followus-btn flipboard-btn\"><br \/>\n\t\t\t\t\t\t<img decoding=\"async\" src=\"https:\/\/cyclingpro.net\/spaziociclismo\/wp-content\/themes\/jannah\/assets\/images\/flipboard.svg\" alt=\"Flipboard\" loading=\"lazy\" width=\"152\" height=\"30\"\/><br \/>\n\t\t\t\t\t<\/a><\/p>\n","protected":false},"excerpt":{"rendered":"\u00a9 Chris Auld &#8211; NSN Cycling Team La NSN Cycling Team, realt\u00e0 che nel 2026 far\u00e0 il suo&hellip;\n","protected":false},"author":3,"featured_media":253906,"comment_status":"","ping_status":"","sticky":false,"template":"","format":"standard","meta":{"footnotes":""},"categories":[1456],"tags":[1824,1825,1537,90,89,133356,245,244],"class_list":{"0":"post-269429","1":"post","2":"type-post","3":"status-publish","4":"format-standard","5":"has-post-thumbnail","7":"category-ciclismo","8":"tag-ciclismo","9":"tag-cycling","10":"tag-it","11":"tag-italia","12":"tag-italy","13":"tag-nsn-cycling-team-2026","14":"tag-sport","15":"tag-sports"},"share_on_mastodon":{"url":"https:\/\/pubeurope.com\/@it\/115751659288199863","error":""},"_links":{"self":[{"href":"https:\/\/www.europesays.com\/it\/wp-json\/wp\/v2\/posts\/269429","targetHints":{"allow":["GET"]}}],"collection":[{"href":"https:\/\/www.europesays.com\/it\/wp-json\/wp\/v2\/posts"}],"about":[{"href":"https:\/\/www.europesays.com\/it\/wp-json\/wp\/v2\/types\/post"}],"author":[{"embeddable":true,"href":"https:\/\/www.europesays.com\/it\/wp-json\/wp\/v2\/users\/3"}],"replies":[{"embeddable":true,"href":"https:\/\/www.europesays.com\/it\/wp-json\/wp\/v2\/comments?post=269429"}],"version-history":[{"count":0,"href":"https:\/\/www.europesays.com\/it\/wp-json\/wp\/v2\/posts\/269429\/revisions"}],"wp:featuredmedia":[{"embeddable":true,"href":"https:\/\/www.europesays.com\/it\/wp-json\/wp\/v2\/media\/253906"}],"wp:attachment":[{"href":"https:\/\/www.europesays.com\/it\/wp-json\/wp\/v2\/media?parent=269429"}],"wp:term":[{"taxonomy":"category","embeddable":true,"href":"https:\/\/www.europesays.com\/it\/wp-json\/wp\/v2\/categories?post=269429"},{"taxonomy":"post_tag","embeddable":true,"href":"https:\/\/www.europesays.com\/it\/wp-json\/wp\/v2\/tags?post=269429"}],"curies":[{"name":"wp","href":"https:\/\/api.w.org\/{rel}","templated":true}]}}