{"id":269655,"date":"2025-12-20T14:45:15","date_gmt":"2025-12-20T14:45:15","guid":{"rendered":"https:\/\/www.europesays.com\/it\/269655\/"},"modified":"2025-12-20T14:45:15","modified_gmt":"2025-12-20T14:45:15","slug":"cdm-ciclocross-lucinda-brand-vince-la-sfida-con-ceylin-alvarado-ad-anversa-7a-sara-casasola","status":"publish","type":"post","link":"https:\/\/www.europesays.com\/it\/269655\/","title":{"rendered":"CDM Ciclocross, Lucinda Brand vince la sfida con Ceylin Alvarado ad Anversa &#8211; 7\u00aa Sara Casasola"},"content":{"rendered":"<p>\t\t\t\t\t<a href=\"https:\/\/cyclingpro.net\/spaziociclismo\/altro\/scopri-lapp-ufficiale-di-spaziociclismo\/\" title=\"\" rel=\"nofollow noopener\" target=\"_blank\"><br \/>\n\t\t\t\t\t\t<img loading=\"lazy\" decoding=\"async\" src=\"https:\/\/www.europesays.com\/it\/wp-content\/uploads\/2025\/09\/1758060682_662_Banner-App-SpazioCiclismo.png\" alt=\"\" width=\"728\" height=\"91\"\/><br \/>\n\t\t\t\t\t<\/a><\/p>\n<p>Lucinda Brand trionfa anche ad Anversa. Undicesimo successo stagionale per l\u2019esperta neerlandese, che conquista cos\u00ec la sua quarta manche di Coppa del Mondo (su altrettante prove disputate) prendendo il comando della classifica generale. Una sfida sino all\u2019ultimo metro con Ceylin del Carmen Alvarado, complice anche un paio di errori di troppo nell\u2019ultimo giro, quella che le permette di continuare il suo straordinario ruolino di marcia stagionale (11 vittorie in tredici successi), cogliendo cos\u00ec il suo 52\u00b0 podio consecutivo. Rimaste da sole sin da met\u00e0 gara, dopo che Puck Pieterse aveva alzato il ritmo spezzando il gruppetto di testa che si era formata, le due ex iridate sono rimaste assieme sino alla fine, provando pi\u00f9 volte a staccarsi, un gioco nel quale ad avere la meglio \u00e8 stata la Brand, non senza fatica.<\/p>\n<p>Dietro di loro, nelle ultime due tornate si forma un quartetto composto da Pieterse, Kristyna Zemanova, Shirin Van Anroiij e Aniek Van Alphen, con quest\u2019ultima che trova nel finale lo spunto vincente per isolarsi e prendersi la terza posizione, mentre le altre chiudono sostanzialmente assieme. Poco pi\u00f9 dietro Sara Casasola, che al momento del cambio di ritmo non riesce a seguirle, pur concludendo poi a pochi secondi di distanza, in settima posizione.<\/p>\n<p>Nella nuova classifica generale dunque la Brand prende la vetta rispetto alla Van Alphen, superata di 14 punti. Terza posizione per Leonie Bentveld, che con i suoi 99 punti \u00e8 tuttavia gi\u00e0 lontanissima dai 160 della nuova leader. Quarta Amandine Fouquenet, a 87, mentre Sara Casasola \u00e8 nona, a 70 punti, uno in pi\u00f9 della Alvarado.<\/p>\n","protected":false},"excerpt":{"rendered":"Lucinda Brand trionfa anche ad Anversa. Undicesimo successo stagionale per l\u2019esperta neerlandese, che conquista cos\u00ec la sua quarta&hellip;\n","protected":false},"author":3,"featured_media":269656,"comment_status":"","ping_status":"","sticky":false,"template":"","format":"standard","meta":{"footnotes":""},"categories":[1456],"tags":[1824,85469,1825,1537,90,89,113749,245,244],"class_list":{"0":"post-269655","1":"post","2":"type-post","3":"status-publish","4":"format-standard","5":"has-post-thumbnail","7":"category-ciclismo","8":"tag-ciclismo","9":"tag-coppa-del-mondo-di-ciclocross-2025-2026","10":"tag-cycling","11":"tag-it","12":"tag-italia","13":"tag-italy","14":"tag-lucinda-brand","15":"tag-sport","16":"tag-sports"},"share_on_mastodon":{"url":"https:\/\/pubeurope.com\/@it\/115752437588258986","error":""},"_links":{"self":[{"href":"https:\/\/www.europesays.com\/it\/wp-json\/wp\/v2\/posts\/269655","targetHints":{"allow":["GET"]}}],"collection":[{"href":"https:\/\/www.europesays.com\/it\/wp-json\/wp\/v2\/posts"}],"about":[{"href":"https:\/\/www.europesays.com\/it\/wp-json\/wp\/v2\/types\/post"}],"author":[{"embeddable":true,"href":"https:\/\/www.europesays.com\/it\/wp-json\/wp\/v2\/users\/3"}],"replies":[{"embeddable":true,"href":"https:\/\/www.europesays.com\/it\/wp-json\/wp\/v2\/comments?post=269655"}],"version-history":[{"count":0,"href":"https:\/\/www.europesays.com\/it\/wp-json\/wp\/v2\/posts\/269655\/revisions"}],"wp:featuredmedia":[{"embeddable":true,"href":"https:\/\/www.europesays.com\/it\/wp-json\/wp\/v2\/media\/269656"}],"wp:attachment":[{"href":"https:\/\/www.europesays.com\/it\/wp-json\/wp\/v2\/media?parent=269655"}],"wp:term":[{"taxonomy":"category","embeddable":true,"href":"https:\/\/www.europesays.com\/it\/wp-json\/wp\/v2\/categories?post=269655"},{"taxonomy":"post_tag","embeddable":true,"href":"https:\/\/www.europesays.com\/it\/wp-json\/wp\/v2\/tags?post=269655"}],"curies":[{"name":"wp","href":"https:\/\/api.w.org\/{rel}","templated":true}]}}