{"id":26986,"date":"2025-08-04T03:09:10","date_gmt":"2025-08-04T03:09:10","guid":{"rendered":"https:\/\/www.europesays.com\/it\/26986\/"},"modified":"2025-08-04T03:09:10","modified_gmt":"2025-08-04T03:09:10","slug":"possiamo-cambiare-i-destini-di-una-vita","status":"publish","type":"post","link":"https:\/\/www.europesays.com\/it\/26986\/","title":{"rendered":"Possiamo cambiare i destini di una vita"},"content":{"rendered":"<p>Andrea Biagini, 45enne pistoiese di Pescia, professione infermiere, in servizio da dieci anni alla Cross e al coordinamento maxi emergenze. Gi\u00e0 due missioni all\u2019attivo&#8230;<\/p>\n<p>&#8220;Si, la prima a febbraio e la seconda a maggio, ma ho partecipato anche alle altre come operatore in centrale. Ma si tratta di un lavoro di squadra&#8221;.<\/p>\n<p>Analogie e differenze?<\/p>\n<p>&#8220;Due missioni simili ma diverse. Nella prima, io e un medico del 118 di Pistoia siamo arrivati prima del resto della squadra per effettuare delle operazioni preliminari sul posto: valutare il quadro clinico dei pazienti, stabilizzarli e prepararli al trasporto. La seconda invece \u00e8 stata pi\u00f9 veloce&#8221;.<\/p>\n<p>Cosa ha provato?<\/p>\n<p>&#8220;Difficile spiegarlo, tocchi con mano cose che vedi solo in tv. Negli occhi delle persone vedi la gravit\u00e0 di quanto sta accadendo, sollievo, ma anche tanta rassegnazione. Vanno dall\u2019altra parte del mondo lasciando parte dei familiari, almeno quelli ancora vivi. E sanno che forse torneranno mai a casa&#8221;.<\/p>\n<p>Ammesso che una casa ancora ci sia&#8230;<\/p>\n<p>&#8220;Esatto. Ci fanno vedere video registrati di persona, con le loro case distrutte dalle bombe, magari con alcuni parenti rimasti sotto le macerie&#8221;.<\/p>\n<p>Come si trovano le parole da dire in queste situazioni?<\/p>\n<p>&#8220;Cerchiamo di rassicurarli, ma \u00e8 difficile. L\u2019assistenza sanitaria \u00e8 una cosa, quella psicologica tutt\u2019altro. Dei bambini stupisce lo spirito di adattamento, sembra che non li spaventi ormai nulla. Salgono su un aereo militare con persone che non conoscono, senza fare un fiato, con ferite da arma da fuoco, arti amputati, ustioni, problemi agli occhi a causa di schegge e detriti. Ma anche patologie tumorali che necessiterebbero di una certa assistenza e invece sono dilagate, trasformandosi in condizioni complesse. Ma nonostante tutto hanno voglia di parlare, di raccontare. Inevitabile affezionarsi subito, alcuni ti rimangono nel cuore&#8221;.<\/p>\n<p>Un esempio?<\/p>\n<p>&#8220;Una bimba con una linfoadenopatia tumorale in stato molto avanzato perch\u00e9 non trattata &#8211; gli si illuminano gli occhi mostrandoci delle foto, ndr -. \u00c8 stata operata e ora sta bene&#8221;.<\/p>\n<p>Partirebbe di nuovo?<\/p>\n<p>&#8220;Certo, sono momenti di crescita professionale e personale. Stai facendo pochissimo, per\u00f2 \u00e8 un qualcosa che pu\u00f2 cambiare i destini di una vita&#8221;.<\/p>\n<p>A.B.<\/p>\n","protected":false},"excerpt":{"rendered":"Andrea Biagini, 45enne pistoiese di Pescia, professione infermiere, in servizio da dieci anni alla Cross e al coordinamento&hellip;\n","protected":false},"author":3,"featured_media":26987,"comment_status":"","ping_status":"","sticky":false,"template":"","format":"standard","meta":{"footnotes":""},"categories":[1481],"tags":[2065,2066,2554,27411,239,2063,2064,1537,90,89,896,240],"class_list":{"0":"post-26986","1":"post","2":"type-post","3":"status-publish","4":"format-standard","5":"has-post-thumbnail","7":"category-assistenza-sanitaria","8":"tag-assistenza-sanitaria","9":"tag-assistenzasanitaria","10":"tag-cambiare","11":"tag-destini","12":"tag-health","13":"tag-health-care","14":"tag-healthcare","15":"tag-it","16":"tag-italia","17":"tag-italy","18":"tag-possiamo","19":"tag-salute"},"share_on_mastodon":{"url":"","error":""},"_links":{"self":[{"href":"https:\/\/www.europesays.com\/it\/wp-json\/wp\/v2\/posts\/26986","targetHints":{"allow":["GET"]}}],"collection":[{"href":"https:\/\/www.europesays.com\/it\/wp-json\/wp\/v2\/posts"}],"about":[{"href":"https:\/\/www.europesays.com\/it\/wp-json\/wp\/v2\/types\/post"}],"author":[{"embeddable":true,"href":"https:\/\/www.europesays.com\/it\/wp-json\/wp\/v2\/users\/3"}],"replies":[{"embeddable":true,"href":"https:\/\/www.europesays.com\/it\/wp-json\/wp\/v2\/comments?post=26986"}],"version-history":[{"count":0,"href":"https:\/\/www.europesays.com\/it\/wp-json\/wp\/v2\/posts\/26986\/revisions"}],"wp:featuredmedia":[{"embeddable":true,"href":"https:\/\/www.europesays.com\/it\/wp-json\/wp\/v2\/media\/26987"}],"wp:attachment":[{"href":"https:\/\/www.europesays.com\/it\/wp-json\/wp\/v2\/media?parent=26986"}],"wp:term":[{"taxonomy":"category","embeddable":true,"href":"https:\/\/www.europesays.com\/it\/wp-json\/wp\/v2\/categories?post=26986"},{"taxonomy":"post_tag","embeddable":true,"href":"https:\/\/www.europesays.com\/it\/wp-json\/wp\/v2\/tags?post=26986"}],"curies":[{"name":"wp","href":"https:\/\/api.w.org\/{rel}","templated":true}]}}