{"id":271021,"date":"2025-12-21T12:43:11","date_gmt":"2025-12-21T12:43:11","guid":{"rendered":"https:\/\/www.europesays.com\/it\/271021\/"},"modified":"2025-12-21T12:43:11","modified_gmt":"2025-12-21T12:43:11","slug":"demir-orahovac-morto-il-25enne-accoltellato-al-trullo","status":"publish","type":"post","link":"https:\/\/www.europesays.com\/it\/271021\/","title":{"rendered":"Demir Orahovac morto il 25enne accoltellato al Trullo"},"content":{"rendered":"<p>Demir Orahovac \u00e8 morto. Il 25enne di origini montenegrine, accoltellato nella mattinata di <a href=\"https:\/\/www.romatoday.it\/cronaca\/accoltellato-trullo-viale-ventimiglia-20-dicembre-2025.html\" rel=\"nofollow noopener\" target=\"_blank\">sabato 20 dicembre al Trullo<\/a>, \u00e8 deceduto alle 10:50 di domenica 21 dicembre. Il giovane si trovava nel reparto di terapia intensiva dell&#8217;ospedale San Camillo Forlani. Arrivato nella struttura ospedaliera in gravissime, il suo cuore ha smesso di battere.<\/p>\n<p>Accoltellato al Trullo: morto Demir Orahovac<\/p>\n<p>Sulla vicenda indagano i carabinieri. Tre le persone che erano state fermate e arrestate nelle ore seguenti: un 37enne, un 48enne e un 25enne, questi ultimi due padre e figlio. Per loro, le accuse erano di tentato omicidio, adesso per\u00f2 il quadro potrebbe cambiare con la morte di Demir Orahovac. Una storia che ha toccato il quartiere del municipio XI, con la pista &#8211; quella attualmente seguita dagli investigatori &#8211; che \u00e8 legata a una resa dei conti tra la vittima e i residenti della zona coinvolti nella storia.<\/p>\n<p>La ricostruzione degli investigatori<\/p>\n<p><a href=\"https:\/\/www.romatoday.it\/cronaca\/accoltellato-trullo-viale-ventimiglia-cosa-e-successo.html\" rel=\"nofollow noopener\" target=\"_blank\">Tutto \u00e8 cominciato <\/a>con il ritrovamento del 25enne in una pozza di sangue nella mattinata di sabato, attinto con un coltello da cucina sulle scale del palazzo. A chiamare i soccorsi il fratello: il ragazzo, trasportato d&#8217;urgenza al San Camillo, \u00e8 stato sottoposto a un intervento chirurgico. Le sue condizioni per\u00f2 erano disperate. E questa mattina \u00e8 stato constatato il decesso.<\/p>\n<p>Quell&#8217;agguato, per\u00f2, sarebbe collegato a una serie di eventi che sono cominciati il giorno precedente. Demir Orahovac, infatti, venerd\u00ec 19 dicembre avrebbe danneggiato il portone della palazzina popolare di uno stabile situato l\u00ec vicino. Cosa l&#8217;abbia spinto non \u00e8 ancora chiaro. Tra le ipotesi, quella di dissidi tra residenti i cui motivi sono al vaglio di chi indaga. Qualche ora dopo, a seguire, il 25enne \u00e8 stato soccorso in strada dal personale del 118: aveva una ferita alla testa. La vittima non ha fornito spiegazioni, ma chi indaga non esclude che possa essere stato aggredito come &#8220;punizione&#8221; per quanto commesso in precedenza.<\/p>\n<p>Morto 25enne accoltellato al Trullo<\/p>\n<p>L&#8217;ulteriore escalation ha raggiunto il culmine all&#8217;alba di sabato 20 dicembre. Alle 5 due auto sono state date alle fiamme, ancora su viale Ventimiglia. A fuoco una Fiat Cinquecento e una Lancia Ypsilon. La prima vettura \u00e8 risultata di propriet\u00e0 del 48enne, uno degli arrestati. La Lancia Ypsilon, invece, \u00e8 intestata a una donna che non avrebbe nulla a che fare con tutta questa storia. Il sospetto degli investigatori \u00e8 che ad appiccare il fuoco possa essere stato il 25enne, come vendetta. Due ore pi\u00f9 tardi, l&#8217;ultimo capitolo. Con il 25enne accoltellato sulle scale del palazzo. Il luogo \u00e8 lo stesso: viale Ventimiglia. Con il giovane oggi morto in ospedale.<\/p>\n","protected":false},"excerpt":{"rendered":"Demir Orahovac \u00e8 morto. Il 25enne di origini montenegrine, accoltellato nella mattinata di sabato 20 dicembre al Trullo,&hellip;\n","protected":false},"author":3,"featured_media":271022,"comment_status":"","ping_status":"","sticky":false,"template":"","format":"standard","meta":{"footnotes":""},"categories":[79],"tags":[14,93,94,1537,90,89,7,15,2639,11,84,91,12,85,92],"class_list":{"0":"post-271021","1":"post","2":"type-post","3":"status-publish","4":"format-standard","5":"has-post-thumbnail","7":"category-italia","8":"tag-cronaca","9":"tag-cronaca-italiana","10":"tag-cronacaitaliana","11":"tag-it","12":"tag-italia","13":"tag-italy","14":"tag-news","15":"tag-notizie","16":"tag-omicidi","17":"tag-ultime-notizie","18":"tag-ultime-notizie-e-news-di-oggi","19":"tag-ultime-notizie-italia","20":"tag-ultimenotizie","21":"tag-ultimenotizieenewsdioggi","22":"tag-ultimenotizieitalia"},"share_on_mastodon":{"url":"https:\/\/pubeurope.com\/@it\/115757620416628842","error":""},"_links":{"self":[{"href":"https:\/\/www.europesays.com\/it\/wp-json\/wp\/v2\/posts\/271021","targetHints":{"allow":["GET"]}}],"collection":[{"href":"https:\/\/www.europesays.com\/it\/wp-json\/wp\/v2\/posts"}],"about":[{"href":"https:\/\/www.europesays.com\/it\/wp-json\/wp\/v2\/types\/post"}],"author":[{"embeddable":true,"href":"https:\/\/www.europesays.com\/it\/wp-json\/wp\/v2\/users\/3"}],"replies":[{"embeddable":true,"href":"https:\/\/www.europesays.com\/it\/wp-json\/wp\/v2\/comments?post=271021"}],"version-history":[{"count":0,"href":"https:\/\/www.europesays.com\/it\/wp-json\/wp\/v2\/posts\/271021\/revisions"}],"wp:featuredmedia":[{"embeddable":true,"href":"https:\/\/www.europesays.com\/it\/wp-json\/wp\/v2\/media\/271022"}],"wp:attachment":[{"href":"https:\/\/www.europesays.com\/it\/wp-json\/wp\/v2\/media?parent=271021"}],"wp:term":[{"taxonomy":"category","embeddable":true,"href":"https:\/\/www.europesays.com\/it\/wp-json\/wp\/v2\/categories?post=271021"},{"taxonomy":"post_tag","embeddable":true,"href":"https:\/\/www.europesays.com\/it\/wp-json\/wp\/v2\/tags?post=271021"}],"curies":[{"name":"wp","href":"https:\/\/api.w.org\/{rel}","templated":true}]}}