{"id":271134,"date":"2025-12-21T14:31:13","date_gmt":"2025-12-21T14:31:13","guid":{"rendered":"https:\/\/www.europesays.com\/it\/271134\/"},"modified":"2025-12-21T14:31:13","modified_gmt":"2025-12-21T14:31:13","slug":"poi-colpisce-i-carabinieri-entrati-dal-balcone","status":"publish","type":"post","link":"https:\/\/www.europesays.com\/it\/271134\/","title":{"rendered":"poi colpisce i carabinieri entrati dal balcone"},"content":{"rendered":"<p>Uno sconosciuto entra in casa di un uomo e si rifiuta categoricamente di uscire. Per buttarlo fuori devono intervenire i vigili del fuoco e i carabinieri, aggrediti dall&#8217;occupante. Per il protagonista di questa storia sono scattate le manette per resistenza e lesioni personali a pubblico ufficiale, oltre alla violazione di domicilio.\u00a0<\/p>\n<p>Succede in piazza Bonomelli<\/p>\n<p>Serata fuori dal comune, quella di sabato, in piazza Geremia Bonomelli, nel quartiere milanese del Corvetto. I militari hanno arrestato un senegalese di 20 anni, gi\u00e0 noto alle forze dell&#8217;ordine. A chiamare i carabinieri \u00e8 stato un vicino di casa, che aveva visto lo sconosciuto entrare nell&#8217;abitazione accanto alla sua senza alcuna autorizzazione.\u00a0<\/p>\n<p>I carabinieri entrano dal balcone<\/p>\n<p>Sono dovuti intervenire i vigili del fuoco con l&#8217;autoscala, l&#8217;appartamento era all&#8217;ottavo piano. Pompieri e <a href=\"https:\/\/www.milanotoday.it\/tag\/carabinieri\/\" rel=\"nofollow noopener\" target=\"_blank\">carabinieri<\/a> sono entrati dal balcone. All&#8217;interno c&#8217;era il ventenne, in evidente stato di alterazione psicofisica. Si \u00e8 subito scagliato contro i militari del Radiomobile, colpendo uno di loro con una gomitata al volto.\u00a0<\/p>\n<p>Per il carabiniere \u00e8 stato necessario il trasporto al Policlinico di Milano. L&#8217;uomo \u00e8 stato dimesso con una prognosi di 10 giorni. Per l&#8217;arrestato \u00e8 stato trattenuto nelle camere di sicurezza in attesa del rito direttissimo.<\/p>\n","protected":false},"excerpt":{"rendered":"Uno sconosciuto entra in casa di un uomo e si rifiuta categoricamente di uscire. Per buttarlo fuori devono&hellip;\n","protected":false},"author":3,"featured_media":261479,"comment_status":"","ping_status":"","sticky":false,"template":"","format":"standard","meta":{"footnotes":""},"categories":[79],"tags":[2864,3905,14,93,94,1537,90,89,7,15,40584,11,84,91,12,85,92],"class_list":{"0":"post-271134","1":"post","2":"type-post","3":"status-publish","4":"format-standard","5":"has-post-thumbnail","7":"category-italia","8":"tag-aggressioni","9":"tag-carabinieri","10":"tag-cronaca","11":"tag-cronaca-italiana","12":"tag-cronacaitaliana","13":"tag-it","14":"tag-italia","15":"tag-italy","16":"tag-news","17":"tag-notizie","18":"tag-occupazioni","19":"tag-ultime-notizie","20":"tag-ultime-notizie-e-news-di-oggi","21":"tag-ultime-notizie-italia","22":"tag-ultimenotizie","23":"tag-ultimenotizieenewsdioggi","24":"tag-ultimenotizieitalia"},"share_on_mastodon":{"url":"https:\/\/pubeurope.com\/@it\/115758044678797125","error":""},"_links":{"self":[{"href":"https:\/\/www.europesays.com\/it\/wp-json\/wp\/v2\/posts\/271134","targetHints":{"allow":["GET"]}}],"collection":[{"href":"https:\/\/www.europesays.com\/it\/wp-json\/wp\/v2\/posts"}],"about":[{"href":"https:\/\/www.europesays.com\/it\/wp-json\/wp\/v2\/types\/post"}],"author":[{"embeddable":true,"href":"https:\/\/www.europesays.com\/it\/wp-json\/wp\/v2\/users\/3"}],"replies":[{"embeddable":true,"href":"https:\/\/www.europesays.com\/it\/wp-json\/wp\/v2\/comments?post=271134"}],"version-history":[{"count":0,"href":"https:\/\/www.europesays.com\/it\/wp-json\/wp\/v2\/posts\/271134\/revisions"}],"wp:featuredmedia":[{"embeddable":true,"href":"https:\/\/www.europesays.com\/it\/wp-json\/wp\/v2\/media\/261479"}],"wp:attachment":[{"href":"https:\/\/www.europesays.com\/it\/wp-json\/wp\/v2\/media?parent=271134"}],"wp:term":[{"taxonomy":"category","embeddable":true,"href":"https:\/\/www.europesays.com\/it\/wp-json\/wp\/v2\/categories?post=271134"},{"taxonomy":"post_tag","embeddable":true,"href":"https:\/\/www.europesays.com\/it\/wp-json\/wp\/v2\/tags?post=271134"}],"curies":[{"name":"wp","href":"https:\/\/api.w.org\/{rel}","templated":true}]}}