{"id":271162,"date":"2025-12-21T14:59:14","date_gmt":"2025-12-21T14:59:14","guid":{"rendered":"https:\/\/www.europesays.com\/it\/271162\/"},"modified":"2025-12-21T14:59:14","modified_gmt":"2025-12-21T14:59:14","slug":"andrea-delogu-ha-vinto-ballando-con-le-stelle-2025-quanto-ha-guadagnato","status":"publish","type":"post","link":"https:\/\/www.europesays.com\/it\/271162\/","title":{"rendered":"Andrea Delogu ha vinto Ballando con le stelle 2025, quanto ha guadagnato"},"content":{"rendered":"<p>Nella finale di sabato 20 dicembre, la conduttrice <strong>Andrea Delogu<\/strong> e il maestro <strong>Nikita Perotti<\/strong> hanno sollevato la coppa dell\u2019edizione 2025 di <strong>Ballando con le Stelle<\/strong>. La stagione \u00e8 stata particolarmente sentita e personale per la showgirl romana, che negli ultimi mesi ha dovuto affrontare il lutto della morte di suo fratello.<\/p>\n<p>Ma al di l\u00e0 del trofeo, qual \u00e8 il vero premio per i vincitori del celebre dancing show di Rai 1? La risposta \u00e8 meno scontata di quanto si possa pensare e richiede una netta distinzione tra due concetti: il montepremi ufficiale e il cachet di partecipazione.\n<\/p>\n<p>La vittoria di Andrea Delogu<\/p>\n<p>Si \u00e8 conclusa nel cuore della notte, poco prima delle due, una delle edizioni pi\u00f9 seguite e combattute di Ballando con le Stelle. A sollevare la coppa della ventesima edizione del dance show condotto da Milly Carlucci sono stati Andrea Delogu e Nikita Perotti. La conduttrice ha convinto il pubblico e la giuria con una crescita tecnica costante, riuscendo a ribaltare i pronostici della vigilia che vedevano altri nomi in pole position.<\/p>\n<p>La sua \u00e8 stata un\u2019esperienza profondamente segnata dalla<strong> morte del fratello<\/strong> in un incidente, che a novembre l\u2019ha costretta a un\u2019assenza momentanea dalla pista da ballo, affermando in un\u2019intervista:<\/p>\n<blockquote>\n<p>Ho messo in pausa quello che dovr\u00f2 affrontare, ma tornare \u00e8 stata la decisione migliore che potessi prendere.<\/p>\n<\/blockquote>\n<p>Una decisione maturata anche grazie al sostegno di Nikita Perotti, il maestro che l\u2019ha accompagnata per tutta l\u2019avventura.<\/p>\n<p>Oltre a Ballando con le Stelle, nei giorni scorsi si \u00e8 conclusa anche l\u2019ultima edizione di <a href=\"https:\/\/quifinanza.it\/lifestyle\/the-voice-francesco-de-siena-vincitore-guadagni\/950617\/\" rel=\"nofollow noopener\" target=\"_blank\">The Voice Senior<\/a>, sempre di produzione Rai.<\/p>\n<p>Premiata anche Barbara D\u2019Urso<\/p>\n<p>Sul terzo gradino del podio, a pari merito, si sono classificati due dei volti pi\u00f9 discussi e amati di questa stagione:<\/p>\n<ul>\n<li>Barbara d\u2019Urso, che in coppia con Pasquale La Rocca ha segnato un ritorno trionfale sul piccolo schermo;<\/li>\n<li>il tennista Fabio Fognini, insieme a Giada Lini.<\/li>\n<\/ul>\n<p>A consegnare la coppa a <strong>Barbara d\u2019Urso<\/strong> \u00e8 stata proprio Selvaggia Lucarelli, protagonista con lei nel corso dell\u2019edizione di diversi scontri accesi.<\/p>\n<p>Quanto ha vinto Delogu<\/p>\n<p>A differenza di format come <a href=\"https:\/\/quifinanza.it\/lifestyle\/x-factor-2025-rob-premio-guadagni\/941110\/\" rel=\"nofollow noopener\" target=\"_blank\">X Factor<\/a> o L\u2019Isola dei Famosi, Ballando con le Stelle non prevede un <strong>montepremi<\/strong> finale per il primo classificato. L\u2019unico valore tangibile \u00e8 il trofeo, alto circa un metro e particolarmente pesante (tanto che i vincitori spesso faticano a sollevarlo). Dove si trova, allora, il compenso economico? Nell\u2019unica fonte di introito prevista: il <strong>cachet pattuito<\/strong> al momento dell\u2019ingaggio.<\/p>\n<p>Concordato individualmente con ciascun concorrente e con il rispettivo maestro, copre l\u2019intero impegno legato al programma. Non solo le esibizioni in prima serata, ma anche le ore di allenamenti, le apparizioni promozionali e l\u2019uso dell\u2019immagine per la durata della trasmissione. Per una celebrit\u00e0 di primo piano, si parla di cachet che possono aggirarsi <strong>intorno ai 30mila euro<\/strong> per l\u2019intera stagione. Per volti meno noti o per maestri emergenti, la cifra potrebbe essere significativamente inferiore.<\/p>\n<p>Per i maestri storici e pi\u00f9 blasonati, invece, il compenso \u00e8 spesso pi\u00f9 elevato e legato anche a un rapporto di lunga data con la produzione. I ballerini professionisti dovrebbero incassare circa <strong>4mila euro a puntata<\/strong>, a cui bisogna aggiungere il classico rimborso spese.<\/p>\n","protected":false},"excerpt":{"rendered":"Nella finale di sabato 20 dicembre, la conduttrice Andrea Delogu e il maestro Nikita Perotti hanno sollevato la&hellip;\n","protected":false},"author":3,"featured_media":271163,"comment_status":"","ping_status":"","sticky":false,"template":"","format":"standard","meta":{"footnotes":""},"categories":[6],"tags":[14,16970,8,1537,90,89,5141,7,15,82,9,83,10,13,11,80,84,12,81,85],"class_list":{"0":"post-271162","1":"post","2":"type-post","3":"status-publish","4":"format-standard","5":"has-post-thumbnail","7":"category-ultime-notizie","8":"tag-cronaca","9":"tag-giochi-e-lotterie","10":"tag-headlines","11":"tag-it","12":"tag-italia","13":"tag-italy","14":"tag-lifestyle","15":"tag-news","16":"tag-notizie","17":"tag-notizie-di-cronaca","18":"tag-notizie-principali","19":"tag-notiziedicronaca","20":"tag-notizieprincipali","21":"tag-titoli","22":"tag-ultime-notizie","23":"tag-ultime-notizie-di-cronaca","24":"tag-ultime-notizie-e-news-di-oggi","25":"tag-ultimenotizie","26":"tag-ultimenotiziedicronaca","27":"tag-ultimenotizieenewsdioggi"},"share_on_mastodon":{"url":"https:\/\/pubeurope.com\/@it\/115758154599782654","error":""},"_links":{"self":[{"href":"https:\/\/www.europesays.com\/it\/wp-json\/wp\/v2\/posts\/271162","targetHints":{"allow":["GET"]}}],"collection":[{"href":"https:\/\/www.europesays.com\/it\/wp-json\/wp\/v2\/posts"}],"about":[{"href":"https:\/\/www.europesays.com\/it\/wp-json\/wp\/v2\/types\/post"}],"author":[{"embeddable":true,"href":"https:\/\/www.europesays.com\/it\/wp-json\/wp\/v2\/users\/3"}],"replies":[{"embeddable":true,"href":"https:\/\/www.europesays.com\/it\/wp-json\/wp\/v2\/comments?post=271162"}],"version-history":[{"count":0,"href":"https:\/\/www.europesays.com\/it\/wp-json\/wp\/v2\/posts\/271162\/revisions"}],"wp:featuredmedia":[{"embeddable":true,"href":"https:\/\/www.europesays.com\/it\/wp-json\/wp\/v2\/media\/271163"}],"wp:attachment":[{"href":"https:\/\/www.europesays.com\/it\/wp-json\/wp\/v2\/media?parent=271162"}],"wp:term":[{"taxonomy":"category","embeddable":true,"href":"https:\/\/www.europesays.com\/it\/wp-json\/wp\/v2\/categories?post=271162"},{"taxonomy":"post_tag","embeddable":true,"href":"https:\/\/www.europesays.com\/it\/wp-json\/wp\/v2\/tags?post=271162"}],"curies":[{"name":"wp","href":"https:\/\/api.w.org\/{rel}","templated":true}]}}