{"id":271181,"date":"2025-12-21T15:21:09","date_gmt":"2025-12-21T15:21:09","guid":{"rendered":"https:\/\/www.europesays.com\/it\/271181\/"},"modified":"2025-12-21T15:21:09","modified_gmt":"2025-12-21T15:21:09","slug":"andrea-delogu-e-nikita-perotti-a-domenica-in-lui-se-preso-una-cotta-e-troppo-giovane","status":"publish","type":"post","link":"https:\/\/www.europesays.com\/it\/271181\/","title":{"rendered":"Andrea Delogu e Nikita Perotti a Domenica In, lui s&#8217;\u00e8 preso una cotta: &#8220;\u00c8 troppo giovane&#8221;"},"content":{"rendered":"<p>Mara Venier ha accolto nel suo studio <strong>Andrea Delogu e Nikita Perotti<\/strong>, i neo vincitori di Ballando con le stelle 2025. Hanno dormito poco meno di due ore, spiega lei, che non ha di fatto mai smesso di sorridere da quando \u00e8 stato annunciato il suo <strong>primo posto<\/strong>.<\/p>\n<p>Questo \u00e8 giunto in maniera inaspettata ma, con sincerit\u00e0, la conduttrice spiega che da un certo punto in poi l\u2019abbiano desiderato eccome: \u201cAbbiamo fatto un percorso faticoso e intenso, come tutti, e quando arrivi in finale ti dici \u2018sai che c\u2019\u00e8, io ci provo\u2019\u201d.\n<\/p>\n<p>L\u2019emozione del successo<\/p>\n<p>Una vittoria ottenuta fianco a fianco con Francesca Fialdini e Giovanni Pernice, per <strong>45 e 55% dei<\/strong> <strong>voti<\/strong>. Una reazione di cuore e pancia, quella di Andrea Delogu, che s\u2019\u00e8 subito portata le mani al volto, poi \u00e8 crollata in ginocchio, incredula, \u00e8 corsa da Nikita e gli \u00e8 saltata tra le braccia e poi ha raggiunto la collega Fialdini. Una trottola in balia delle emozioni.<\/p>\n<p>Lo studio di Domenica In ha regalato alla coppia una standing ovation. Si \u00e8 parlato del loro legame, che Nikita definisce \u201cun\u2019amicizia unica\u201d. Lo show di Milly Carlucci non segner\u00e0 per\u00f2 la fine della loro collaborazione professionale. Delogu ha infatti confermato al sua <strong>partecipazione regolare<\/strong> a La porta magica: \u201cHa talento, \u00e8 bravo. Sono contenta, perch\u00e9 quando incontri gente di talento, se si pu\u00f2, si d\u00e0 spazio\u201d.<\/p>\n<p>Il ballo contro il dolore<\/p>\n<p>\u00c8 servito <strong>coraggio per tornare dinanzi alle telecamere<\/strong>, cimentandosi in uno show come Ballando con le stelle. Milly Carlucci le ha dato massima libert\u00e0 di scelta, per poi accoglierla al meglio dopo due puntate di doveroso stop, considerando la tragedia vissuta dalla sua famiglia.<\/p>\n<p>Ha deciso di tornare e ha confermato d\u2019aver tratto giovamento da tutto questo. Non ha fatto sparire il dolore ma le ha permesso di fare meglio i conti con il lutto, ritrovandosi circondata da tanto affetto.<\/p>\n<blockquote>\n<p>\u201cMi ha aiutata tantissimo. <strong>Ballando \u00e8 stata una famiglia<\/strong>. Trovi <a href=\"https:\/\/dilei.it\/vip\/andrea-delogu-nikita-perotti-rapporto\/2016391\/\" rel=\"nofollow noopener\" target=\"_blank\">persone speciali<\/a> e altre che combattono con te, creandoti una bolla di protezione. Ho pensato di non riuscire a tornare, perch\u00e9 \u00e8 un percorso molto intenso. Non volevo prendermi la responsabilit\u00e0 di fare qualcosa che non fosse all\u2019altezza di Nikita. Lui mi ha detto \u2018ci sono, se vuoi va bene, se non vuoi \u00e8 uguale\u2019. A quel punto gli ho detto che avrei ricominciato\u201d.<\/p>\n<\/blockquote>\n<p>Un rapporto speciale<\/p>\n<p>C\u2019\u00e8 un profondo sentimento che lega <a href=\"https:\/\/dilei.it\/spettacolo\/andrea-delogu-vince-ballando-con-le-stelle-parole-per-nikita\/2038346\/\" rel=\"nofollow noopener\" target=\"_blank\">Andrea e Nikita<\/a>. Per quanto la gente voglia un\u2019etichetta, i due si rifiutano di offrirne una alla stampa. \u00c8 certo per\u00f2 che <strong>nulla potr\u00e0 porsi tra loro<\/strong>. Con occhi quasi sognanti, il ballerino si \u00e8 cos\u00ec espresso sulla sua talentuosa allieva:<\/p>\n<blockquote>\n<p>\u201cIn questa coppia \u00e8 stata lei la maestra, perch\u00e9 ha dimostrato d\u2019essere forte. Io non potevo essere da me. Ho voluto, per il suo bene, fare una promessa. Avrei fatto di tutto per portarla fino alla fine e farle alzare la coppa. Se lo merita\u201d.<\/p>\n<\/blockquote>\n<p>Ma sono una coppia? Tanta tenerezza tra loro <strong>sta per sfociare in qualcos\u2019altro? <\/strong>Non sembra. Lui nega d\u2019avere una fidanzata e lei fa lo stesso. Mara per\u00f2 la punzecchia, proprio come farebbe una zia: \u201cHo visto le foto\u201d. Un bel po\u2019 di risate e il tema viene archiviato.<\/p>\n<p>A guardarli un po\u2019 da fuori, sembra che lui <strong>si sia preso una cotta<\/strong>. \u00c8 ancora single, specifica ancora, ma descrive cos\u00ec la sua donna ideale (che dovr\u00e0 passare sotto l\u2019occhio vigile della collega di danza): \u201cBella, simpatica. <strong>Dev\u2019essere un\u2019Andrea Delogu<\/strong>\u201d.<\/p>\n<p>Lei per\u00f2 spiega come ci\u00f2 non sia altro che il loro modo di scherzare. Lui fa sempre cos\u00ec e lei lo mette al suo posto. Fa parte del rapporto speciale che hanno. Ci\u00f2 ha spinto molti a fraintendere il loro legame, parlando d\u2019amore, dice la conduttrice: \u201cGli dico che sono troppo grande\u201d. Ancora un po\u2019 di risate e ancora si ha l\u2019impressione che lui ci abbia provato realmente. Ha per\u00f2 21 anni, dunque 20 in meno di lei. Quando Mara lo scopre, dopo aver parlato di \u201cdichiarazione d\u2019amore\u201d, si arrende all\u2019evidenza: \u201cNo, \u00e8 davvero troppo piccolo\u201d.<\/p>\n<p>\u00a0<\/p>\n<p>\u00a0<\/p>\n<p class=\"p1\">Resta sempre aggiornata:\u00a0<a href=\"https:\/\/www.whatsapp.com\/channel\/0029Vb68mVyHVvTWezDm7d0R\" rel=\"nofollow noopener\" target=\"_blank\">iscriviti al nostro canale WhatsApp<\/a>!<\/p>\n","protected":false},"excerpt":{"rendered":"Mara Venier ha accolto nel suo studio Andrea Delogu e Nikita Perotti, i neo vincitori di Ballando con&hellip;\n","protected":false},"author":3,"featured_media":271182,"comment_status":"","ping_status":"","sticky":false,"template":"","format":"standard","meta":{"footnotes":""},"categories":[174],"tags":[4713,16556,6304,203,204,1537,90,89,3023,214],"class_list":{"0":"post-271181","1":"post","2":"type-post","3":"status-publish","4":"format-standard","5":"has-post-thumbnail","7":"category-intrattenimento","8":"tag-andrea-delogu","9":"tag-ballando-con-le-stelle","10":"tag-domenica-in","11":"tag-entertainment","12":"tag-intrattenimento","13":"tag-it","14":"tag-italia","15":"tag-italy","16":"tag-mara-venier","17":"tag-spettacolo"},"share_on_mastodon":{"url":"https:\/\/pubeurope.com\/@it\/115758241138566715","error":""},"_links":{"self":[{"href":"https:\/\/www.europesays.com\/it\/wp-json\/wp\/v2\/posts\/271181","targetHints":{"allow":["GET"]}}],"collection":[{"href":"https:\/\/www.europesays.com\/it\/wp-json\/wp\/v2\/posts"}],"about":[{"href":"https:\/\/www.europesays.com\/it\/wp-json\/wp\/v2\/types\/post"}],"author":[{"embeddable":true,"href":"https:\/\/www.europesays.com\/it\/wp-json\/wp\/v2\/users\/3"}],"replies":[{"embeddable":true,"href":"https:\/\/www.europesays.com\/it\/wp-json\/wp\/v2\/comments?post=271181"}],"version-history":[{"count":0,"href":"https:\/\/www.europesays.com\/it\/wp-json\/wp\/v2\/posts\/271181\/revisions"}],"wp:featuredmedia":[{"embeddable":true,"href":"https:\/\/www.europesays.com\/it\/wp-json\/wp\/v2\/media\/271182"}],"wp:attachment":[{"href":"https:\/\/www.europesays.com\/it\/wp-json\/wp\/v2\/media?parent=271181"}],"wp:term":[{"taxonomy":"category","embeddable":true,"href":"https:\/\/www.europesays.com\/it\/wp-json\/wp\/v2\/categories?post=271181"},{"taxonomy":"post_tag","embeddable":true,"href":"https:\/\/www.europesays.com\/it\/wp-json\/wp\/v2\/tags?post=271181"}],"curies":[{"name":"wp","href":"https:\/\/api.w.org\/{rel}","templated":true}]}}