{"id":271281,"date":"2025-12-21T16:46:13","date_gmt":"2025-12-21T16:46:13","guid":{"rendered":"https:\/\/www.europesays.com\/it\/271281\/"},"modified":"2025-12-21T16:46:13","modified_gmt":"2025-12-21T16:46:13","slug":"carabiniera-azzannata-da-un-pitbull-durante-un-arresto","status":"publish","type":"post","link":"https:\/\/www.europesays.com\/it\/271281\/","title":{"rendered":"Carabiniera azzannata da un pitbull durante un arresto"},"content":{"rendered":"<p>Dovevano \u2018semplicemente\u2019 notificare ed eseguire un ordine di carcerazione. Mentre lo facevano il pitbull dell&#8217;uomo da arrestare si \u00e8 lanciato in sua difesa azzannando alla mano una carabiniera. Per la donna morsa dal cane \u00e8 stato necessario il trasporto in ospedale, da dove \u00e8 stata dimessa con sei giorni di prognosi.<\/p>\n<p>Carabiniere morsa da un cane<\/p>\n<p>\u00c8 successo a Vermezzo Con Zelo (Milano), nella serata di sabato. I <a href=\"https:\/\/www.milanotoday.it\/tag\/carabinieri\/\" rel=\"nofollow noopener\" target=\"_blank\">carabinieri<\/a> della stazione di Rosate e quelli di Motta Visconti erano andati in casa di un sessantanovenne italiano. L&#8217;uomo deve scontare sette mesi di carcere per alcuni reati commessi ad agosto 2017: violenza e minaccia a pubblico ufficiale e danneggiamento. Durante l&#8217;arresto, l&#8217;aggressione del cane.<\/p>\n","protected":false},"excerpt":{"rendered":"Dovevano \u2018semplicemente\u2019 notificare ed eseguire un ordine di carcerazione. Mentre lo facevano il pitbull dell&#8217;uomo da arrestare si&hellip;\n","protected":false},"author":3,"featured_media":271282,"comment_status":"","ping_status":"","sticky":false,"template":"","format":"standard","meta":{"footnotes":""},"categories":[79],"tags":[2864,12804,3905,14,93,94,1537,90,89,7,15,11,84,91,12,85,92],"class_list":{"0":"post-271281","1":"post","2":"type-post","3":"status-publish","4":"format-standard","5":"has-post-thumbnail","7":"category-italia","8":"tag-aggressioni","9":"tag-cani","10":"tag-carabinieri","11":"tag-cronaca","12":"tag-cronaca-italiana","13":"tag-cronacaitaliana","14":"tag-it","15":"tag-italia","16":"tag-italy","17":"tag-news","18":"tag-notizie","19":"tag-ultime-notizie","20":"tag-ultime-notizie-e-news-di-oggi","21":"tag-ultime-notizie-italia","22":"tag-ultimenotizie","23":"tag-ultimenotizieenewsdioggi","24":"tag-ultimenotizieitalia"},"share_on_mastodon":{"url":"https:\/\/pubeurope.com\/@it\/115758575432265117","error":""},"_links":{"self":[{"href":"https:\/\/www.europesays.com\/it\/wp-json\/wp\/v2\/posts\/271281","targetHints":{"allow":["GET"]}}],"collection":[{"href":"https:\/\/www.europesays.com\/it\/wp-json\/wp\/v2\/posts"}],"about":[{"href":"https:\/\/www.europesays.com\/it\/wp-json\/wp\/v2\/types\/post"}],"author":[{"embeddable":true,"href":"https:\/\/www.europesays.com\/it\/wp-json\/wp\/v2\/users\/3"}],"replies":[{"embeddable":true,"href":"https:\/\/www.europesays.com\/it\/wp-json\/wp\/v2\/comments?post=271281"}],"version-history":[{"count":0,"href":"https:\/\/www.europesays.com\/it\/wp-json\/wp\/v2\/posts\/271281\/revisions"}],"wp:featuredmedia":[{"embeddable":true,"href":"https:\/\/www.europesays.com\/it\/wp-json\/wp\/v2\/media\/271282"}],"wp:attachment":[{"href":"https:\/\/www.europesays.com\/it\/wp-json\/wp\/v2\/media?parent=271281"}],"wp:term":[{"taxonomy":"category","embeddable":true,"href":"https:\/\/www.europesays.com\/it\/wp-json\/wp\/v2\/categories?post=271281"},{"taxonomy":"post_tag","embeddable":true,"href":"https:\/\/www.europesays.com\/it\/wp-json\/wp\/v2\/tags?post=271281"}],"curies":[{"name":"wp","href":"https:\/\/api.w.org\/{rel}","templated":true}]}}