{"id":271521,"date":"2025-12-21T20:11:09","date_gmt":"2025-12-21T20:11:09","guid":{"rendered":"https:\/\/www.europesays.com\/it\/271521\/"},"modified":"2025-12-21T20:11:09","modified_gmt":"2025-12-21T20:11:09","slug":"san-salvi-negli-scatti-di-giovanni-fanetti-alle-giubbe-rosse","status":"publish","type":"post","link":"https:\/\/www.europesays.com\/it\/271521\/","title":{"rendered":"San Salvi negli scatti di Giovanni Fanetti alle Giubbe Rosse"},"content":{"rendered":"<p>Firenze, 21 dicembre 2025 &#8211; Inaugurata alle Giubbe Rosse la mostra fotografica di Giovanni Fanetti dedicata a San Salvi, lo storico manicomio cittadino, raccontato attraverso immagini realizzate negli anni Settanta e oggi restituite al pubblico in una mostra monografica dal forte impatto umano e civile. A distanza di un anno dall\u2019ultima presenza dell\u2019autore nello storico caff\u00e8 letterario, Fanetti torna con un lavoro che non si limita alla memoria visiva di un luogo, ma riporta al centro le persone che lo hanno abitato, in un periodo cruciale della storia della psichiatria italiana.  L\u2019esposizione \u00e8 curata da Maria Cristina Galletti e si inserisce nel solco di una riflessione profonda sul significato dello sguardo e della fotografia come strumento di restituzione di dignit\u00e0. Le immagini di San Salvi raccontano con rispetto e partecipazione volti, gesti e presenze segnate dall\u2019istituzione manicomiale, restituendo loro una dimensione di umanit\u00e0 spesso rimossa o dimenticata.  A sottolineare il senso del lavoro \u00e8 stato Jacopo Chiostri, che ha presentato la mostra con parole che ne chiariscono la cifra etica e narrativa: &#8220;A distanza di un anno, Giovanni Fanetti \u00e8 tornato alle Giubbe Rosse con le sue immagini anni &#8217;70 di San Salvi, il manicomio di Firenze, una mostra monografica, curata dalla sua compagna Maria Cristina Galletti, nella quale \u00e8 possibile cogliere tutta la profonda umanit\u00e0 di un fotografo il quale, a differenza di tanti altri nomi anche pi\u00f9 illustri, non si \u00e8 avvicinato ai &#8216;matti&#8217; per impadronirsi della &#8216;fotogenicit\u00e0&#8217; del diverso, ma per, con molto amore, restituire loro almeno una piccola parte di quella identit\u00e0 e di quella dignit\u00e0 rimasta al di l\u00e0 dei confini del manicomio.&#8221;  La mostra si presenta cos\u00ec come un momento di riflessione che va oltre l\u2019ambito artistico, toccando temi di grande rilevanza sociale e storica, dalla memoria delle istituzioni totali al diritto alla dignit\u00e0 delle persone fragili.<\/p>\n","protected":false},"excerpt":{"rendered":"Firenze, 21 dicembre 2025 &#8211; Inaugurata alle Giubbe Rosse la mostra fotografica di Giovanni Fanetti dedicata a San&hellip;\n","protected":false},"author":3,"featured_media":271522,"comment_status":"","ping_status":"","sticky":false,"template":"","format":"standard","meta":{"footnotes":""},"categories":[1446],"tags":[1615,1613,1614,1611,1610,1612,203,159706,2759,13043,204,1537,90,89,79177,532,12952],"class_list":{"0":"post-271521","1":"post","2":"type-post","3":"status-publish","4":"format-standard","5":"has-post-thumbnail","7":"category-arte-e-design","8":"tag-arte","9":"tag-arte-e-design","10":"tag-arteedesign","11":"tag-arts","12":"tag-arts-and-design","13":"tag-design","14":"tag-entertainment","15":"tag-fanetti","16":"tag-giovanni","17":"tag-giubbe","18":"tag-intrattenimento","19":"tag-it","20":"tag-italia","21":"tag-italy","22":"tag-salvi","23":"tag-san","24":"tag-scatti"},"share_on_mastodon":{"url":"https:\/\/pubeurope.com\/@it\/115759381341583007","error":""},"_links":{"self":[{"href":"https:\/\/www.europesays.com\/it\/wp-json\/wp\/v2\/posts\/271521","targetHints":{"allow":["GET"]}}],"collection":[{"href":"https:\/\/www.europesays.com\/it\/wp-json\/wp\/v2\/posts"}],"about":[{"href":"https:\/\/www.europesays.com\/it\/wp-json\/wp\/v2\/types\/post"}],"author":[{"embeddable":true,"href":"https:\/\/www.europesays.com\/it\/wp-json\/wp\/v2\/users\/3"}],"replies":[{"embeddable":true,"href":"https:\/\/www.europesays.com\/it\/wp-json\/wp\/v2\/comments?post=271521"}],"version-history":[{"count":0,"href":"https:\/\/www.europesays.com\/it\/wp-json\/wp\/v2\/posts\/271521\/revisions"}],"wp:featuredmedia":[{"embeddable":true,"href":"https:\/\/www.europesays.com\/it\/wp-json\/wp\/v2\/media\/271522"}],"wp:attachment":[{"href":"https:\/\/www.europesays.com\/it\/wp-json\/wp\/v2\/media?parent=271521"}],"wp:term":[{"taxonomy":"category","embeddable":true,"href":"https:\/\/www.europesays.com\/it\/wp-json\/wp\/v2\/categories?post=271521"},{"taxonomy":"post_tag","embeddable":true,"href":"https:\/\/www.europesays.com\/it\/wp-json\/wp\/v2\/tags?post=271521"}],"curies":[{"name":"wp","href":"https:\/\/api.w.org\/{rel}","templated":true}]}}