{"id":271983,"date":"2025-12-22T04:16:12","date_gmt":"2025-12-22T04:16:12","guid":{"rendered":"https:\/\/www.europesays.com\/it\/271983\/"},"modified":"2025-12-22T04:16:12","modified_gmt":"2025-12-22T04:16:12","slug":"difesa-linter-corre-ai-ripari-muharemovic-arriva-gia-a-gennaio-e-de-vrij","status":"publish","type":"post","link":"https:\/\/www.europesays.com\/it\/271983\/","title":{"rendered":"Difesa, l&#8217;Inter corre ai ripari: Muharemovic arriva gi\u00e0 a gennaio? E De Vrij&#8230;"},"content":{"rendered":"<p>I nerazzurri sono pronti a intervenire per rinforzare e ringiovanire il proprio reparto arretrato: il bosniaco \u00e8 in cima alla lista<\/p>\n<p>L&#8217;Inter \u00e8 pronta a intervenire sul mercato per rinforzare e ringiovanire il proprio reparto. Il nome in cima alla lista \u00e8 quello di <a href=\"https:\/\/www.fcinter1908.it\/news\/interviste\/carnevali-muharemovic-futuro-sky\/\" rel=\"nofollow noopener\" target=\"_blank\">Tarik Muharemovic<\/a>, centrale bosniaco del Sassuolo. Cos\u00ec scrive La Gazzetta dello Sport: &#8220;Tarik Muharemovic piace all&#8217;Inter per due motivi. Il primo \u00e8 perch\u00e9 potrebbe essere una buona alternativa a Bastoni sulla sinistra, il secondo \u00e8 che potrebbe giocare anche centrale. E l&#8217;Inter \u00e8 sensibile ai giocatori duttili. Ma il bosniaco, cresciuto in quattro squadre austriache prima di attirare le attenzioni della Juventus che nel 2021 l&#8217;ha portato in Italia, ha dalla sua anche l&#8217;et\u00e0: 22 anni, 23 il prossimo 28 febbraio&#8221;.<\/p>\n<p>Muharemovic-De Vrij, destini legati\u2014 \u00a0<\/p>\n<p>Una pista che pu\u00f2 scaldarsi gi\u00e0 in vista di gennaio: &#8220;Muharemovic potrebbe essere per l&#8217;Inter un&#8217;opzione per gennaio soltanto nel caso in cui dovesse partire De Vrij. L&#8217;olandese ha un&#8217;altra et\u00e0 (33 anni, 34 a febbraio) e un altro contratto, in scadenza il prossimo giugno. Il mese del Mondiale. La sua stagione fin qui recita: 8 presenze tra tutte le competizioni, appena 3 in campionato, contro 15 panchine. Il timore di retrocedere nelle gerarchie dell&#8217;Olanda di Koeman c&#8217;\u00e8: la pausa nazionali di ottobre l&#8217;ha trascorsa guardando i connazionali da bordocampo, in quella di novembre \u00e8 rimasto direttamente a casa. Segnali? Riflessioni piuttosto. Pensieri che a ridosso del mercato di gennaio potrebbero portare l&#8217;olandese a voler correre ai ripari: giocare poco con l&#8217;Inter aumenta il rischio di perdere il Mondiale, l&#8217;equazione \u00e8 semplice&#8221;.<\/p>\n<p>Obiettivo a prescindere\u2014 \u00a0<\/p>\n<p>&#8220;Muharemovic dunque piace, pu\u00f2 diventare un&#8217;idea per gennaio solo nel caso in cui dovesse partire De Vrij, ma rester\u00e0 comunque un profilo sul taccuino in vista dell&#8217;estate prossima. Tra sei mesi scadr\u00e0 il contratto dell&#8217;olandese e quello di Acerbi. Se l&#8217;obiettivo si allarga da questo tandem di elementi in uscita a un quadro un po&#8217; pi\u00f9 ampio emergono pi\u00f9 limiti di reparto. C&#8217;\u00e8 un Bisseck incline ai disastri in area, qualche errore di troppo da parte di Bastoni nell&#8217;ultimo periodo, un Acerbi infortunato e ai box fino almeno a met\u00e0 gennaio. Akanji \u00e8 la novit\u00e0 che convince ma serviranno altri 15 milioni per tenerlo a Milano&#8221;.<\/p>\n<p class=\"is-copyright\">\u00a9 RIPRODUZIONE RISERVATA<\/p>\n","protected":false},"excerpt":{"rendered":"I nerazzurri sono pronti a intervenire per rinforzare e ringiovanire il proprio reparto arretrato: il bosniaco \u00e8 in&hellip;\n","protected":false},"author":3,"featured_media":271984,"comment_status":"","ping_status":"","sticky":false,"template":"","format":"standard","meta":{"footnotes":"","_share_on_mastodon":"0"},"categories":[1452],"tags":[33592,19898,119171,721,925,6693,277,57000,3879,159899,159900,2152,1595,1740,2614,159901,159902,1889,350,50497,1537,90,89,113,7547,6049,5528,1739,245,244,57001],"class_list":["post-271983","post","type-post","status-publish","format-standard","has-post-thumbnail","category-calcio","tag-acerbi","tag-bastoni","tag-bosniaco","tag-calcio","tag-centrale","tag-contratto","tag-de","tag-de-vrij","tag-dovesse","tag-dovesse-partire","tag-dovesse-partire-de","tag-eta","tag-febbraio","tag-football","tag-gennaio","tag-gennaio-dovesse","tag-gennaio-dovesse-partire","tag-giocare","tag-inter","tag-intervenire","tag-it","tag-italia","tag-italy","tag-lista","tag-muharemovic","tag-olandese","tag-reparto","tag-soccer","tag-sport","tag-sports","tag-vrij"],"share_on_mastodon":{"url":"https:\/\/pubeurope.com\/@it\/115761288685895715","error":""},"_links":{"self":[{"href":"https:\/\/www.europesays.com\/it\/wp-json\/wp\/v2\/posts\/271983","targetHints":{"allow":["GET"]}}],"collection":[{"href":"https:\/\/www.europesays.com\/it\/wp-json\/wp\/v2\/posts"}],"about":[{"href":"https:\/\/www.europesays.com\/it\/wp-json\/wp\/v2\/types\/post"}],"author":[{"embeddable":true,"href":"https:\/\/www.europesays.com\/it\/wp-json\/wp\/v2\/users\/3"}],"replies":[{"embeddable":true,"href":"https:\/\/www.europesays.com\/it\/wp-json\/wp\/v2\/comments?post=271983"}],"version-history":[{"count":0,"href":"https:\/\/www.europesays.com\/it\/wp-json\/wp\/v2\/posts\/271983\/revisions"}],"wp:featuredmedia":[{"embeddable":true,"href":"https:\/\/www.europesays.com\/it\/wp-json\/wp\/v2\/media\/271984"}],"wp:attachment":[{"href":"https:\/\/www.europesays.com\/it\/wp-json\/wp\/v2\/media?parent=271983"}],"wp:term":[{"taxonomy":"category","embeddable":true,"href":"https:\/\/www.europesays.com\/it\/wp-json\/wp\/v2\/categories?post=271983"},{"taxonomy":"post_tag","embeddable":true,"href":"https:\/\/www.europesays.com\/it\/wp-json\/wp\/v2\/tags?post=271983"}],"curies":[{"name":"wp","href":"https:\/\/api.w.org\/{rel}","templated":true}]}}