{"id":272081,"date":"2025-12-22T05:52:24","date_gmt":"2025-12-22T05:52:24","guid":{"rendered":"https:\/\/www.europesays.com\/it\/272081\/"},"modified":"2025-12-22T05:52:24","modified_gmt":"2025-12-22T05:52:24","slug":"come-e-ri-cambiata-la-manovra","status":"publish","type":"post","link":"https:\/\/www.europesays.com\/it\/272081\/","title":{"rendered":"come \u00e8 ri-cambiata la manovra"},"content":{"rendered":"<p>Dopo il primo maxi- emendamento del Governo, deflagrato tra le mani della maggioranza, arriva la \u201cversione due\u201d, frutto di un\u2019altra notte travagliata, iniziata con il vertice convocato venerd\u00ec da Giorgia Meloni dopo il ricevimento al Quirinale per lo scambio di auguri. Il nuovo testo, approvato ieri sera poco prima della chiusura dei lavori della commissione Bilancio di Palazzo Madama, \u00e8 arrivato in mattinata, protagonista in una seduta piuttosto sofferta alla quale ha partecipato anche il titolare del Mef, Giancarlo Giorgetti. <b>In sostanza, \u00e8 passata la linea leghista: spariscono gli interventi sulle finestre mobili e sul riscatto della laurea, ma salta anche la possibilit\u00e0 di anticipare l\u2019uscita dal lavoro cumulando gli importi versati a pi\u00f9 fondi di previdenza complementare, norma introdotta dalla Lega con la scorsa legge di Bilancio. Restano le risorse per le imprese, in parte le stesse che avevano entusiasmato Confindustria con la prima stesura. Anche perch\u00e9 l\u2019ipotesi di un decreto successivo sul tema, pure circolata, pare non abbia trovato il gradimento del Colle<\/b>.<\/p>\n<p>Questo il quadro ricomposto in extremis da Giorgetti, che ha anche cercato di minimizzare sugli screzi in maggioranza scherzando sulle sue dimissioni: \u00abCi penso tutte le mattine, personalmente sarebbe la cosa pi\u00f9 bella da fare \u2013 ha risposto ai cronisti -. Ma siccome \u00e8 la 29esima legge di Bilancio che faccio, so perfettamente come funziona e che sono cose naturali\u00bb. La palla passa ora all\u2019aula del Senato, dove il ddl Bilancio approder\u00e0 luned\u00ec con voto finale previsto il giorno successivo.<\/p>\n<p><b>Pensioni<\/b><\/p>\n<p>A dire il vero Giorgetti si \u00e8 irritato non poco dopo le uscite del suo partito sulle pensioni, ma non ha potuto fare altro che prendere atto della volont\u00e0 della premier di venirne a capo il prima possibile e si \u00e8 gettato a capofitto nel nuovo emendamento (peraltro saltando anche la cerimonia al Quirinale). Per di pi\u00f9 si \u00e8 trovato anche a dover giustificare l\u2019inversione a \u201cU\u201d sul cumulo dei fondi previdenziali, che in un certo senso sconfessa il suo stesso lavoro precedente: \u00abPare non interessasse a nessuno \u2013 ha detto per giustificare la soppressione \u2013. A me dispiace ma non \u00e8 stata ritenuta strategica\u00bb. La storia per\u00f2 non finisce qua e il senatore Claudio Borghi si \u00e8 detto convinto che la norma verr\u00e0 recuperata pi\u00f9 avanti.<\/p>\n<p>Come detto, <b>le altre misure sulle pensioni, quelle che hanno fatto saltare il banco (riscatto della laurea e finestre mobili), spariscono dai radar. Ma resiste l\u2019intervento sull&#8217;adesione automatica alla previdenza complementare (da luglio) per i neo assunti (silenzio-assenso sulla destinazione del Tfr). E c\u2019\u00e8 anche l\u2019aumento dei tagli all&#8217;anticipo pensionistico per i lavoratori precoci, quelli che hanno raggiunto almeno 12 mesi di contributi prima del compimento dei 19 anni<\/b>. La sforbiciata ammonta a 20 milioni dal 2027, a 60 dal 2028 e a 90 dal 2029 al 2032, mentre per il 2033 e il 2034 il calo sar\u00e0 rispettivamente di 140 e 190 milioni. Si estende la platea delle aziende che dovranno conferire il Tfr al fondo Inps. Nel biennio 2026-27 dovranno farlo quelle che hanno raggiunto i 60 dipendenti, poi toccher\u00e0 a quelle con 50 e dal 2032 alle pi\u00f9 piccole, con 40 dipendenti.<\/p>\n<p><b>Imprese<\/b><\/p>\n<p>Nonostante le difficolt\u00e0, il capitolo imprese resta abbastanza nutrito. Arriva l\u2019estensione dell\u2019iperammortamento fino al 2028 e sono confermati 1,3 miliardi di euro destinati a \u201cTransizione 4.0\u201d, i cui fondi sono andati esauriti. Risorse aggiuntive, fino a 532,64 milioni, anche per le aziende che hanno fatto domanda per il credito d&#8217;imposta per la Zes unica e contestualmente vengono alzate le soglie per le aliquote detraibili. <b>Parte delle coperture per queste misure arriver\u00e0 da una modifica del contributo a carico delle assicurazioni: si prevede un versamento a titolo di acconto entro ogni novembre pari all&#8217;85% del dovuto per l&#8217;anno precedente<\/b>. Vengono poi estesi ai contratti rinnovati nel 2024 i benefici della tassazione agevolata al 5% sugli incrementi retributivi corrisposti dal primo gennaio 2026, con platea di beneficiari ampliata ai redditi fino a 33mila euro. Mentre dal 2028 sar\u00e0 introdotta una ritenuta d&#8217;acconto sui pagamenti fra imprese con un&#8217;aliquota ridotta dello 0,5% che salir\u00e0 all&#8217;1% dal 2029.<\/p>\n<p><b>Condono<\/b><\/p>\n<p><b>Niente da fare per il nuovo condono edilizio<\/b>. L\u2019emendamento del senatore FdI Lucio Malan, rispuntato ieri, alla fine \u00e8 stato trasformato in un ordine del giorno. Sul piano politico si tratta di un passaggio rilevante, tanto che le opposizioni hanno rivendicato come una vittoria il disco rosso: \u00ab\u00c8 stato di fatto ritirato \u2013 hanno sottolineato i capigruppo della minoranza in commissione \u2013, un odg non si nega a nessuno, ma come si sa non ha valore vincolante\u00bb.<\/p>\n<p><b>Ponte<\/b><\/p>\n<p>Come gi\u00e0 anticipato, vengono rifinanziati gli stanziamenti relativi al Ponte sullo Stretto di Messina, ovvero <b>slittano agli anni 2032 e 2033 780 dei milioni previsti<\/b> a seguito \u00abdel non perfezionamento\u00bb degli impegni relativi alle somme stanziate per il 2025. Previsioni oggetto dei rilievi della Corte dei Conti.<\/p>\n<p><b>Il dibattito politico<\/b><\/p>\n<p>La giornata ha visto i leghisti impegnati a ricucire lo strappo con Giorgetti, almeno ufficialmente. Il contributo maggiore \u00e8 arrivato dal sottosegretario al Lavoro, Claudio Durigon. Con il ministro, ha assicurato, \u00abc&#8217;\u00e8 piena sintonia\u00bb e la volont\u00e0 della Lega di \u00abrafforzare la previdenza complementare\u00bb \u00e8 condivisa. Per\u00f2, \u00ab\u00e8 inaccettabile pensare  di alzare l&#8217;et\u00e0 pensionabile\u00bb.<\/p>\n<p><b>Sul \u201ccortocircuito pensioni\u201d si sono concentrate le critiche delle opposizioni con il dem Francesco Boccia in prima fila: \u00ab\u00c8 la peggiore legge di Bilancio dalla fine degli anni Novanta, per qualit\u00e0 delle scelte, per metodo e per rispetto delle istituzioni, nata fragile e senza visione\u00bb<\/b>. Per Chiara Appendino del M5s \u00ab\u00e8 un film horror\u00bb. Mentre Angelo Bonelli (Avs) e Luigi Marattin (Ld) hanno preferito puntare ancora sul bersaglio \u201cfacile\u201d: \u00abGiorgetti \u00e8 stato commissariato da Borghi, ministro dell&#8217;Economia ombra\u00bb.<\/p>\n","protected":false},"excerpt":{"rendered":"Dopo il primo maxi- emendamento del Governo, deflagrato tra le mani della maggioranza, arriva la \u201cversione due\u201d, frutto&hellip;\n","protected":false},"author":3,"featured_media":272082,"comment_status":"","ping_status":"","sticky":false,"template":"","format":"standard","meta":{"footnotes":""},"categories":[6],"tags":[14,8,1537,90,89,7,15,82,9,83,10,13,11,80,84,12,81,85],"class_list":{"0":"post-272081","1":"post","2":"type-post","3":"status-publish","4":"format-standard","5":"has-post-thumbnail","7":"category-ultime-notizie","8":"tag-cronaca","9":"tag-headlines","10":"tag-it","11":"tag-italia","12":"tag-italy","13":"tag-news","14":"tag-notizie","15":"tag-notizie-di-cronaca","16":"tag-notizie-principali","17":"tag-notiziedicronaca","18":"tag-notizieprincipali","19":"tag-titoli","20":"tag-ultime-notizie","21":"tag-ultime-notizie-di-cronaca","22":"tag-ultime-notizie-e-news-di-oggi","23":"tag-ultimenotizie","24":"tag-ultimenotiziedicronaca","25":"tag-ultimenotizieenewsdioggi"},"share_on_mastodon":{"url":"https:\/\/pubeurope.com\/@it\/115761665989308839","error":""},"_links":{"self":[{"href":"https:\/\/www.europesays.com\/it\/wp-json\/wp\/v2\/posts\/272081","targetHints":{"allow":["GET"]}}],"collection":[{"href":"https:\/\/www.europesays.com\/it\/wp-json\/wp\/v2\/posts"}],"about":[{"href":"https:\/\/www.europesays.com\/it\/wp-json\/wp\/v2\/types\/post"}],"author":[{"embeddable":true,"href":"https:\/\/www.europesays.com\/it\/wp-json\/wp\/v2\/users\/3"}],"replies":[{"embeddable":true,"href":"https:\/\/www.europesays.com\/it\/wp-json\/wp\/v2\/comments?post=272081"}],"version-history":[{"count":0,"href":"https:\/\/www.europesays.com\/it\/wp-json\/wp\/v2\/posts\/272081\/revisions"}],"wp:featuredmedia":[{"embeddable":true,"href":"https:\/\/www.europesays.com\/it\/wp-json\/wp\/v2\/media\/272082"}],"wp:attachment":[{"href":"https:\/\/www.europesays.com\/it\/wp-json\/wp\/v2\/media?parent=272081"}],"wp:term":[{"taxonomy":"category","embeddable":true,"href":"https:\/\/www.europesays.com\/it\/wp-json\/wp\/v2\/categories?post=272081"},{"taxonomy":"post_tag","embeddable":true,"href":"https:\/\/www.europesays.com\/it\/wp-json\/wp\/v2\/tags?post=272081"}],"curies":[{"name":"wp","href":"https:\/\/api.w.org\/{rel}","templated":true}]}}