{"id":272487,"date":"2025-12-22T12:27:12","date_gmt":"2025-12-22T12:27:12","guid":{"rendered":"https:\/\/www.europesays.com\/it\/272487\/"},"modified":"2025-12-22T12:27:12","modified_gmt":"2025-12-22T12:27:12","slug":"tutti-gli-squalificati-per-la-17a-giornata-di-serie-a-saranno-11-gli-assenti-ecco-il-punto-e-i-casi","status":"publish","type":"post","link":"https:\/\/www.europesays.com\/it\/272487\/","title":{"rendered":"Tutti gli squalificati per la 17a giornata di Serie A: saranno 11 gli assenti, ecco il punto e i casi"},"content":{"rendered":"<p>Dopo un turno &#8220;ridotto&#8221; con sole 6 partite, la 17a giornata di Serie A sar\u00e0 di nuovo completa con 10 gare. E occhio agli squalificati dopo la 16a, \u00e8 il momento di fare chiarezza.<\/p>\n<p>Dopo un turno &#8220;ridotto&#8221; con sole 6 partite, la 17a giornata di Serie A sar\u00e0 di nuovo completa con 10 gare. E occhio agli squalificati dopo la 16a, \u00e8 il momento di fare chiarezza. Intanto ci sono due squalifiche arretrate, due stangate ancora da scontare: Mbala <strong>Nzola<\/strong> e Toma <strong>Basic<\/strong> salteranno anche la 17a giornata.<\/p>\n<p>Poi ci sono giocatori che salteranno la 17a giornata perch\u00e9 non sono scesi in campo alla 16a: si tratta di <strong>Heggem, Frese, Belghali e Gaspar<\/strong>, gli ultimi due sono anche in Coppa d&#8217;Africa e quindi non avrebbero giocato comunque. E si arriva poi alle novit\u00e0 del weekend: due i portieri espulsi, <strong>Leali<\/strong> e <strong>Okoye<\/strong>, che dunque non ci saranno alla 17a giornata. Il Genoa gioca contro la Roma, l&#8217;Udinese contro la Lazio.\u00a0Proprio contro i biancocelesti \u00e8 stato espulso <strong>Ceccherini<\/strong> all&#8217;ultima, mentre il difensore della Fiorentina <strong>Ranieri<\/strong> salter\u00e0 il Parma perch\u00e9 era diffidato ed \u00e8 stato ammonito contro l&#8217;Udinese. Nella Lazio invece c&#8217;\u00e8 la squalifica di <strong>Guendouzi<\/strong>, che era anche lui diffidato ed \u00e8 stato ammonito.<\/p>\n<p><b>SQUALIFICATI 17a GIORNATA <\/b>&#8211; Heggem, Frese, Belghali, Gaspar, Nzola, Basic, Leali, Okoye, Guendouzi, Ceccherini, Ranieri.<\/p>\n<p class=\"is-copyright\">\u00a9 RIPRODUZIONE RISERVATA<\/p>\n","protected":false},"excerpt":{"rendered":"Dopo un turno &#8220;ridotto&#8221; con sole 6 partite, la 17a giornata di Serie A sar\u00e0 di nuovo completa&hellip;\n","protected":false},"author":3,"featured_media":272488,"comment_status":"","ping_status":"","sticky":false,"template":"","format":"standard","meta":{"footnotes":"","_share_on_mastodon":"0"},"categories":[1452],"tags":[33587,29374,43259,160263,721,160264,6911,1072,160265,160266,99753,1740,59772,5183,1537,90,89,1821,1739,245,244,107640],"class_list":["post-272487","post","type-post","status-publish","format-standard","has-post-thumbnail","category-calcio","tag-ammonito","tag-basic","tag-belghali","tag-belghali-gaspar","tag-calcio","tag-ceccherini","tag-chiarezza","tag-completa","tag-completa-gare","tag-completa-gare-occhio","tag-diffidato","tag-football","tag-giornata-serie","tag-giornata","tag-it","tag-italia","tag-italy","tag-serie","tag-soccer","tag-sport","tag-sports","tag-squalificati"],"share_on_mastodon":{"url":"https:\/\/pubeurope.com\/@it\/115763219316699355","error":""},"_links":{"self":[{"href":"https:\/\/www.europesays.com\/it\/wp-json\/wp\/v2\/posts\/272487","targetHints":{"allow":["GET"]}}],"collection":[{"href":"https:\/\/www.europesays.com\/it\/wp-json\/wp\/v2\/posts"}],"about":[{"href":"https:\/\/www.europesays.com\/it\/wp-json\/wp\/v2\/types\/post"}],"author":[{"embeddable":true,"href":"https:\/\/www.europesays.com\/it\/wp-json\/wp\/v2\/users\/3"}],"replies":[{"embeddable":true,"href":"https:\/\/www.europesays.com\/it\/wp-json\/wp\/v2\/comments?post=272487"}],"version-history":[{"count":0,"href":"https:\/\/www.europesays.com\/it\/wp-json\/wp\/v2\/posts\/272487\/revisions"}],"wp:featuredmedia":[{"embeddable":true,"href":"https:\/\/www.europesays.com\/it\/wp-json\/wp\/v2\/media\/272488"}],"wp:attachment":[{"href":"https:\/\/www.europesays.com\/it\/wp-json\/wp\/v2\/media?parent=272487"}],"wp:term":[{"taxonomy":"category","embeddable":true,"href":"https:\/\/www.europesays.com\/it\/wp-json\/wp\/v2\/categories?post=272487"},{"taxonomy":"post_tag","embeddable":true,"href":"https:\/\/www.europesays.com\/it\/wp-json\/wp\/v2\/tags?post=272487"}],"curies":[{"name":"wp","href":"https:\/\/api.w.org\/{rel}","templated":true}]}}