{"id":272635,"date":"2025-12-22T14:28:13","date_gmt":"2025-12-22T14:28:13","guid":{"rendered":"https:\/\/www.europesays.com\/it\/272635\/"},"modified":"2025-12-22T14:28:13","modified_gmt":"2025-12-22T14:28:13","slug":"natale-e-il-caro-voli-le-rotte-creative-di-chi-torna-a-casa-da-milano-o-roma-a-bari-via-sofia-budapest-e-tirana-e-lunico-modo-per-risparmiare","status":"publish","type":"post","link":"https:\/\/www.europesays.com\/it\/272635\/","title":{"rendered":"Natale e il caro voli, le rotte creative di chi torna a casa: da Milano o Roma a Bari via Sofia, Budapest e Tirana. \u00ab\u00c8 l&#8217;unico modo per risparmiare\u00bb"},"content":{"rendered":"<p>    di<br \/>\n    Rosarianna Romano<\/p>\n<p class=\"summary-art is-line-h-12\">Il problema di tanti fuorisede per il periodo natalizio. Ma c&#8217;\u00e8 anche chi per andare a Roma prende un biglietto per Firenze e poi scende nella Capitale<\/p>\n<p class=\"chapter-paragraph\">Mancano pochi giorni a <b>Natale<\/b> e, per tanti <b>fuorisede<\/b>, questo momento dell\u2019anno coincide con il <b>rientro a casa<\/b>, per trascorrere le feste in famiglia. Ma, accanto a storie fatte di abbracci, tombolate e panettoni, ce ne sono altrettante caratterizzate, al contrario, dalla solitudine. Sono quelle di chi, per diversi motivi, non riesce a \u00abscendere\u00bb per questa data. Spesso a causa dell\u2019aumento dei costi di voli e treni, proprio nei giorni \u00abrossi\u00bb.\u00a0<\/p>\n<p>    Chi resta all&#8217;estero perch\u00e9 i voli costano troppo<\/p>\n<p class=\"chapter-paragraph\">\u00abA Natale non riesco a scendere. Vengo dalla provincia di Lecce, citt\u00e0 in cui mi sono laureata quest\u2019anno. Dopo la laurea mi sono trasferita in Spagna per lavoro. <b>Ho deciso, insieme alla mia famiglia, di non tornare per le feste perch\u00e9 i costi degli aerei sono troppo elevati<\/b>\u00bb, dice Aurora, 23enne di Borgagne. \u00abPer questo &#8211; aggiunge &#8211; trascorrer\u00f2 il Natale lontano. E torner\u00f2 in Puglia in un altro periodo, quando i prezzi saranno pi\u00f9 bassi. Anche perch\u00e9 vivo a <b>Santander<\/b>, nel nord della Spagna. Da qui non ci sono voli diretti verso l\u2019Italia. Verrebbe a costare troppo, perch\u00e9 dovrei prendere almeno tre aerei\u00bb.\u00a0    &#13;<br \/>\n&#13;<br \/>\n&#13;<br \/>\n&#13;<br \/>\n&#13;<br \/>\n&#13;<br \/>\n&#13;<br \/>\n&#13;<br \/>\n&#13;<br \/>\n&#13;<br \/>\n&#13;<br \/>\n&#13;<br \/>\n&#13;<br \/>\n&#13;<br \/>\n&#13;<br \/>\n&#13;<br \/>\n&#13;<br \/>\n&#13;<br \/>\n&#13;<br \/>\n&#13;<br \/>\n&#13;<br \/>\n&#13;<br \/>\n&#13;<br \/>\n&#13;<br \/>\n&#13;<br \/>\n&#13;<br \/>\n&#13;<br \/>\n&#13;<br \/>\n&#13;<br \/>\n&#13;<br \/>\n&#13;<br \/>\n&#13;<br \/>\n&#13;<br \/>\n&#13;<br \/>\n&#13;<br \/>\n&#13;<br \/>\n&#13;<br \/>\n&#13;<br \/>\n&#13;<br \/>\n&#13;<br \/>\n&#13;<br \/>\n&#13;<br \/>\n&#13;<br \/>\n&#13;<br \/>\n&#13;<br \/>\n&#13;<br \/>\n&#13;<br \/>\n&#13;<br \/>\n&#13;<br \/>\n&#13;<br \/>\n&#13;<br \/>\n&#13;<br \/>\n&#13;\n<\/p>\n<p class=\"chapter-paragraph\">Una decisione condivisa con sua madre Maria: \u00abAurora quest\u2019anno non ci sar\u00e0 per le feste \u2013 dice -. Ci vedremo in un altro momento. Ma compenseremo l\u2019assenza inviandole il classico \u201cpacco da gi\u00f9\u201d. Ci siamo attrezzati, riempendolo di tutto ci\u00f2 che pi\u00f9 le piace\u00bb. <b><a href=\"https:\/\/bari.corriere.it\/notizie\/cronaca\/25_dicembre_02\/caro-voli-per-andare-da-milano-a-bari-durante-le-feste-si-passa-da-sofia-e-c-e-chi-si-organizza-con-la-corriera-di-natale-8fc42c0d-afda-42b9-880f-e9814bb8dxlk.shtml\" title=\"Caro voli, per andare da Milano a Bari durante le feste si passa da Sofia. E c&#039;\u00e8 chi si organizza con la \u00abcorriera di Natale\u00bb\" rel=\"nofollow noopener\" target=\"_blank\">C\u2019\u00e8 chi, invece, ha trovato un modo per tornare, anche mettendoci pi\u00f9 di dieci ore di volo<\/a>, per una tratta che nella maggior parte dei casi non supera i 60 minuti di viaggio<\/b>.<\/p>\n<p>    Da Milano a Bari passando per Sofia, Tirana o Budapest<\/p>\n<p class=\"chapter-paragraph\">Per esempio, <b>per tornare a Bari da Milano<\/b> il 20 dicembre, una soluzione per risparmiare c\u2019era: scalo a <b>Sofia<\/b>, per un viaggio complessivo di 18 ore. <br \/>Oltre a fare tappa in un\u2019altra capitale europea (da <b>Tirana <\/b>a <b>Budapest<\/b>), in tanti, nel mese di dicembre, hanno optato per un\u2019altra \u00abstrategia\u00bb per non spendere una fortuna, sia per tornare a casa sia \u00abper salire per andare a trovare chi vive lontano da casa\u00bb.\u00a0<\/p>\n<p class=\"chapter-paragraph\">\u00abAvevo in programma di andare a trovare la mia ragazza che vive a Roma per motivi di lavoro. Volevo passare con lei il weekend dell\u2019Immacolata \u2013 dice Gabriele, 28enne barese -. <b>Ho notato che il volo diretto Bari-Roma costava molto. Costava meno prenotare il volo Bari-Firenze con scalo intermedio a Roma<\/b>. Ho prenotato questo e mi sono fermato a Roma. Bari-Firenze con scalo costava 80 euro. Bari-Roma diretto, invece, costava almeno il doppio, circa 200 euro\u00bb.\u00a0<\/p>\n<p>    La\u00a0\u00abcorriera di Natale\u00bb per cento fuorisede pugliesi<\/p>\n<p class=\"chapter-paragraph\">Nel frattempo, <a href=\"https:\/\/bari.corriere.it\/notizie\/cronaca\/25_dicembre_16\/caro-voli-dalla-puglia-parte-la-corriera-di-natale-per-milano-due-viaggi-gratis-per-unire-i-fuorisede-e-le-famiglie-cdd1cd2a-eacc-4890-9804-8b7f6848cxlk.shtml\" title=\"Caro voli, dalla Puglia parte la \u00abCorriera di Natale\u00bb per Milano: \u00abViaggio gratis per aiutare i fuorisede, c&#039;\u00e8 chi ha pianto perch\u00e9 non poteva permettersi un biglietto\u00bb\" rel=\"nofollow noopener\" target=\"_blank\">per cento fuorisede \u00e8 venuta in soccorso la \u00abcorriera di Natale\u00bb<\/a>, un progetto nato da un\u2019idea di Inchiostro di Puglia, la pi\u00f9 grande community di pugliesi arrivata a contare oltre 700 mila follower sui social. Dopo aver portato (gratis) a Milano una cinquantina di genitori pronti a riabbracciare i loro figli in Lombardia, domani, marted\u00ec 23 dicembre, \u00e8 il grande giorno: il ritorno della \u00abcorriera\u00bb in terra pugliese, con a bordo decine di fuorisede.<\/p>\n<p class=\"is-mr-t-20 is-mr-b-20\"><b><br \/>\n                    <a href=\"https:\/\/bari.corriere.it\/?intcmp=Notizielocali_nd_010623_corriere_ss_bari\" target=\"_blank\" rel=\"nofollow noopener\">Vai a tutte le notizie di Bari<\/a><br \/>\n            <\/b><\/p>\n<p class=\"chapter-paragraph\"><b><a href=\"https:\/\/www.corriere.it\/newsletter\/?theme=49&amp;intcmp=NL-artic_nd_050624_corriere_ss_mezzogior\" target=\"_blank\" rel=\"nofollow noopener\">Iscriviti alla newsletter del Corriere del Mezzogiorno Puglia<\/a><\/b><\/p>\n<p class=\"is-last-update\" datetime=\"2025-12-22T12:34:07+01:00\">22 dicembre 2025 ( modifica il 22 dicembre 2025 | 12:34)<\/p>\n<p class=\"is-copyright\">\n            \u00a9 RIPRODUZIONE RISERVATA\n        <\/p>\n","protected":false},"excerpt":{"rendered":"di Rosarianna Romano Il problema di tanti fuorisede per il periodo natalizio. Ma c&#8217;\u00e8 anche chi per andare&hellip;\n","protected":false},"author":3,"featured_media":272636,"comment_status":"","ping_status":"","sticky":false,"template":"","format":"standard","meta":{"footnotes":""},"categories":[79],"tags":[4112,839,2537,32,160381,6178,1682,160382,160383,160384,12933,392,148650,160385,97960,3524,14,93,94,1888,7085,724,1909,4845,2266,160386,160380,1537,90,89,28,6706,4050,7,15,1667,10898,987,19382,4849,5248,17089,1899,11,84,91,12,85,92,8700,4652],"class_list":{"0":"post-272635","1":"post","2":"type-post","3":"status-publish","4":"format-standard","5":"has-post-thumbnail","7":"category-italia","8":"tag-aerei","9":"tag-almeno","10":"tag-altra","11":"tag-andare","12":"tag-andare-trovare","13":"tag-aurora","14":"tag-bari","15":"tag-bari-firenze","16":"tag-bari-firenze-scalo","17":"tag-bari-roma","18":"tag-budapest","19":"tag-capitale","20":"tag-corriera","21":"tag-corriera-natale","22":"tag-costava","23":"tag-costi","24":"tag-cronaca","25":"tag-cronaca-italiana","26":"tag-cronacaitaliana","27":"tag-dicembre","28":"tag-diretto","29":"tag-euro","30":"tag-famiglia","31":"tag-feste","32":"tag-firenze","33":"tag-firenze-scalo","34":"tag-fuorisede","35":"tag-it","36":"tag-italia","37":"tag-italy","38":"tag-milano","39":"tag-motivi","40":"tag-natale","41":"tag-news","42":"tag-notizie","43":"tag-periodo","44":"tag-puglia","45":"tag-roma","46":"tag-scalo","47":"tag-sofia","48":"tag-tanti","49":"tag-tirana","50":"tag-tornare","51":"tag-ultime-notizie","52":"tag-ultime-notizie-e-news-di-oggi","53":"tag-ultime-notizie-italia","54":"tag-ultimenotizie","55":"tag-ultimenotizieenewsdioggi","56":"tag-ultimenotizieitalia","57":"tag-voli","58":"tag-volo"},"share_on_mastodon":{"url":"","error":"Validation failed: Text character limit of 500 exceeded"},"_links":{"self":[{"href":"https:\/\/www.europesays.com\/it\/wp-json\/wp\/v2\/posts\/272635","targetHints":{"allow":["GET"]}}],"collection":[{"href":"https:\/\/www.europesays.com\/it\/wp-json\/wp\/v2\/posts"}],"about":[{"href":"https:\/\/www.europesays.com\/it\/wp-json\/wp\/v2\/types\/post"}],"author":[{"embeddable":true,"href":"https:\/\/www.europesays.com\/it\/wp-json\/wp\/v2\/users\/3"}],"replies":[{"embeddable":true,"href":"https:\/\/www.europesays.com\/it\/wp-json\/wp\/v2\/comments?post=272635"}],"version-history":[{"count":0,"href":"https:\/\/www.europesays.com\/it\/wp-json\/wp\/v2\/posts\/272635\/revisions"}],"wp:featuredmedia":[{"embeddable":true,"href":"https:\/\/www.europesays.com\/it\/wp-json\/wp\/v2\/media\/272636"}],"wp:attachment":[{"href":"https:\/\/www.europesays.com\/it\/wp-json\/wp\/v2\/media?parent=272635"}],"wp:term":[{"taxonomy":"category","embeddable":true,"href":"https:\/\/www.europesays.com\/it\/wp-json\/wp\/v2\/categories?post=272635"},{"taxonomy":"post_tag","embeddable":true,"href":"https:\/\/www.europesays.com\/it\/wp-json\/wp\/v2\/tags?post=272635"}],"curies":[{"name":"wp","href":"https:\/\/api.w.org\/{rel}","templated":true}]}}