{"id":272692,"date":"2025-12-22T15:20:24","date_gmt":"2025-12-22T15:20:24","guid":{"rendered":"https:\/\/www.europesays.com\/it\/272692\/"},"modified":"2025-12-22T15:20:24","modified_gmt":"2025-12-22T15:20:24","slug":"gira-il-fentanyl-loppioide-50-volte-piu-potente-delleroina-che-fa-strage-negli-usa","status":"publish","type":"post","link":"https:\/\/www.europesays.com\/it\/272692\/","title":{"rendered":"\u201cGira il Fentanyl, l\u2019oppioide 50 volte pi\u00f9 potente dell\u2019eroina\u00a0che fa\u00a0strage negli Usa\u201d"},"content":{"rendered":"<p>Modena, 22 dicembre 2025 \u2013 E\u2019 arrivato<strong> <\/strong>anche nella nostra citt\u00e0 seppur, per il momento, in quantit\u00e0 limitate. La <strong>Regione Emilia Romagna,<\/strong> per\u00f2, \u00e8 gi\u00e0 pronta a \u2018combattere\u2019 il fenomeno. Parliamo del<strong> Fentanyl<\/strong>, potente oppioide sintetico finito sotto i riflettori internazionali per la sua presenza sui mercati illegali in diverse forme, liquide e in polvere. Il Fentanyl \u00e8 <strong>50 volte pi\u00f9 potente dell\u2019eroina <\/strong>e pu\u00f2 avere conseguenze letali: viene definito <strong>\u201cdroga degli zombie\u201d<\/strong> ed \u00e8 nato come farmaco usato nella terapia del dolore.<\/p>\n<p>Il\u00a0monitoraggio attivato in Emilia-Romagna <\/p>\n<p>Via via il consumo ha iniziato a dilagare negli Stati Uniti, dove si iniziano a contare numerose vittime di overdose. Seppur in Europa ancora non sia un\u2019emergenza, iniziano ad emergere i primi assuntori. Dal <strong>monitoraggio attivato in Emilia-Romagna <\/strong>tra ottobre 2024 e gennaio 2025 emerge, su oltre 12mila screening eseguiti dalle Ausl di<strong> Piacenza, Parma, Reggio Emilia, Modena, Bologna, Imola, Ferrara e della Romagna<\/strong>, i soggetti positivi sono stati 16, pari allo 0,2%\u201c. Prevalentemente maschi (12 su 16), con un\u2019et\u00e0 media di 45,2 anni e gi\u00e0 utilizzatori di altre droghe. Un consumo limitato, dunque ma che potrebbe esplodere. Per questo l\u2019Emilia-Romagna ha messo a punto un<strong> piano strategico da far scattare nel caso di diffusione <\/strong>sul territorio regionale del Fentanyl, con l\u2019obiettivo di non farsi trovare impreparati. Il documento sul piano strategico \u00e8 stato approvato nell\u2019ultima seduta e prevede il coinvolgimento a pi\u00f9 livelli di tutte le strutture sanitarie di prevenzione e assistenza.<\/p>\n<p> <img alt=\"1396179687\" loading=\"lazy\" width=\"3864\" height=\"2576\" decoding=\"async\" data-nimg=\"1\" style=\"color:transparent;max-width:100%;height:auto\"   src=\"https:\/\/www.europesays.com\/it\/wp-content\/uploads\/2025\/12\/1396179687.webp\"\/><\/p>\n<p>Il Fentanyl, la cosiddetta droga degli zombie pu\u00f2 presentarsi anche sotto forma di pasticche (foto generica)<\/p>\n<p>In Europa la presenza del Fentanyl sui mercati illegali sta aumentando <\/p>\n<p>L\u2019esigenza<strong> <\/strong>di disporlo si lega al fatto che anche i<strong>n Europa la presenza del Fentanyl sui mercati illegali sta aumentando<\/strong> negli ultimi anni in maniera significativa. Allo scopo di non abbassare la guardia, la Regione manterr\u00e0 attivo il monitoraggio in maniera costante per verificare eventuali aumenti della presenza del Fentanyl e, nel caso di emergenza<strong>, il piano \u00e8 pronto a entrare in azione:<\/strong> saranno coinvolti i SerDP (i servizi per le dipendenze), le unit\u00e0 di strada (per un\u2019osservazione sul campo e la messa in pratica di azioni di riduzione del danno), la rete di Emergenza-Urgenza, il Centro regionale antidoti, le farmacie, i Laboratori clinici regionali fino agli istituti penitenziari. Nell\u2019uomo pu\u00f2 causare sedazione, confusione mentale, vomito, vertigini fino a sintomi potenzialmente letali come la depressione respiratoria, l\u2019incoscienza e il coma.<\/p>\n","protected":false},"excerpt":{"rendered":"Modena, 22 dicembre 2025 \u2013 E\u2019 arrivato anche nella nostra citt\u00e0 seppur, per il momento, in quantit\u00e0 limitate.&hellip;\n","protected":false},"author":3,"featured_media":272693,"comment_status":"","ping_status":"","sticky":false,"template":"","format":"standard","meta":{"footnotes":""},"categories":[175],"tags":[2271,10846,69346,115073,56854,239,1537,90,89,160423,10732,15773,240,11990,117312],"class_list":{"0":"post-272692","1":"post","2":"type-post","3":"status-publish","4":"format-standard","5":"has-post-thumbnail","7":"category-salute","8":"tag-allarme","9":"tag-droga","10":"tag-eroina","11":"tag-fentanyl","12":"tag-gira","13":"tag-health","14":"tag-it","15":"tag-italia","16":"tag-italy","17":"tag-oppioide","18":"tag-piu","19":"tag-potente","20":"tag-salute","21":"tag-strage","22":"tag-zombie"},"share_on_mastodon":{"url":"https:\/\/pubeurope.com\/@it\/115763899565877397","error":""},"_links":{"self":[{"href":"https:\/\/www.europesays.com\/it\/wp-json\/wp\/v2\/posts\/272692","targetHints":{"allow":["GET"]}}],"collection":[{"href":"https:\/\/www.europesays.com\/it\/wp-json\/wp\/v2\/posts"}],"about":[{"href":"https:\/\/www.europesays.com\/it\/wp-json\/wp\/v2\/types\/post"}],"author":[{"embeddable":true,"href":"https:\/\/www.europesays.com\/it\/wp-json\/wp\/v2\/users\/3"}],"replies":[{"embeddable":true,"href":"https:\/\/www.europesays.com\/it\/wp-json\/wp\/v2\/comments?post=272692"}],"version-history":[{"count":0,"href":"https:\/\/www.europesays.com\/it\/wp-json\/wp\/v2\/posts\/272692\/revisions"}],"wp:featuredmedia":[{"embeddable":true,"href":"https:\/\/www.europesays.com\/it\/wp-json\/wp\/v2\/media\/272693"}],"wp:attachment":[{"href":"https:\/\/www.europesays.com\/it\/wp-json\/wp\/v2\/media?parent=272692"}],"wp:term":[{"taxonomy":"category","embeddable":true,"href":"https:\/\/www.europesays.com\/it\/wp-json\/wp\/v2\/categories?post=272692"},{"taxonomy":"post_tag","embeddable":true,"href":"https:\/\/www.europesays.com\/it\/wp-json\/wp\/v2\/tags?post=272692"}],"curies":[{"name":"wp","href":"https:\/\/api.w.org\/{rel}","templated":true}]}}