{"id":272752,"date":"2025-12-22T16:11:20","date_gmt":"2025-12-22T16:11:20","guid":{"rendered":"https:\/\/www.europesays.com\/it\/272752\/"},"modified":"2025-12-22T16:11:20","modified_gmt":"2025-12-22T16:11:20","slug":"la-gialappas-e-radio-popolare-ci-trattavano-da-cretini-e-avevano-ragione-tanti-calciatori-erano-delatori-ci-segnalavano-le-papere-di-zenga-e-fontolan","status":"publish","type":"post","link":"https:\/\/www.europesays.com\/it\/272752\/","title":{"rendered":"La Gialappa&#8217;s e Radio Popolare: \u00abCi trattavano da cretini e avevano ragione\u00bb. \u00abTanti calciatori erano delatori: ci segnalavano le papere di Zenga e Fontolan\u00bb"},"content":{"rendered":"<p>    di<br \/>\n    Rosanna Scardi<\/p>\n<p class=\"summary-art is-line-h-12\">Marco Santin e Giorgio Gherarducci si incontrarono nelle sale della mitica emittente della sinistra milanese che compie 50 anni: \u00abSiamo stati querelati da Cesare Previti e dal pugile Tonino Puddu, ma abbiamo vinto\u00bb. \u00abIo ero nel traghetto da cui evase Vallanzasca, temetti di passare per complice\u00bb<\/p>\n<p class=\"chapter-paragraph\"><b>\u00abNoi eravamo i reprobi, ci guardavano con sufficienza<\/b>, perch\u00e9 non discutevano di grandi temi, ma di cavolate.<b> <\/b>Per fortuna, quando andavamo in onda, la domenica a tarda sera, non incontravamo molti colleghi\u2026\u00bb. A parlare \u00e8 <b>Marco Santin <\/b>che, con <b>Giorgio Gherarducci<\/b> e Carlo Taranto (quest\u2019ultimo ha lasciato il trio), ha fondat<b>o la Gialappa\u2019s band<\/b>, la cui gavetta \u00e8 iniziata a <a href=\"https:\/\/milano.corriere.it\/notizie\/cronaca\/25_dicembre_12\/milano-i-primi-50-anni-di-radio-popolare-la-diretta-dal-g8-di-genova-la-morte-di-fausto-e-iaio-l-intervista-a-mambro-questo-0966fa05-2a1c-42ba-88ad-de8f2f6c6xlk.shtml\" rel=\"nofollow noopener\" target=\"_blank\">Radio Popolare<\/a>, l\u2019emittente milanese che, il 24 dicembre, spegne <a href=\"https:\/\/milano.corriere.it\/notizie\/cronaca\/25_ottobre_08\/milano-radio-popolare-compie-50-anni-dalla-bagarre-in-diretta-alla-scala-alle-telefonate-non-filtrate-siamo-una-grande-famiglia-229c057b-3875-40b1-8010-fc9e93c58xlk.shtml\" rel=\"nofollow noopener\" target=\"_blank\">cinquanta candeline<\/a>.<b> <\/b>I padri fondatori appartengono ai sindacati Fim, Fiol, Uil, e a Lotta Continua, Autonomia Operaia e Pdup. Le intuizioni brillanti, tuttavia, non sono solo sul versante sociopolitico:<b>  \u00abBar Sport\u00bb<\/b>, nella seconda met\u00e0 degli anni \u201980, \u00e8 un vero fenomeno che dar\u00e0 poi vita al trio comico.<\/p>\n<p class=\"chapter-paragraph\"><b>Vi sentite ancora parte di questa grande famiglia?<\/b><br \/>Santin: \u00abBisogna dare a Radio Popolare quel che \u00e8 di Radio Popolare.\u00a0\u00c8 stato bellissimo per noi iniziare l\u00ec, da illustri sconosciuti, con libert\u00e0 di parola\u00bb.<br \/>Gherarducci: \u00abNon eravamo molto amati, eravamo un po\u2019 i cretini del gruppo. E avevano ragione. A chi si dedicava all\u2019impegno politico e sociale facevamo storcere il naso. Ma sono fiero di averne fatto parte, non lo nascondo come fa, ad esempio, Michele Cucuzza. Quando Aldo Grasso \u00e8 stato direttore dei programmi di Radio Rai c\u2019\u00e8 stato un piano occupato da transfughi di Radio Popolare. Da l\u00ec provengono Giorgio Lauro di Un giorno da pecora, Sergio Ferrentino e Massimo Cirri di Caterpillar\u00bb.    &#13;<br \/>\n&#13;<br \/>\n&#13;<br \/>\n&#13;<br \/>\n&#13;<br \/>\n&#13;<br \/>\n&#13;<br \/>\n&#13;<br \/>\n&#13;<br \/>\n&#13;<br \/>\n&#13;<br \/>\n&#13;<br \/>\n&#13;<br \/>\n&#13;<br \/>\n&#13;<br \/>\n&#13;<br \/>\n&#13;<br \/>\n&#13;<br \/>\n&#13;<br \/>\n&#13;<br \/>\n&#13;<br \/>\n&#13;<br \/>\n&#13;<br \/>\n&#13;<br \/>\n&#13;<br \/>\n&#13;<br \/>\n&#13;<br \/>\n&#13;<br \/>\n&#13;<br \/>\n&#13;<br \/>\n&#13;<br \/>\n&#13;<br \/>\n&#13;<br \/>\n&#13;<br \/>\n&#13;<br \/>\n&#13;<br \/>\n&#13;<br \/>\n&#13;<br \/>\n&#13;<br \/>\n&#13;<br \/>\n&#13;<br \/>\n&#13;<br \/>\n&#13;<br \/>\n&#13;<br \/>\n&#13;<br \/>\n&#13;<br \/>\n&#13;<br \/>\n&#13;<br \/>\n&#13;<br \/>\n&#13;<br \/>\n&#13;<br \/>\n&#13;<br \/>\n&#13;\n<\/p>\n<p class=\"chapter-paragraph\"><b>Come nasce \u00abBar Sport\u00bb?<\/b><br \/>Gherarducci: \u00abCarlo (Taranto) conosceva uno dei conduttori e lo tampin\u00f2 per poter intervenire. Era un programma che si faceva gratis, dovevi avere un altro lavoro. Io allora studiavo alla Bocconi. Furono determinanti una mia telefonata divertente e il lavoro che mi aveva trovato pap\u00e0, che faceva il giornalista del Corriere della Sera: la domenica a San Siro battevo a macchina i comunicati stampa per i giornalisti. Tutto questo mi apr\u00ec le porte per un provino\u00bb.  <br \/>Santin: \u00abIo, invece, ammetto di non aver mai ascoltato una puntata di Bar Sport. Avevo fatto qualcosa in alcune radioline di quartiere, dove mettevo i dischi con gli amici. Era settembre del 1985 e stavo facendo il servizio civile e un corso per programmatore di pc in un ufficio in centro a Milano. Serviva un interista e Gherarducci mi chiam\u00f2 per la prova\u2026\u00bb.<\/p>\n<p class=\"chapter-paragraph\"><b>La formula, vincente, \u00e8 quella del bar dove si commenta con ironia e leggerezza. <\/b><br \/>Gherarducci: \u00abVolevamo rendere il mondo del calcio meno serio. In Rai ci avvisarono che il calcio in Italia \u00e8 una religione e che non si sputa sul sagrato. La nostra missione \u00e8, quindi, clamorosamente fallita. Il calcio si prende troppo sul serio\u00bb.<\/p>\n<p class=\"chapter-paragraph\"><b>Avete incrociato in radio personaggi importanti?<\/b><br \/>Santin: \u00abEra molto difficile, per l\u2019orario di messa in onda, dalle 23 a mezzanotte e mezza\u00bb.<br \/>Gherarducci: \u00abPer\u00f2 io mi presi uno spavento: il 18 luglio del 1987 ero sullo stesso traghetto,  partito da Genova per Porto Torres, dal cui obl\u00f2 evase Renato Vallanzasca che avrebbe dovuto essere condotto nel carcere di Nuoro; quando lo ritrovarono, a Gorizia, aveva i documenti di un giornalista di Radio Popolare, Fabio Poletti. Temevo che potessero collegarmi alla sua evasione\u2026\u00bb.<\/p>\n<p class=\"chapter-paragraph\">\u00ab<b>Bar Sport<\/b>\u00bb<b> ha proseguito fino agli Europei del 1988, nel frattempo era arrivata la chiamata da Mediaset. <\/b><br \/>Santin: \u00abPrima siamo stati semi-autori, ricercatori di filmati e montatori per Un fantastico tragico venerd\u00ec con Paolo Villaggio e Carmen Russo; poi autori per Drive in ed Emilio. Finch\u00e9 \u00e8 iniziata la lunga serie di format dal titolo Mai dire&#8230;, a partire da Mai dire Banzai nel 1989\u00bb.<br \/>Gherarducci: \u00abIn fondo, Bar Sport \u00e8 stato un Mai dire gol radiofonico. Marco ha inventato anche il nome Gialappa\u2019s<b> <\/b>band:<b> <\/b>gialappa \u00e8 una pianta messicana dal cui tubero si ricava un lassativo per cavalli. Una scelta non casuale: durante i Mondiali del 1986 in Messico si verificarono numerosi casi di calciatori con problemi intestinali\u00bb.<\/p>\n<p class=\"chapter-paragraph\"><b>In tv avete portato l\u2019idea del microfono aperto, senza mediazioni, n\u00e9 filtri. <\/b><br \/>Santin: \u00abUn\u2019idea copiata da Crozza con la voce fuoricampo di Andrea Zalone. Diversamente non avremmo potuto fare, non siamo attori. La nostra abilit\u00e0 \u00e8 commentare filmati o cose montate apposta\u00bb.<\/p>\n<p class=\"chapter-paragraph\"><b>Risate e parodie che non tutti hanno preso bene.<\/b><br \/>Santin: \u00abLe querele per\u00f2 sono state molto meno di quello che ci aspettavamo. Cesare Previti ci denunci\u00f2 per un servizio di Fabio De Luigi, in cui, fingendosi \u201ciena\u201d, andava<b> <\/b>a citofonare alla sua villa per chiedergli di un articolo. Ha perso ed \u00e8 stato condannato a pagare le spese processuali\u00bb.<br \/>Gherarducci: \u00abUn pugile degli anni \u201970, Tonino Puddu, prov\u00f2 a farci causa per uno sketch con Bisio nei panni del pugile pavido Lino Puddu. La scelta del nome era casuale, il giudice archivi\u00f2\u00bb.<\/p>\n<p class=\"chapter-paragraph\"><b>I calciatori come la prendevano?<\/b><br \/><b> <\/b>Santin: \u00abCi aspettavamo che ci tagliassero la gola. Invece, dopo essere stati presi di mira, erano loro a segnalarci azioni o a dirci che in una tale intervista Fontolan o Zenga avevano sbagliato un verbo. Si divertivano come matti\u00bb.<br \/>Gherarducci: \u00abSono stati delatori. A divertirsi meno \u00e8 stato qualche allenatore e presidente\u2026\u00bb.<\/p>\n<p class=\"chapter-paragraph\"><b>E la prossima volta dove vi vedremo?<\/b><br \/>Santin: \u00abLuned\u00ec 22, alle 21.30, andr\u00e0 in onda su TV8 il secondo best of del GialappaShow che torner\u00e0 in primavera. Gialappa\u2019s night invece torner\u00e0 il 21 e 28 gennaio con gli ultimi due turni del girone di Champions League, in seconda serata, dopo le partite. Il 23 gennaio \u00e8 in programma Red Carpet, lo show condotto da Alessia Marcuzzi e commentato da noi. Insomma, l\u2019avventura continua\u00bb.<\/p>\n<p class=\"is-mr-t-20 is-mr-b-20\"><b><br \/>\n                    <a href=\"https:\/\/milano.corriere.it\/?intcmp=Notizielocali_nd_010623_corriere_ss_milano\" target=\"_blank\" rel=\"nofollow noopener\">Vai a tutte le notizie di Milano<\/a><br \/>\n            <\/b><\/p>\n<p class=\"chapter-paragraph\"><b><a href=\"https:\/\/www.corriere.it\/newsletter\/?theme=41&amp;intcmp=IIIcolonna_NL_CorMilano\" target=\"_blank\" rel=\"nofollow noopener\">Iscriviti alla newsletter di Corriere Milano<\/a><\/b><\/p>\n<p class=\"is-last-update\" datetime=\"2025-12-22T14:05:09+01:00\">22 dicembre 2025<\/p>\n<p class=\"is-copyright\">\n            \u00a9 RIPRODUZIONE RISERVATA\n        <\/p>\n","protected":false},"excerpt":{"rendered":"di Rosanna Scardi Marco Santin e Giorgio Gherarducci si incontrarono nelle sale della mitica emittente della sinistra milanese&hellip;\n","protected":false},"author":3,"featured_media":272753,"comment_status":"","ping_status":"","sticky":false,"template":"","format":"standard","meta":{"footnotes":""},"categories":[1443],"tags":[39637,7461,1585,12384,50416,1952,721,2387,160480,65661,15061,160481,5206,934,134928,160482,160483,1112,12656,203,160484,15504,44466,160485,2614,160478,160486,160487,39220,52297,7824,160488,4348,128,1912,204,1537,90,89,1914,4047,52290,160489,544,1538,1539,1693,9167,13121,40352,160490,897,160479,25257,160491,160492,4061,94856,12020,2848,52284,160493,160494,1360,2521,13287,24414,669,245,10960,9144,160495,29376,36297,102737,83509],"class_list":{"0":"post-272752","1":"post","2":"type-post","3":"status-publish","4":"format-standard","5":"has-post-thumbnail","7":"category-musica","8":"tag-aspettavamo","9":"tag-autori","10":"tag-band","11":"tag-bar","12":"tag-bar-sport","13":"tag-calciatori","14":"tag-calcio","15":"tag-carlo","16":"tag-carlo-taranto","17":"tag-casuale","18":"tag-cesare","19":"tag-cesare-previti","20":"tag-condotto","21":"tag-continua","22":"tag-cretini","23":"tag-cretini-ragione","24":"tag-delatori","25":"tag-domenica","26":"tag-emittente","27":"tag-entertainment","28":"tag-evase","29":"tag-fabio","30":"tag-filmati","31":"tag-fontolan","32":"tag-gennaio","33":"tag-gherarducci","34":"tag-gherarducci-carlo","35":"tag-gherarducci-carlo-taranto","36":"tag-gialappa","37":"tag-gialappa-band","38":"tag-giorgio","39":"tag-giorgio-gherarducci","40":"tag-giornalista","41":"tag-idea","42":"tag-iniziata","43":"tag-intrattenimento","44":"tag-it","45":"tag-italia","46":"tag-italy","47":"tag-li","48":"tag-marco","49":"tag-marco-santin","50":"tag-marco-santin-giorgio","51":"tag-milanese","52":"tag-music","53":"tag-musica","54":"tag-nome","55":"tag-onda","56":"tag-popolare","57":"tag-presi","58":"tag-previti","59":"tag-programma","60":"tag-puddu","61":"tag-pugile","62":"tag-pugile-tonino","63":"tag-pugile-tonino-puddu","64":"tag-radio","65":"tag-radio-popolare","66":"tag-ragione","67":"tag-rai","68":"tag-santin","69":"tag-santin-giorgio","70":"tag-santin-giorgio-gherarducci","71":"tag-scelta","72":"tag-seconda","73":"tag-sera","74":"tag-serio","75":"tag-servizio","76":"tag-sport","77":"tag-taranto","78":"tag-tonino","79":"tag-tonino-puddu","80":"tag-tornera","81":"tag-traghetto","82":"tag-trio","83":"tag-vallanzasca"},"share_on_mastodon":{"url":"","error":"Validation failed: Text character limit of 500 exceeded"},"_links":{"self":[{"href":"https:\/\/www.europesays.com\/it\/wp-json\/wp\/v2\/posts\/272752","targetHints":{"allow":["GET"]}}],"collection":[{"href":"https:\/\/www.europesays.com\/it\/wp-json\/wp\/v2\/posts"}],"about":[{"href":"https:\/\/www.europesays.com\/it\/wp-json\/wp\/v2\/types\/post"}],"author":[{"embeddable":true,"href":"https:\/\/www.europesays.com\/it\/wp-json\/wp\/v2\/users\/3"}],"replies":[{"embeddable":true,"href":"https:\/\/www.europesays.com\/it\/wp-json\/wp\/v2\/comments?post=272752"}],"version-history":[{"count":0,"href":"https:\/\/www.europesays.com\/it\/wp-json\/wp\/v2\/posts\/272752\/revisions"}],"wp:featuredmedia":[{"embeddable":true,"href":"https:\/\/www.europesays.com\/it\/wp-json\/wp\/v2\/media\/272753"}],"wp:attachment":[{"href":"https:\/\/www.europesays.com\/it\/wp-json\/wp\/v2\/media?parent=272752"}],"wp:term":[{"taxonomy":"category","embeddable":true,"href":"https:\/\/www.europesays.com\/it\/wp-json\/wp\/v2\/categories?post=272752"},{"taxonomy":"post_tag","embeddable":true,"href":"https:\/\/www.europesays.com\/it\/wp-json\/wp\/v2\/tags?post=272752"}],"curies":[{"name":"wp","href":"https:\/\/api.w.org\/{rel}","templated":true}]}}