{"id":272975,"date":"2025-12-22T19:16:11","date_gmt":"2025-12-22T19:16:11","guid":{"rendered":"https:\/\/www.europesays.com\/it\/272975\/"},"modified":"2025-12-22T19:16:11","modified_gmt":"2025-12-22T19:16:11","slug":"il-saluto-di-endrick-ai-compagni-del-real-madrid","status":"publish","type":"post","link":"https:\/\/www.europesays.com\/it\/272975\/","title":{"rendered":"il saluto di Endrick ai compagni del Real Madrid\u00a0"},"content":{"rendered":"<p>Endrick \u00e8 ormai a un passo dal Lione. Il brasiliano lascer\u00e0 il Real Madrid in prestito durante la sessione invernale di mercato con l&#8217;obiettivo di recuperare minuti e continuit\u00e0 per p\u00e8untare alla convocazione di Ancelotti al Mondiale. Secondo quanto riportato da Defensa Central, il classe 2006 avrebbe gi\u00e0 salutato i propri compagni: &#8220;\u00c8 stato un piacere trascorrere questo tempo con voi, spero che vinciate la Liga e la Champions. Io lo celebrer\u00f2&#8221;. Le indiscrezioni parlano di un Endrick visibilmente commosso e dispiaciuto per lasciare i Blancos, ma allo stesso tempo consapevole che questo passaggio sia pi\u00f9 che mai necessario per la sua crescita.\u00a0<\/p>\n","protected":false},"excerpt":{"rendered":"Endrick \u00e8 ormai a un passo dal Lione. Il brasiliano lascer\u00e0 il Real Madrid in prestito durante la&hellip;\n","protected":false},"author":3,"featured_media":272976,"comment_status":"","ping_status":"","sticky":false,"template":"","format":"standard","meta":{"footnotes":""},"categories":[1452],"tags":[721,1740,1537,90,89,1739,245,244],"class_list":{"0":"post-272975","1":"post","2":"type-post","3":"status-publish","4":"format-standard","5":"has-post-thumbnail","7":"category-calcio","8":"tag-calcio","9":"tag-football","10":"tag-it","11":"tag-italia","12":"tag-italy","13":"tag-soccer","14":"tag-sport","15":"tag-sports"},"share_on_mastodon":{"url":"https:\/\/pubeurope.com\/@it\/115764827607116927","error":""},"_links":{"self":[{"href":"https:\/\/www.europesays.com\/it\/wp-json\/wp\/v2\/posts\/272975","targetHints":{"allow":["GET"]}}],"collection":[{"href":"https:\/\/www.europesays.com\/it\/wp-json\/wp\/v2\/posts"}],"about":[{"href":"https:\/\/www.europesays.com\/it\/wp-json\/wp\/v2\/types\/post"}],"author":[{"embeddable":true,"href":"https:\/\/www.europesays.com\/it\/wp-json\/wp\/v2\/users\/3"}],"replies":[{"embeddable":true,"href":"https:\/\/www.europesays.com\/it\/wp-json\/wp\/v2\/comments?post=272975"}],"version-history":[{"count":0,"href":"https:\/\/www.europesays.com\/it\/wp-json\/wp\/v2\/posts\/272975\/revisions"}],"wp:featuredmedia":[{"embeddable":true,"href":"https:\/\/www.europesays.com\/it\/wp-json\/wp\/v2\/media\/272976"}],"wp:attachment":[{"href":"https:\/\/www.europesays.com\/it\/wp-json\/wp\/v2\/media?parent=272975"}],"wp:term":[{"taxonomy":"category","embeddable":true,"href":"https:\/\/www.europesays.com\/it\/wp-json\/wp\/v2\/categories?post=272975"},{"taxonomy":"post_tag","embeddable":true,"href":"https:\/\/www.europesays.com\/it\/wp-json\/wp\/v2\/tags?post=272975"}],"curies":[{"name":"wp","href":"https:\/\/api.w.org\/{rel}","templated":true}]}}