{"id":273212,"date":"2025-12-22T22:34:17","date_gmt":"2025-12-22T22:34:17","guid":{"rendered":"https:\/\/www.europesays.com\/it\/273212\/"},"modified":"2025-12-22T22:34:17","modified_gmt":"2025-12-22T22:34:17","slug":"checco-zalone-ho-due-figlie-e-mi-sembra-di-parlare-una-lingua-diversa-buen-camino-e-il-viaggio-di-un-uomo-che-impara-a-essere-padre-si-ci-aspettiamo-di-fare-tanti-soldi","status":"publish","type":"post","link":"https:\/\/www.europesays.com\/it\/273212\/","title":{"rendered":"Checco Zalone: \u00abHo due figlie e mi sembra di parlare una lingua diversa: Buen Camino \u00e8 il viaggio di un uomo che impara a essere padre. S\u00ec, ci aspettiamo di fare tanti soldi\u00bb"},"content":{"rendered":"<p><img decoding=\"async\" alt=\"Checco Zalone in Buen Camino\" loading=\"lazy\" class=\"ResponsiveImageContainer-eNxvmU cfBbTk responsive-image__image\"   src=\"https:\/\/www.europesays.com\/it\/wp-content\/uploads\/2025\/12\/Buen%20Camino.jpg\"\/><\/p>\n<p>Philippe Antonello<\/p>\n<p>Una sorta di pressione simile a quella che Zalone potrebbe provare in questo momento viste le grandi aspettative che riversano su Buen Camino, anche se la vendita delle prevedenti del film sembra dare una visione gi\u00e0 molto rosea. \u00ab<strong>S\u00ec, ci aspettiamo di fare molti soldi<\/strong>\u00bb, ammette Zalone senza spocchia, ma con estrema onest\u00e0. \u00abPer\u00f2, quello che ci dicono i produttori, \u00e8 che se incassiamo bene noi, in realt\u00e0, va bene a tutto il comparto. Perci\u00f2, se le prevendite continuano a vendere cos\u00ec, il 26 dicembre <a href=\"https:\/\/www.vanityfair.it\/article\/avatar-fuoco-e-cenere-film-curiosita\" rel=\"nofollow noopener\" target=\"_blank\">James Cameron<\/a> si dovrebbe svegliare e chiedersi: chi \u00e8 questo Checco?\u00bb. Ci si domanda anche come il pubblico potrebbe reagire <strong>a una certa comicit\u00e0 scorretta del film<\/strong>, con battute su Schindler&#8217;s List, Gaza e l\u201911 settembre.<\/p>\n<p>\u00abI romanzi di formazione partono da dei presupposti\u00bb, comincia Nunziante. \u00abIl cattivo tenente di Abel Ferrara, se esci dalla sala dieci minuti dall\u2019inizio, ti lascia l&#8217;idea che lui \u00e8 una merda terrificante. Ma bisogna aspettare i finali, la differenza \u00e8 tutta l\u00ec. <strong>Nella commedia italiana \u00e8 ci\u00f2 che fa tutta la differenza<\/strong>. Un protagonista italiano rimane lo stesso dall\u2019inizio alla fine? Facciamo un favore agli americani. Cambia? <strong>Allora l\u2019obiettivo \u00e8 raggiunto<\/strong>. I nostri film hanno sempre raccontato questo. La differenza sta in un uomo che prendiamo dalla sua miseria e che vediamo poi crescere\u00bb.<\/p>\n<p>Buen Camino riuscir\u00e0 a conquistare un pubblico giovane?<\/p>\n<p><strong>\u00abIo sostengo che invece di lamentarsi del politicamente corretto bisogna essere intelligentemente scorretti<\/strong>, quindi non avverto questo problema\u00bb, si allaccia Zalone sul tema della comicit\u00e0. \u00abLa cosa che realmente mi spaventa \u00e8 che reazione potr\u00e0 avere il pubblico pi\u00f9 giovane perch\u00e9, se penso a mia figlia, non riesce a stare attenta a un contenuto che dura pi\u00f9 di quaranta secondi. Mi domando come i giovani <strong>possano reggere una commedia di un\u2019ora e mezza al cinema<\/strong>. Vediamo come questa fascia di pubblico reagir\u00e0. Se i bambini di oggi sembrano conoscermi \u00e8 perch\u00e9 credo che vedano i miei spezzoni su Instagram e TikTok. Ma per me l\u2019importante \u00e8 mantenere di fondo la drammaturgia di un racconto\u00bb.<\/p>\n<p>Sulle parole del produttore <strong>Pietro Valsecchi<\/strong> che, intervistato dal Corriere, ha raccontato che Checco Zalone era preoccupato dell\u2019opinione di una certa \u201cintellighenzia di sinistra\u201d, il comico ha risposto semplicemente: \u00ab<strong>Gli voglio bene<\/strong>\u00bb. Non resta perci\u00f2 che aspettare il <strong>25 dicembre<\/strong> per vedere che risultati porter\u00e0 Buen Camino al cinema italiano, con un rilascio di circa mille copie della pellicola distribuite su tutto il territorio.<\/p>\n","protected":false},"excerpt":{"rendered":"Philippe Antonello Una sorta di pressione simile a quella che Zalone potrebbe provare in questo momento viste le&hellip;\n","protected":false},"author":3,"featured_media":273213,"comment_status":"","ping_status":"","sticky":false,"template":"","format":"standard","meta":{"footnotes":""},"categories":[174],"tags":[12059,203,204,1537,90,89],"class_list":{"0":"post-273212","1":"post","2":"type-post","3":"status-publish","4":"format-standard","5":"has-post-thumbnail","7":"category-intrattenimento","8":"tag-checco-zalone","9":"tag-entertainment","10":"tag-intrattenimento","11":"tag-it","12":"tag-italia","13":"tag-italy"},"share_on_mastodon":{"url":"https:\/\/pubeurope.com\/@it\/115765607024507035","error":""},"_links":{"self":[{"href":"https:\/\/www.europesays.com\/it\/wp-json\/wp\/v2\/posts\/273212","targetHints":{"allow":["GET"]}}],"collection":[{"href":"https:\/\/www.europesays.com\/it\/wp-json\/wp\/v2\/posts"}],"about":[{"href":"https:\/\/www.europesays.com\/it\/wp-json\/wp\/v2\/types\/post"}],"author":[{"embeddable":true,"href":"https:\/\/www.europesays.com\/it\/wp-json\/wp\/v2\/users\/3"}],"replies":[{"embeddable":true,"href":"https:\/\/www.europesays.com\/it\/wp-json\/wp\/v2\/comments?post=273212"}],"version-history":[{"count":0,"href":"https:\/\/www.europesays.com\/it\/wp-json\/wp\/v2\/posts\/273212\/revisions"}],"wp:featuredmedia":[{"embeddable":true,"href":"https:\/\/www.europesays.com\/it\/wp-json\/wp\/v2\/media\/273213"}],"wp:attachment":[{"href":"https:\/\/www.europesays.com\/it\/wp-json\/wp\/v2\/media?parent=273212"}],"wp:term":[{"taxonomy":"category","embeddable":true,"href":"https:\/\/www.europesays.com\/it\/wp-json\/wp\/v2\/categories?post=273212"},{"taxonomy":"post_tag","embeddable":true,"href":"https:\/\/www.europesays.com\/it\/wp-json\/wp\/v2\/tags?post=273212"}],"curies":[{"name":"wp","href":"https:\/\/api.w.org\/{rel}","templated":true}]}}