{"id":273981,"date":"2025-12-23T11:30:14","date_gmt":"2025-12-23T11:30:14","guid":{"rendered":"https:\/\/www.europesays.com\/it\/273981\/"},"modified":"2025-12-23T11:30:14","modified_gmt":"2025-12-23T11:30:14","slug":"chi-e-marco-ottolini-il-nuovo-ds-del-club-bianconero","status":"publish","type":"post","link":"https:\/\/www.europesays.com\/it\/273981\/","title":{"rendered":"chi \u00e8 Marco Ottolini, il nuovo ds del club bianconero\u00a0"},"content":{"rendered":"<p>Dopo 4 stagioni in bianconero, <strong>nel luglio del 2022 lascia la Juventus<\/strong> per diventare il <strong>nuovo direttore sportivo del<\/strong> <strong>Genoa<\/strong>, carica mantenuta fino allo scorso <strong>31 ottobre<\/strong>, quando le strade con i rossoblu si sono separate. Nel corso della sua esperienza in Liguria, oltre alla promozione in Serie A, Ottolini <strong>ha contribuito anche al lancio e alla valorizzazione di alcuni giocatori<\/strong> che hanno fatto la differenza in prima squadra. Tra questi ci sono profili come\u00a0Dragusin, Josep Martinez, De Winter, Retegui e Martin. Ora, a distanza di poco pi\u00f9 di tre anni, Ottolini \u00e8 pronto a tornare alla Juventus, ma questa volta con un ruolo pi\u00f9 incisivo e concreto: sar\u00e0 lui ad\u00a0affiancare Damien Comolli e Fran\u00e7ois Modesto in dirigenza, <strong>con l&#8217;obiettivo di riportare i bianconeri a vincere il prima possibile<\/strong>, ma in maniera sostenibile.\u00a0<\/p>\n","protected":false},"excerpt":{"rendered":"Dopo 4 stagioni in bianconero, nel luglio del 2022 lascia la Juventus per diventare il nuovo direttore sportivo&hellip;\n","protected":false},"author":3,"featured_media":273982,"comment_status":"","ping_status":"","sticky":false,"template":"","format":"standard","meta":{"footnotes":""},"categories":[1452],"tags":[721,1740,1537,90,89,1739,245,244],"class_list":{"0":"post-273981","1":"post","2":"type-post","3":"status-publish","4":"format-standard","5":"has-post-thumbnail","7":"category-calcio","8":"tag-calcio","9":"tag-football","10":"tag-it","11":"tag-italia","12":"tag-italy","13":"tag-soccer","14":"tag-sport","15":"tag-sports"},"share_on_mastodon":{"url":"https:\/\/pubeurope.com\/@it\/115768657612430683","error":""},"_links":{"self":[{"href":"https:\/\/www.europesays.com\/it\/wp-json\/wp\/v2\/posts\/273981","targetHints":{"allow":["GET"]}}],"collection":[{"href":"https:\/\/www.europesays.com\/it\/wp-json\/wp\/v2\/posts"}],"about":[{"href":"https:\/\/www.europesays.com\/it\/wp-json\/wp\/v2\/types\/post"}],"author":[{"embeddable":true,"href":"https:\/\/www.europesays.com\/it\/wp-json\/wp\/v2\/users\/3"}],"replies":[{"embeddable":true,"href":"https:\/\/www.europesays.com\/it\/wp-json\/wp\/v2\/comments?post=273981"}],"version-history":[{"count":0,"href":"https:\/\/www.europesays.com\/it\/wp-json\/wp\/v2\/posts\/273981\/revisions"}],"wp:featuredmedia":[{"embeddable":true,"href":"https:\/\/www.europesays.com\/it\/wp-json\/wp\/v2\/media\/273982"}],"wp:attachment":[{"href":"https:\/\/www.europesays.com\/it\/wp-json\/wp\/v2\/media?parent=273981"}],"wp:term":[{"taxonomy":"category","embeddable":true,"href":"https:\/\/www.europesays.com\/it\/wp-json\/wp\/v2\/categories?post=273981"},{"taxonomy":"post_tag","embeddable":true,"href":"https:\/\/www.europesays.com\/it\/wp-json\/wp\/v2\/tags?post=273981"}],"curies":[{"name":"wp","href":"https:\/\/api.w.org\/{rel}","templated":true}]}}