{"id":274225,"date":"2025-12-23T15:08:12","date_gmt":"2025-12-23T15:08:12","guid":{"rendered":"https:\/\/www.europesays.com\/it\/274225\/"},"modified":"2025-12-23T15:08:12","modified_gmt":"2025-12-23T15:08:12","slug":"chiara-francini-bellissimo-lavorare-con-lei","status":"publish","type":"post","link":"https:\/\/www.europesays.com\/it\/274225\/","title":{"rendered":"Chiara Francini? Bellissimo lavorare con lei"},"content":{"rendered":"<p><strong>Giorgio Marchesi<\/strong> e <strong>Chiara Francini<\/strong> formano la coppia pi\u00f9 scoppiettante, divertente e profonda, di questo capodanno. I due sono infatti protagonisti del film La Voce di Cupido, del regista Ago Panini, che va in onda in prima serata su Rai 1 il 30 dicembre.<\/p>\n<p>Un road movie, girato in Calabria, dall\u2019atmosfera quasi magica che richiama i classici road movie americani ma \u00e8 le storie piene d\u2019amore, quelle che tutti sogniamo, specialmente durante le Feste.<\/p>\n<p>E poi i protagonisti de <strong>La Voce di Cupido <\/strong>sono eccezionali. <strong>Giorgio Marchesi<\/strong> \u00e8 uno degli artisti italiani pi\u00f9 amati dal pubblico, con un curriculum da star tra spettacoli teatrali, film e fiction di successo, come <strong>Studio Battaglia<\/strong> (<a href=\"https:\/\/dilei.it\/interviste\/giorgio-marchesi-amo-lavorare-con-molte-donne-bobulova-e-serena-rossi-magnifiche\/1130575\/\" rel=\"nofollow noopener\" target=\"_blank\">leggi la nostra intervista<\/a>), Un Medico in famiglia, <a href=\"https:\/\/dilei.it\/spettacolo\/un-passo-dal-cielo-7-fa-il-botto-giorgio-marchesi-e-luomo-degli-orsi-e-guerra\/1267307\/\" rel=\"nofollow noopener\" target=\"_blank\">Un passo dal cielo 7<\/a>, La sposa.<\/p>\n<p>Giorgio ci ha raccontato quanto sia stato fantastico lavorare con Chiara Francini e perch\u00e9 La Voce di Cupido \u00e8 il film perfetto per la fine dell\u2019anno (e non solo).<\/p>\n<p><strong>Ne La Voce di Cupido interpreti Lucio, ci racconti del tuo personaggio?<\/strong><br \/>Lucio \u00e8 un personaggio che mi ha colpito subito perch\u00e9 rappresenta qualcosa di nuovo. Per la prima volta, almeno per quanto mi risulti, viene raccontata la figura di un podcaster. \u00c8 un uomo che ha finalmente trovato il suo canale espressivo: raccontare storie. Probabilmente ha provato altre strade artistiche prima, ma questa \u00e8 quella che gli permette di essere davvero se stesso.<br \/>Il suo podcast parla d\u2019amore, ed \u00e8 proprio questo tema a renderlo molto seguito, molto amato. Ho immaginato Lucio guardando ai grandi podcaster contemporanei, quelli che creano un rapporto di affezione fortissimo con chi li ascolta. Anche io, come ascoltatore, vivo il podcast quasi come una compagnia quotidiana.<\/p>\n<p><strong>Eppure, proprio quando sembra aver trovato il suo equilibrio, qualcosa si spezza\u2026<\/strong><br \/>S\u00ec, perch\u00e9 Lucio \u00e8 molto stressato. Il lavoro, le aspettative, la pressione del successo\u2026 tutto questo inizia a manifestarsi fisicamente, soprattutto attraverso la voce. Ed \u00e8 significativo, perch\u00e9 la voce \u00e8 il suo strumento di lavoro principale. In alcune situazioni fondamentali per la sua professione, quella voce comincia a tradirlo.<br \/>Poi arriva l\u2019incidente, lo scontro con un camion guidato dal personaggio di Chiara Francini, Cecchi Paola. Da l\u00ec parte un viaggio forzato che diventa un viaggio di trasformazione. Entrambi i personaggi hanno qualcosa da riparare: lei deve sistemare il camion, che per lei ha un valore non solo lavorativo ma anche simbolico; lui deve rimettere insieme se stesso, perch\u00e9 ha una serata importante entro il 31 dicembre e deve affrontarla al meglio.<\/p>\n<p><strong>Il film \u00e8 ambientato proprio tra il 30 e il 31 dicembre. Questo tempo ha un valore particolare?<br \/><\/strong>Moltissimo. \u00c8 bellissimo che la storia sia collocata esattamente in quei giorni. Il 30 dicembre \u00e8 un momento di attesa, di bilancio, di passaggio. Il giorno dopo c\u2019\u00e8 qualcosa che deve accadere, e questo crea una tensione narrativa molto forte. \u00c8 come se il tempo stesso obbligasse i personaggi a fare i conti con ci\u00f2 che sono e con ci\u00f2 che vogliono diventare.<\/p>\n<p><strong>Possiamo definire La Voce di Cupido un road movie?<\/strong><br \/>Direi proprio di s\u00ec. C\u2019\u00e8 molta strada, molto camion, e soprattutto dei paesaggi straordinari. Abbiamo girato in Calabria, una Calabria molto selvaggia e bellissima. Abbiamo girato lo scorso inverno e a un certo punto nevicava. Questo ha dato al film un\u2019atmosfera quasi magica.<br \/>Il viaggio fisico diventa il pretesto per un viaggio interiore. Insieme a loro incontriamo anche il personaggio interpretato da Michele Rosiello [che interpreta Carlo, un autista di NCC, ndr], e questi tre individui cos\u00ec diversi, quasi bislacchi, si ritrovano a fare un tratto di strada insieme. Ognuno ha una forza esteriore, ma anche delle grandi voragini interiori.<\/p>\n<p><strong>Paola, il personaggio di Chiara Francini, si innamora della voce di Lucio. Questo rimanda a grandi storie romantiche del cinema, ho pensato a Insonnia d\u2019amore dove Meg Ryan s\u2019innamora di Tom Hanks sentendo la sua voce alla radio. Possiamo parlare di una favola moderna?<\/strong><br \/>Assolutamente s\u00ec. \u00c8 una favola romantica e il contesto natalizio amplifica questa dimensione. Anche la messa in scena contribuisce: in alcuni momenti non sembra nemmeno di essere in Italia.<br \/>Il regista Ago Panini ha inserito un immaginario quasi americano, tra camion, strade infinite e atmosfere sospese. \u00c8 una favola con delle sorprese, alcune davvero molto importanti, che spiazzano lo spettatore.<\/p>\n<p><strong>Com\u2019\u00e8 stato lavorare con <a href=\"https:\/\/dilei.it\/star-e-vip\/chiara-francini\/\" rel=\"nofollow noopener\" target=\"_blank\">Chiara Francini<\/a>?<\/strong><br \/>Molto bello. Non ci conoscevamo, avevamo solo amici in comune. Lavorare lontano da casa crea una dimensione particolare, pi\u00f9 intensa e questo aiuta molto. Chiara \u00e8 perfetta per quel ruolo, si \u00e8 divertita tantissimo e ha portato moltissime idee.<br \/>\u00c8 una donna molto colta, usa parole altissime, ma allo stesso tempo ama abbassare il registro, alternare, giocare. Questa combinazione rende il personaggio vivo, divertente e profondamente umano. In scena ci siamo concessi anche momenti di improvvisazione che poi ovviamente non sempre possono restare nel montaggio, ma che arricchiscono il lavoro.<\/p>\n<p><strong>A Capodanno lavorerai o ti concederai una pausa?<\/strong><br \/>No, a Capodanno non lavoro. Me ne vado via. Mi piace essere in mezzo alla strada, in una citt\u00e0 che non \u00e8 la mia. Quest\u2019anno andr\u00f2 al freddo: Austria, poi Sofia, e infine qualche giorno in campagna vicino Roma per recuperare le energie.<\/p>\n<p><strong>Il 2026 si preannuncia molto intenso per te: la seconda stagione di Vanina per Mediaset, Il commissario Buonvino per la Rai e poi il teatro in primavera con L\u2019amante\u2026<\/strong><br \/>S\u00ec, ci sono tanti impegni: nuove serie, teatro, uno spettacolo nuovo che si incastrer\u00e0 con le ultime date de Il fu Mattia Pascal. L\u2019inizio dell\u2019anno sar\u00e0 molto scoppiettante.<br \/>Poi c\u2019\u00e8 sempre l\u2019attesa dell\u2019uscita dei lavori, il desiderio di vederli andare in onda. E c\u2019\u00e8 la promozione, che richiede tempo ed energia, ma \u00e8 anche fondamentale perch\u00e9 permette di raccontare i personaggi e i progetti, di dare loro un\u2019anima pubblica.<\/p>\n<p>La Voce di Cupido, trama<\/p>\n<p><strong>La Voce di Cupido<\/strong>, con <strong>Chiara Francini<\/strong>, <strong>Giorgio Marchesi<\/strong> e <strong>Michele Rosiello<\/strong>, per la regia di <strong>Ago Panini<\/strong> Racconta la storia di <strong>Paola<\/strong>, camionista che a pochi giorni dal Capodanno sta per vincere un\u2019importante gara nazionale. Paola non ha peli sulla lingua e si ostina a trattare con sarcasmo\u00a0Carlo, un raffinato conducente di NCC. Ma in lei si nasconde un\u2019anima sensibile: \u00e8 innamorata della voce di\u00a0Lucio Ricci e del suo podcast La Voce di Cupido. Ed ecco che una mattina Paola fa un incidente proprio con\u2026 Lucio! Inizia cos\u00ec un viaggio esilarante tra Paola, Carlo e Lucio, un triangolo sbilenco, alla ricerca di un pezzo per riparare il camion di Paola e soprattutto per ricomporre i pezzi del suo cuore.<\/p>\n<p>\u00a0<\/p>\n","protected":false},"excerpt":{"rendered":"Giorgio Marchesi e Chiara Francini formano la coppia pi\u00f9 scoppiettante, divertente e profonda, di questo capodanno. I due&hellip;\n","protected":false},"author":3,"featured_media":274226,"comment_status":"","ping_status":"","sticky":false,"template":"","format":"standard","meta":{"footnotes":""},"categories":[1451],"tags":[82649,1621,1620,161282,640,203,161283,6272,204,1537,90,89],"class_list":{"0":"post-274225","1":"post","2":"type-post","3":"status-publish","4":"format-standard","5":"has-post-thumbnail","7":"category-celebrita","8":"tag-capodanno","9":"tag-celebrita","10":"tag-celebrities","11":"tag-chiara-francini","12":"tag-cinema","13":"tag-entertainment","14":"tag-giorgio-marchesi","15":"tag-interviste","16":"tag-intrattenimento","17":"tag-it","18":"tag-italia","19":"tag-italy"},"share_on_mastodon":{"url":"https:\/\/pubeurope.com\/@it\/115769514580442960","error":""},"_links":{"self":[{"href":"https:\/\/www.europesays.com\/it\/wp-json\/wp\/v2\/posts\/274225","targetHints":{"allow":["GET"]}}],"collection":[{"href":"https:\/\/www.europesays.com\/it\/wp-json\/wp\/v2\/posts"}],"about":[{"href":"https:\/\/www.europesays.com\/it\/wp-json\/wp\/v2\/types\/post"}],"author":[{"embeddable":true,"href":"https:\/\/www.europesays.com\/it\/wp-json\/wp\/v2\/users\/3"}],"replies":[{"embeddable":true,"href":"https:\/\/www.europesays.com\/it\/wp-json\/wp\/v2\/comments?post=274225"}],"version-history":[{"count":0,"href":"https:\/\/www.europesays.com\/it\/wp-json\/wp\/v2\/posts\/274225\/revisions"}],"wp:featuredmedia":[{"embeddable":true,"href":"https:\/\/www.europesays.com\/it\/wp-json\/wp\/v2\/media\/274226"}],"wp:attachment":[{"href":"https:\/\/www.europesays.com\/it\/wp-json\/wp\/v2\/media?parent=274225"}],"wp:term":[{"taxonomy":"category","embeddable":true,"href":"https:\/\/www.europesays.com\/it\/wp-json\/wp\/v2\/categories?post=274225"},{"taxonomy":"post_tag","embeddable":true,"href":"https:\/\/www.europesays.com\/it\/wp-json\/wp\/v2\/tags?post=274225"}],"curies":[{"name":"wp","href":"https:\/\/api.w.org\/{rel}","templated":true}]}}